{"id":39984,"date":"2014-09-15T18:26:56","date_gmt":"2014-09-15T21:26:56","guid":{"rendered":"http:\/\/aconteceunovale.com.br\/portal\/?p=39984"},"modified":"2026-09-02T13:43:52","modified_gmt":"2026-09-02T16:43:52","slug":"morador-de-rubim-no-vale-do-jequitinhonha-morre-em-acidente-no-triangulo-mineiro","status":"publish","type":"post","link":"https:\/\/aconteceunovale.com.br\/portal\/?p=39984","title":{"rendered":"Morador de Rubim, no Vale do Jequitinhonha, morre em acidente no Tri\u00e2ngulo Mineiro"},"content":{"rendered":"<p>Um acidente entre dois ve\u00edculos utilit\u00e1rios deixou uma pessoa morta e duas feridas na BR-452, pr\u00f3ximo a antiga Coalbra, em Uberl\u00e2ndia. De acordo com o Corpo de Bombeiros, uma caminhonete com placa do Paraguai se chocou na lateral de outra caminhonete, placa de Uberl\u00e2ndia, e a fez capotar.<\/p>\n<p>O motorista do ve\u00edculo do pa\u00eds vizinho, cujo nome e idade n\u00e3o foram informados, n\u00e3o se feriu e dispensou atendimento m\u00e9dico. J\u00e1 os tr\u00eas ocupantes da caminhonete de Uberl\u00e2ndia ficaram gravemente feridos, com traumatismo cr\u00e2nio-encef\u00e1lico. O motorista Marcelo Napole\u00e3o Lacerda, morador de Rubim, no Vale do Jequitinhonha, tamb\u00e9m teve parada cardiorrespirat\u00f3ria e foi a \u00f3bito. Todos foram encaminhados ao Pronto Socorro do Hospital de Cl\u00ednicas da Universidade Federal de Uberl\u00e2ndia (PS\/HC-UFU).<\/p>\n<p><iframe loading=\"lazy\" width=\"640\" height=\"480\" src=\"\/\/www.youtube.com\/embed\/yJA_CW97j44\" frameborder=\"0\" allowfullscreen><\/iframe><\/p>\n<p>De acordo com o Coronel Felipe Aidar, comandante do 2\u00ba Comando Operacional do Interior do Corpo de Bombeiros, os passageiros da caminhonete estavam fora do ve\u00edculo quando a equipe chegou para socorrer. \u201cN\u00e3o sabemos se eles sa\u00edram ou se foram arremessados, porque eles estavam inconscientes\u201d, disse. Segundo ele, n\u00e3o foi poss\u00edvel precisar a dire\u00e7\u00e3o em que seguia cada um dos carros. Aidar tamb\u00e9m n\u00e3o soube informar detalhes sobre o ve\u00edculo com placa do Paraguai.<\/p>\n<p>Marcelo Napole\u00e3o Lacerda, condutor da caminhonete, n\u00e3o resistiu aos ferimentos e morreu no HC-UFU. Um segundo ocupante deste mesmo ve\u00edculo segue em estado est\u00e1vel, apesar do traumatismo cranioencef\u00e1lico, e passa por avalia\u00e7\u00e3o. O estado de sa\u00fade da terceira v\u00edtima n\u00e3o foi divulgado. (Correio de Uberl\u00e2ndia)<\/p>\n","protected":false},"excerpt":{"rendered":"<p>Um acidente entre dois ve\u00edculos utilit\u00e1rios deixou uma pessoa morta e duas feridas na BR-452, pr\u00f3ximo a antiga Coalbra, em Uberl\u00e2ndia. De acordo com o Corpo de Bombeiros, uma caminhonete com placa do Paraguai se chocou na lateral de outra caminhonete, placa de Uberl\u00e2ndia, e a fez capotar. O motorista do ve\u00edculo do pa\u00eds vizinho, [&hellip;]<\/p>\n","protected":false},"author":1,"featured_media":39985,"comment_status":"open","ping_status":"closed","sticky":false,"template":"","format":"standard","meta":{"amp_status":"","footnotes":""},"categories":[272570,120],"tags":[16135,16136,16134,16137,407],"class_list":["post-39984","post","type-post","status-publish","format-standard","has-post-thumbnail","hentry","category-rubim","category-jequi","tag-acidente-com-marcelo-napoleao-lacerda","tag-acidente-com-morador-de-rubim","tag-marcelo-napoleao-lacerda","tag-morador-de-rubim-morre-em-acidente-no-triangulo-mineiro","tag-rubim"],"yoast_head":"<!-- This site is optimized with the Yoast SEO plugin v28.3 - https:\/\/yoast.com\/product\/yoast-seo-wordpress\/ -->\n<title>Morador de Rubim, no Vale do Jequitinhonha, morre em acidente no Tri\u00e2ngulo Mineiro - Aconteceu no Vale<\/title>\n<meta name=\"robots\" content=\"index, follow, max-snippet:-1, max-image-preview:large, max-video-preview:-1\" \/>\n<link rel=\"canonical\" href=\"https:\/\/aconteceunovale.com.br\/portal\/?p=39984\" \/>\n<meta property=\"og:locale\" content=\"pt_BR\" \/>\n<meta property=\"og:type\" content=\"article\" \/>\n<meta property=\"og:title\" content=\"Morador de Rubim, no Vale do Jequitinhonha, morre em acidente no Tri\u00e2ngulo Mineiro - Aconteceu no Vale\" \/>\n<meta property=\"og:description\" content=\"Um acidente entre dois ve\u00edculos utilit\u00e1rios deixou uma pessoa morta e duas feridas na BR-452, pr\u00f3ximo a antiga Coalbra, em Uberl\u00e2ndia. De acordo com o Corpo de Bombeiros, uma caminhonete com placa do Paraguai se chocou na lateral de outra caminhonete, placa de Uberl\u00e2ndia, e a fez capotar. O motorista do ve\u00edculo do pa\u00eds vizinho, [&hellip;]\" \/>\n<meta property=\"og:url\" content=\"https:\/\/aconteceunovale.com.br\/portal\/?p=39984\" \/>\n<meta property=\"og:site_name\" content=\"Aconteceu no Vale\" \/>\n<meta property=\"article:publisher\" content=\"https:\/\/www.facebook.com\/aconteceunovale\/\" \/>\n<meta property=\"article:published_time\" content=\"2014-09-15T21:26:56+00:00\" \/>\n<meta property=\"article:modified_time\" content=\"2026-09-02T16:43:52+00:00\" \/>\n<meta property=\"og:image\" content=\"https:\/\/aconteceunovale.com.br\/portal\/wp-content\/uploads\/2014\/09\/acidente_morador_de_rubim.jpg\" \/>\n\t<meta property=\"og:image:width\" content=\"600\" \/>\n\t<meta property=\"og:image:height\" content=\"400\" \/>\n\t<meta property=\"og:image:type\" content=\"image\/jpeg\" \/>\n<meta name=\"author\" content=\"Aconteceu no Vale\" \/>\n<meta name=\"twitter:card\" content=\"summary_large_image\" \/>\n<meta name=\"twitter:creator\" content=\"@noticiadosvales\" \/>\n<meta name=\"twitter:site\" content=\"@noticiadosvales\" \/>\n<meta name=\"twitter:label1\" content=\"Escrito por\" \/>\n\t<meta name=\"twitter:data1\" content=\"Aconteceu no Vale\" \/>\n\t<meta name=\"twitter:label2\" content=\"Est. tempo de leitura\" \/>\n\t<meta name=\"twitter:data2\" content=\"1 minuto\" \/>\n<script type=\"application\/ld+json\" class=\"yoast-schema-graph\">{\"@context\":\"https:\\\/\\\/schema.org\",\"@graph\":[{\"@type\":\"Article\",\"@id\":\"https:\\\/\\\/aconteceunovale.com.br\\\/portal\\\/?p=39984#article\",\"isPartOf\":{\"@id\":\"https:\\\/\\\/aconteceunovale.com.br\\\/portal\\\/?p=39984\"},\"author\":{\"name\":\"Aconteceu no Vale\",\"@id\":\"https:\\\/\\\/aconteceunovale.com.br\\\/portal\\\/#\\\/schema\\\/person\\\/633529146f2c94272bef50ac2953d589\"},\"headline\":\"Morador de Rubim, no Vale do Jequitinhonha, morre em acidente no Tri\u00e2ngulo Mineiro\",\"datePublished\":\"2014-09-15T21:26:56+00:00\",\"dateModified\":\"2026-09-02T16:43:52+00:00\",\"mainEntityOfPage\":{\"@id\":\"https:\\\/\\\/aconteceunovale.com.br\\\/portal\\\/?p=39984\"},\"wordCount\":290,\"commentCount\":0,\"image\":{\"@id\":\"https:\\\/\\\/aconteceunovale.com.br\\\/portal\\\/?p=39984#primaryimage\"},\"thumbnailUrl\":\"https:\\\/\\\/aconteceunovale.com.br\\\/portal\\\/wp-content\\\/uploads\\\/2014\\\/09\\\/acidente_morador_de_rubim.jpg\",\"keywords\":[\"acidente com Marcelo Napole\u00e3o Lacerda\",\"acidente com morador de rubim\",\"Marcelo Napole\u00e3o Lacerda\",\"Morador de Rubim morre em acidente no Tri\u00e2ngulo Mineiro\",\"Rubim\"],\"articleSection\":[\"Rubim\",\"Vale do Jequitinhonha\"],\"inLanguage\":\"pt-BR\",\"potentialAction\":[{\"@type\":\"CommentAction\",\"name\":\"Comment\",\"target\":[\"https:\\\/\\\/aconteceunovale.com.br\\\/portal\\\/?p=39984#respond\"]}]},{\"@type\":\"WebPage\",\"@id\":\"https:\\\/\\\/aconteceunovale.com.br\\\/portal\\\/?p=39984\",\"url\":\"https:\\\/\\\/aconteceunovale.com.br\\\/portal\\\/?p=39984\",\"name\":\"Morador de Rubim, no Vale do Jequitinhonha, morre em acidente no Tri\u00e2ngulo Mineiro - Aconteceu no Vale\",\"isPartOf\":{\"@id\":\"https:\\\/\\\/aconteceunovale.com.br\\\/portal\\\/#website\"},\"primaryImageOfPage\":{\"@id\":\"https:\\\/\\\/aconteceunovale.com.br\\\/portal\\\/?p=39984#primaryimage\"},\"image\":{\"@id\":\"https:\\\/\\\/aconteceunovale.com.br\\\/portal\\\/?p=39984#primaryimage\"},\"thumbnailUrl\":\"https:\\\/\\\/aconteceunovale.com.br\\\/portal\\\/wp-content\\\/uploads\\\/2014\\\/09\\\/acidente_morador_de_rubim.jpg\",\"datePublished\":\"2014-09-15T21:26:56+00:00\",\"dateModified\":\"2026-09-02T16:43:52+00:00\",\"author\":{\"@id\":\"https:\\\/\\\/aconteceunovale.com.br\\\/portal\\\/#\\\/schema\\\/person\\\/633529146f2c94272bef50ac2953d589\"},\"breadcrumb\":{\"@id\":\"https:\\\/\\\/aconteceunovale.com.br\\\/portal\\\/?p=39984#breadcrumb\"},\"inLanguage\":\"pt-BR\",\"potentialAction\":[{\"@type\":\"ReadAction\",\"target\":[\"https:\\\/\\\/aconteceunovale.com.br\\\/portal\\\/?p=39984\"]}]},{\"@type\":\"ImageObject\",\"inLanguage\":\"pt-BR\",\"@id\":\"https:\\\/\\\/aconteceunovale.com.br\\\/portal\\\/?p=39984#primaryimage\",\"url\":\"https:\\\/\\\/aconteceunovale.com.br\\\/portal\\\/wp-content\\\/uploads\\\/2014\\\/09\\\/acidente_morador_de_rubim.jpg\",\"contentUrl\":\"https:\\\/\\\/aconteceunovale.com.br\\\/portal\\\/wp-content\\\/uploads\\\/2014\\\/09\\\/acidente_morador_de_rubim.jpg\",\"width\":600,\"height\":400},{\"@type\":\"BreadcrumbList\",\"@id\":\"https:\\\/\\\/aconteceunovale.com.br\\\/portal\\\/?p=39984#breadcrumb\",\"itemListElement\":[{\"@type\":\"ListItem\",\"position\":1,\"name\":\"In\u00edcio\",\"item\":\"https:\\\/\\\/aconteceunovale.com.br\\\/portal\\\/\"},{\"@type\":\"ListItem\",\"position\":2,\"name\":\"Morador de Rubim, no Vale do Jequitinhonha, morre em acidente no Tri\u00e2ngulo Mineiro\"}]},{\"@type\":\"WebSite\",\"@id\":\"https:\\\/\\\/aconteceunovale.com.br\\\/portal\\\/#website\",\"url\":\"https:\\\/\\\/aconteceunovale.com.br\\\/portal\\\/\",\"name\":\"Aconteceu no Vale\",\"description\":\"Portal de Not\u00edcias\",\"potentialAction\":[{\"@type\":\"SearchAction\",\"target\":{\"@type\":\"EntryPoint\",\"urlTemplate\":\"https:\\\/\\\/aconteceunovale.com.br\\\/portal\\\/?s={search_term_string}\"},\"query-input\":{\"@type\":\"PropertyValueSpecification\",\"valueRequired\":true,\"valueName\":\"search_term_string\"}}],\"inLanguage\":\"pt-BR\"},{\"@type\":\"Person\",\"@id\":\"https:\\\/\\\/aconteceunovale.com.br\\\/portal\\\/#\\\/schema\\\/person\\\/633529146f2c94272bef50ac2953d589\",\"name\":\"Aconteceu no Vale\",\"description\":\"Equipe de reportagem do Aconteceu no Vale, portal de not\u00edcias do Vale do Jequitinhonha, em Minas Gerais. Cobrimos as 51 cidades do Vale desde 2013. Sugest\u00f5es de pauta e pedidos de corre\u00e7\u00e3o: contato@aconteceunovale.com.br\",\"sameAs\":[\"http:\\\/\\\/www.aconteceunovale.com.br\"],\"url\":\"https:\\\/\\\/aconteceunovale.com.br\\\/portal\\\/?author=1\"}]}<\/script>\n<!-- \/ Yoast SEO plugin. -->","yoast_head_json":{"title":"Morador de Rubim, no Vale do Jequitinhonha, morre em acidente no Tri\u00e2ngulo Mineiro - Aconteceu no Vale","robots":{"index":"index","follow":"follow","max-snippet":"max-snippet:-1","max-image-preview":"max-image-preview:large","max-video-preview":"max-video-preview:-1"},"canonical":"https:\/\/aconteceunovale.com.br\/portal\/?p=39984","og_locale":"pt_BR","og_type":"article","og_title":"Morador de Rubim, no Vale do Jequitinhonha, morre em acidente no Tri\u00e2ngulo Mineiro - Aconteceu no Vale","og_description":"Um acidente entre dois ve\u00edculos utilit\u00e1rios deixou uma pessoa morta e duas feridas na BR-452, pr\u00f3ximo a antiga Coalbra, em Uberl\u00e2ndia. De acordo com o Corpo de Bombeiros, uma caminhonete com placa do Paraguai se chocou na lateral de outra caminhonete, placa de Uberl\u00e2ndia, e a fez capotar. O motorista do ve\u00edculo do pa\u00eds vizinho, [&hellip;]","og_url":"https:\/\/aconteceunovale.com.br\/portal\/?p=39984","og_site_name":"Aconteceu no Vale","article_publisher":"https:\/\/www.facebook.com\/aconteceunovale\/","article_published_time":"2014-09-15T21:26:56+00:00","article_modified_time":"2026-09-02T16:43:52+00:00","og_image":[{"width":600,"height":400,"url":"https:\/\/aconteceunovale.com.br\/portal\/wp-content\/uploads\/2014\/09\/acidente_morador_de_rubim.jpg","type":"image\/jpeg"}],"author":"Aconteceu no Vale","twitter_card":"summary_large_image","twitter_creator":"@noticiadosvales","twitter_site":"@noticiadosvales","twitter_misc":{"Escrito por":"Aconteceu no Vale","Est. tempo de leitura":"1 minuto"},"schema":{"@context":"https:\/\/schema.org","@graph":[{"@type":"Article","@id":"https:\/\/aconteceunovale.com.br\/portal\/?p=39984#article","isPartOf":{"@id":"https:\/\/aconteceunovale.com.br\/portal\/?p=39984"},"author":{"name":"Aconteceu no Vale","@id":"https:\/\/aconteceunovale.com.br\/portal\/#\/schema\/person\/633529146f2c94272bef50ac2953d589"},"headline":"Morador de Rubim, no Vale do Jequitinhonha, morre em acidente no Tri\u00e2ngulo Mineiro","datePublished":"2014-09-15T21:26:56+00:00","dateModified":"2026-09-02T16:43:52+00:00","mainEntityOfPage":{"@id":"https:\/\/aconteceunovale.com.br\/portal\/?p=39984"},"wordCount":290,"commentCount":0,"image":{"@id":"https:\/\/aconteceunovale.com.br\/portal\/?p=39984#primaryimage"},"thumbnailUrl":"https:\/\/aconteceunovale.com.br\/portal\/wp-content\/uploads\/2014\/09\/acidente_morador_de_rubim.jpg","keywords":["acidente com Marcelo Napole\u00e3o Lacerda","acidente com morador de rubim","Marcelo Napole\u00e3o Lacerda","Morador de Rubim morre em acidente no Tri\u00e2ngulo Mineiro","Rubim"],"articleSection":["Rubim","Vale do Jequitinhonha"],"inLanguage":"pt-BR","potentialAction":[{"@type":"CommentAction","name":"Comment","target":["https:\/\/aconteceunovale.com.br\/portal\/?p=39984#respond"]}]},{"@type":"WebPage","@id":"https:\/\/aconteceunovale.com.br\/portal\/?p=39984","url":"https:\/\/aconteceunovale.com.br\/portal\/?p=39984","name":"Morador de Rubim, no Vale do Jequitinhonha, morre em acidente no Tri\u00e2ngulo Mineiro - Aconteceu no Vale","isPartOf":{"@id":"https:\/\/aconteceunovale.com.br\/portal\/#website"},"primaryImageOfPage":{"@id":"https:\/\/aconteceunovale.com.br\/portal\/?p=39984#primaryimage"},"image":{"@id":"https:\/\/aconteceunovale.com.br\/portal\/?p=39984#primaryimage"},"thumbnailUrl":"https:\/\/aconteceunovale.com.br\/portal\/wp-content\/uploads\/2014\/09\/acidente_morador_de_rubim.jpg","datePublished":"2014-09-15T21:26:56+00:00","dateModified":"2026-09-02T16:43:52+00:00","author":{"@id":"https:\/\/aconteceunovale.com.br\/portal\/#\/schema\/person\/633529146f2c94272bef50ac2953d589"},"breadcrumb":{"@id":"https:\/\/aconteceunovale.com.br\/portal\/?p=39984#breadcrumb"},"inLanguage":"pt-BR","potentialAction":[{"@type":"ReadAction","target":["https:\/\/aconteceunovale.com.br\/portal\/?p=39984"]}]},{"@type":"ImageObject","inLanguage":"pt-BR","@id":"https:\/\/aconteceunovale.com.br\/portal\/?p=39984#primaryimage","url":"https:\/\/aconteceunovale.com.br\/portal\/wp-content\/uploads\/2014\/09\/acidente_morador_de_rubim.jpg","contentUrl":"https:\/\/aconteceunovale.com.br\/portal\/wp-content\/uploads\/2014\/09\/acidente_morador_de_rubim.jpg","width":600,"height":400},{"@type":"BreadcrumbList","@id":"https:\/\/aconteceunovale.com.br\/portal\/?p=39984#breadcrumb","itemListElement":[{"@type":"ListItem","position":1,"name":"In\u00edcio","item":"https:\/\/aconteceunovale.com.br\/portal\/"},{"@type":"ListItem","position":2,"name":"Morador de Rubim, no Vale do Jequitinhonha, morre em acidente no Tri\u00e2ngulo Mineiro"}]},{"@type":"WebSite","@id":"https:\/\/aconteceunovale.com.br\/portal\/#website","url":"https:\/\/aconteceunovale.com.br\/portal\/","name":"Aconteceu no Vale","description":"Portal de Not\u00edcias","potentialAction":[{"@type":"SearchAction","target":{"@type":"EntryPoint","urlTemplate":"https:\/\/aconteceunovale.com.br\/portal\/?s={search_term_string}"},"query-input":{"@type":"PropertyValueSpecification","valueRequired":true,"valueName":"search_term_string"}}],"inLanguage":"pt-BR"},{"@type":"Person","@id":"https:\/\/aconteceunovale.com.br\/portal\/#\/schema\/person\/633529146f2c94272bef50ac2953d589","name":"Aconteceu no Vale","description":"Equipe de reportagem do Aconteceu no Vale, portal de not\u00edcias do Vale do Jequitinhonha, em Minas Gerais. Cobrimos as 51 cidades do Vale desde 2013. Sugest\u00f5es de pauta e pedidos de corre\u00e7\u00e3o: contato@aconteceunovale.com.br","sameAs":["http:\/\/www.aconteceunovale.com.br"],"url":"https:\/\/aconteceunovale.com.br\/portal\/?author=1"}]}},"_links":{"self":[{"href":"https:\/\/aconteceunovale.com.br\/portal\/index.php?rest_route=\/wp\/v2\/posts\/39984","targetHints":{"allow":["GET"]}}],"collection":[{"href":"https:\/\/aconteceunovale.com.br\/portal\/index.php?rest_route=\/wp\/v2\/posts"}],"about":[{"href":"https:\/\/aconteceunovale.com.br\/portal\/index.php?rest_route=\/wp\/v2\/types\/post"}],"author":[{"embeddable":true,"href":"https:\/\/aconteceunovale.com.br\/portal\/index.php?rest_route=\/wp\/v2\/users\/1"}],"replies":[{"embeddable":true,"href":"https:\/\/aconteceunovale.com.br\/portal\/index.php?rest_route=%2Fwp%2Fv2%2Fcomments&post=39984"}],"version-history":[{"count":1,"href":"https:\/\/aconteceunovale.com.br\/portal\/index.php?rest_route=\/wp\/v2\/posts\/39984\/revisions"}],"predecessor-version":[{"id":201758,"href":"https:\/\/aconteceunovale.com.br\/portal\/index.php?rest_route=\/wp\/v2\/posts\/39984\/revisions\/201758"}],"wp:featuredmedia":[{"embeddable":true,"href":"https:\/\/aconteceunovale.com.br\/portal\/index.php?rest_route=\/wp\/v2\/media\/39985"}],"wp:attachment":[{"href":"https:\/\/aconteceunovale.com.br\/portal\/index.php?rest_route=%2Fwp%2Fv2%2Fmedia&parent=39984"}],"wp:term":[{"taxonomy":"category","embeddable":true,"href":"https:\/\/aconteceunovale.com.br\/portal\/index.php?rest_route=%2Fwp%2Fv2%2Fcategories&post=39984"},{"taxonomy":"post_tag","embeddable":true,"href":"https:\/\/aconteceunovale.com.br\/portal\/index.php?rest_route=%2Fwp%2Fv2%2Ftags&post=39984"}],"curies":[{"name":"wp","href":"https:\/\/api.w.org\/{rel}","templated":true}]}}