{"id":39979,"date":"2014-09-15T18:06:05","date_gmt":"2014-09-15T21:06:05","guid":{"rendered":"http:\/\/aconteceunovale.com.br\/portal\/?p=39979"},"modified":"2014-09-15T18:06:05","modified_gmt":"2014-09-15T21:06:05","slug":"organizadores-do-festival-nacional-de-teatro-de-valadares-promovem-acao-para-arrecadar-doacoes","status":"publish","type":"post","link":"https:\/\/aconteceunovale.com.br\/portal\/?p=39979","title":{"rendered":"Organizadores do Festival Nacional de Teatro de Valadares promovem a\u00e7\u00e3o para arrecadar doa\u00e7\u00f5es"},"content":{"rendered":"<h4><strong><em>Objetivo \u00e9 angariar fundos para a 10\u00aa edi\u00e7\u00e3o do Festival Nacional de Teatro. Evento est\u00e1 previsto para os dias 14, 15 e 16 de novembro.<\/em><\/strong><\/h4>\n<p>A 10\u00aa edi\u00e7\u00e3o do Festival Nacional de Teatro de Governador Valadares, no Leste de Minas Gerais, s\u00f3 acontece no m\u00eas de novembro, mas nesta quarta-feira (17), os organizadores promovem uma a\u00e7\u00e3o para arrecadar fundos para o evento.<\/p>\n<p>\u201cEstamos chamando esta a\u00e7\u00e3o de &#8216;Ped\u00e1gio&#8217;. Ser\u00e1 a primeira atividade para arrecadar doa\u00e7\u00f5es e fundos para o evento. Os artistas estar\u00e3o no sinal com malabares, perna de pau e outros instrumentos circenses em prol do festival, recebendo doa\u00e7\u00f5es dos carros que passarem pelo local, al\u00e9m dos pedestres que quiseram contribuir\u201d, explica Beatriz Cantarino, respons\u00e1vel pela comunica\u00e7\u00e3o do festival.<\/p>\n<p><img decoding=\"async\" src=\"http:\/\/aconteceunovale.com.br\/portal\/wp-content\/uploads\/2014\/09\/fenta_gv.jpg\" alt=\"\" \/><em>Ator Didi Peres se apresenta em uma das edi\u00e7\u00f5es do Fenta de Valadares (Foto: Diego Souza\/G1)<\/em><br \/>\n<\/br><\/p>\n<p>O \u2018Ped\u00e1gio\u2019 vai acontecer \u00e0s 17h, na esquina entre a Avenida Minas Gerais e a Rua Marechal Floriano, no Centro de Valadares. Este ano o Fenta ser\u00e1 realizado entre os dias 14 e 16 de novembro. \u201cPara a realiza\u00e7\u00e3o do evento, o Asas do Invento juntamente com a ajuda de outros grupos locais, como o Avatar e o Arte &#038; Vida, desenvolvem a\u00e7\u00f5es que visam a produ\u00e7\u00e3o do festival\u201d, conta Beatriz.<\/p>\n<p>A Companhia de Artes Asa do Invento desenvolve trabalhos teatrais de diversos g\u00eaneros na cidade de Governador Valadares desde 1991. Os recursos financeiros s\u00e3o gerados por doa\u00e7\u00f5es e projetos culturais aprovados nas leis de incentivo a cultura. Como se trata de uma empresa sem fins lucrativos sua administra\u00e7\u00e3o n\u00e3o \u00e9 remunerada. (G1)<\/p>\n","protected":false},"excerpt":{"rendered":"<p>Objetivo \u00e9 angariar fundos para a 10\u00aa edi\u00e7\u00e3o do Festival Nacional de Teatro. Evento est\u00e1 previsto para os dias 14, 15 e 16 de novembro. A 10\u00aa edi\u00e7\u00e3o do Festival Nacional de Teatro de Governador Valadares, no Leste de Minas Gerais, s\u00f3 acontece no m\u00eas de novembro, mas nesta quarta-feira (17), os organizadores promovem uma [&hellip;]<\/p>\n","protected":false},"author":1,"featured_media":39980,"comment_status":"open","ping_status":"closed","sticky":false,"template":"","format":"standard","meta":{"amp_status":"","footnotes":""},"categories":[121],"tags":[16131,16132,16130,16129,16128],"class_list":["post-39979","post","type-post","status-publish","format-standard","has-post-thumbnail","hentry","category-leste","tag-10a-edicao-do-festival-nacional-de-teatro","tag-10a-edicao-do-festival-nacional-de-teatro-de-governador-valadares","tag-festival-nacional-de-teatro-de-governador-valadares","tag-festival-nacional-de-teatro-de-valadares","tag-organizadores-do-festival-nacional-de-teatro-de-valadares-promovem-acao-para-arrecadar-doacoes"],"yoast_head":"<!-- This site is optimized with the Yoast SEO plugin v28.3 - https:\/\/yoast.com\/product\/yoast-seo-wordpress\/ -->\n<title>Organizadores do Festival Nacional de Teatro de Valadares promovem a\u00e7\u00e3o para arrecadar doa\u00e7\u00f5es - Aconteceu no Vale<\/title>\n<meta name=\"robots\" content=\"index, follow, max-snippet:-1, max-image-preview:large, max-video-preview:-1\" \/>\n<link rel=\"canonical\" href=\"https:\/\/aconteceunovale.com.br\/portal\/?p=39979\" \/>\n<meta property=\"og:locale\" content=\"pt_BR\" \/>\n<meta property=\"og:type\" content=\"article\" \/>\n<meta property=\"og:title\" content=\"Organizadores do Festival Nacional de Teatro de Valadares promovem a\u00e7\u00e3o para arrecadar doa\u00e7\u00f5es - Aconteceu no Vale\" \/>\n<meta property=\"og:description\" content=\"Objetivo \u00e9 angariar fundos para a 10\u00aa edi\u00e7\u00e3o do Festival Nacional de Teatro. Evento est\u00e1 previsto para os dias 14, 15 e 16 de novembro. A 10\u00aa edi\u00e7\u00e3o do Festival Nacional de Teatro de Governador Valadares, no Leste de Minas Gerais, s\u00f3 acontece no m\u00eas de novembro, mas nesta quarta-feira (17), os organizadores promovem uma [&hellip;]\" \/>\n<meta property=\"og:url\" content=\"https:\/\/aconteceunovale.com.br\/portal\/?p=39979\" \/>\n<meta property=\"og:site_name\" content=\"Aconteceu no Vale\" \/>\n<meta property=\"article:publisher\" content=\"https:\/\/www.facebook.com\/aconteceunovale\/\" \/>\n<meta property=\"article:published_time\" content=\"2014-09-15T21:06:05+00:00\" \/>\n<meta property=\"og:image\" content=\"https:\/\/aconteceunovale.com.br\/portal\/wp-content\/uploads\/2014\/09\/fenta_gv.jpg\" \/>\n\t<meta property=\"og:image:width\" content=\"600\" \/>\n\t<meta property=\"og:image:height\" content=\"450\" \/>\n\t<meta property=\"og:image:type\" content=\"image\/jpeg\" \/>\n<meta name=\"author\" content=\"Aconteceu no Vale\" \/>\n<meta name=\"twitter:card\" content=\"summary_large_image\" \/>\n<meta name=\"twitter:creator\" content=\"@noticiadosvales\" \/>\n<meta name=\"twitter:site\" content=\"@noticiadosvales\" \/>\n<meta name=\"twitter:label1\" content=\"Escrito por\" \/>\n\t<meta name=\"twitter:data1\" content=\"Aconteceu no Vale\" \/>\n\t<meta name=\"twitter:label2\" content=\"Est. tempo de leitura\" \/>\n\t<meta name=\"twitter:data2\" content=\"1 minuto\" \/>\n<script type=\"application\/ld+json\" class=\"yoast-schema-graph\">{\"@context\":\"https:\\\/\\\/schema.org\",\"@graph\":[{\"@type\":\"Article\",\"@id\":\"https:\\\/\\\/aconteceunovale.com.br\\\/portal\\\/?p=39979#article\",\"isPartOf\":{\"@id\":\"https:\\\/\\\/aconteceunovale.com.br\\\/portal\\\/?p=39979\"},\"author\":{\"name\":\"Aconteceu no Vale\",\"@id\":\"https:\\\/\\\/aconteceunovale.com.br\\\/portal\\\/#\\\/schema\\\/person\\\/633529146f2c94272bef50ac2953d589\"},\"headline\":\"Organizadores do Festival Nacional de Teatro de Valadares promovem a\u00e7\u00e3o para arrecadar doa\u00e7\u00f5es\",\"datePublished\":\"2014-09-15T21:06:05+00:00\",\"mainEntityOfPage\":{\"@id\":\"https:\\\/\\\/aconteceunovale.com.br\\\/portal\\\/?p=39979\"},\"wordCount\":285,\"commentCount\":0,\"image\":{\"@id\":\"https:\\\/\\\/aconteceunovale.com.br\\\/portal\\\/?p=39979#primaryimage\"},\"thumbnailUrl\":\"https:\\\/\\\/aconteceunovale.com.br\\\/portal\\\/wp-content\\\/uploads\\\/2014\\\/09\\\/fenta_gv.jpg\",\"keywords\":[\"10\u00aa edi\u00e7\u00e3o do Festival Nacional de Teatro\",\"10\u00aa edi\u00e7\u00e3o do Festival Nacional de Teatro de Governador Valadares\",\"Festival Nacional de Teatro de Governador Valadares\",\"Festival Nacional de Teatro de Valadares\",\"Organizadores do Festival Nacional de Teatro de Valadares promovem a\u00e7\u00e3o para arrecadar doa\u00e7\u00f5es\"],\"articleSection\":[\"Leste de Minas\"],\"inLanguage\":\"pt-BR\",\"potentialAction\":[{\"@type\":\"CommentAction\",\"name\":\"Comment\",\"target\":[\"https:\\\/\\\/aconteceunovale.com.br\\\/portal\\\/?p=39979#respond\"]}]},{\"@type\":\"WebPage\",\"@id\":\"https:\\\/\\\/aconteceunovale.com.br\\\/portal\\\/?p=39979\",\"url\":\"https:\\\/\\\/aconteceunovale.com.br\\\/portal\\\/?p=39979\",\"name\":\"Organizadores do Festival Nacional de Teatro de Valadares promovem a\u00e7\u00e3o para arrecadar doa\u00e7\u00f5es - Aconteceu no Vale\",\"isPartOf\":{\"@id\":\"https:\\\/\\\/aconteceunovale.com.br\\\/portal\\\/#website\"},\"primaryImageOfPage\":{\"@id\":\"https:\\\/\\\/aconteceunovale.com.br\\\/portal\\\/?p=39979#primaryimage\"},\"image\":{\"@id\":\"https:\\\/\\\/aconteceunovale.com.br\\\/portal\\\/?p=39979#primaryimage\"},\"thumbnailUrl\":\"https:\\\/\\\/aconteceunovale.com.br\\\/portal\\\/wp-content\\\/uploads\\\/2014\\\/09\\\/fenta_gv.jpg\",\"datePublished\":\"2014-09-15T21:06:05+00:00\",\"author\":{\"@id\":\"https:\\\/\\\/aconteceunovale.com.br\\\/portal\\\/#\\\/schema\\\/person\\\/633529146f2c94272bef50ac2953d589\"},\"breadcrumb\":{\"@id\":\"https:\\\/\\\/aconteceunovale.com.br\\\/portal\\\/?p=39979#breadcrumb\"},\"inLanguage\":\"pt-BR\",\"potentialAction\":[{\"@type\":\"ReadAction\",\"target\":[\"https:\\\/\\\/aconteceunovale.com.br\\\/portal\\\/?p=39979\"]}]},{\"@type\":\"ImageObject\",\"inLanguage\":\"pt-BR\",\"@id\":\"https:\\\/\\\/aconteceunovale.com.br\\\/portal\\\/?p=39979#primaryimage\",\"url\":\"https:\\\/\\\/aconteceunovale.com.br\\\/portal\\\/wp-content\\\/uploads\\\/2014\\\/09\\\/fenta_gv.jpg\",\"contentUrl\":\"https:\\\/\\\/aconteceunovale.com.br\\\/portal\\\/wp-content\\\/uploads\\\/2014\\\/09\\\/fenta_gv.jpg\",\"width\":600,\"height\":450},{\"@type\":\"BreadcrumbList\",\"@id\":\"https:\\\/\\\/aconteceunovale.com.br\\\/portal\\\/?p=39979#breadcrumb\",\"itemListElement\":[{\"@type\":\"ListItem\",\"position\":1,\"name\":\"In\u00edcio\",\"item\":\"https:\\\/\\\/aconteceunovale.com.br\\\/portal\\\/\"},{\"@type\":\"ListItem\",\"position\":2,\"name\":\"Organizadores do Festival Nacional de Teatro de Valadares promovem a\u00e7\u00e3o para arrecadar doa\u00e7\u00f5es\"}]},{\"@type\":\"WebSite\",\"@id\":\"https:\\\/\\\/aconteceunovale.com.br\\\/portal\\\/#website\",\"url\":\"https:\\\/\\\/aconteceunovale.com.br\\\/portal\\\/\",\"name\":\"Aconteceu no Vale\",\"description\":\"Portal de Not\u00edcias\",\"potentialAction\":[{\"@type\":\"SearchAction\",\"target\":{\"@type\":\"EntryPoint\",\"urlTemplate\":\"https:\\\/\\\/aconteceunovale.com.br\\\/portal\\\/?s={search_term_string}\"},\"query-input\":{\"@type\":\"PropertyValueSpecification\",\"valueRequired\":true,\"valueName\":\"search_term_string\"}}],\"inLanguage\":\"pt-BR\"},{\"@type\":\"Person\",\"@id\":\"https:\\\/\\\/aconteceunovale.com.br\\\/portal\\\/#\\\/schema\\\/person\\\/633529146f2c94272bef50ac2953d589\",\"name\":\"Aconteceu no Vale\",\"description\":\"Equipe de reportagem do Aconteceu no Vale, portal de not\u00edcias do Vale do Jequitinhonha, em Minas Gerais. Cobrimos as 51 cidades do Vale desde 2013. Sugest\u00f5es de pauta e pedidos de corre\u00e7\u00e3o: contato@aconteceunovale.com.br\",\"sameAs\":[\"http:\\\/\\\/www.aconteceunovale.com.br\"],\"url\":\"https:\\\/\\\/aconteceunovale.com.br\\\/portal\\\/?author=1\"}]}<\/script>\n<!-- \/ Yoast SEO plugin. -->","yoast_head_json":{"title":"Organizadores do Festival Nacional de Teatro de Valadares promovem a\u00e7\u00e3o para arrecadar doa\u00e7\u00f5es - Aconteceu no Vale","robots":{"index":"index","follow":"follow","max-snippet":"max-snippet:-1","max-image-preview":"max-image-preview:large","max-video-preview":"max-video-preview:-1"},"canonical":"https:\/\/aconteceunovale.com.br\/portal\/?p=39979","og_locale":"pt_BR","og_type":"article","og_title":"Organizadores do Festival Nacional de Teatro de Valadares promovem a\u00e7\u00e3o para arrecadar doa\u00e7\u00f5es - Aconteceu no Vale","og_description":"Objetivo \u00e9 angariar fundos para a 10\u00aa edi\u00e7\u00e3o do Festival Nacional de Teatro. Evento est\u00e1 previsto para os dias 14, 15 e 16 de novembro. A 10\u00aa edi\u00e7\u00e3o do Festival Nacional de Teatro de Governador Valadares, no Leste de Minas Gerais, s\u00f3 acontece no m\u00eas de novembro, mas nesta quarta-feira (17), os organizadores promovem uma [&hellip;]","og_url":"https:\/\/aconteceunovale.com.br\/portal\/?p=39979","og_site_name":"Aconteceu no Vale","article_publisher":"https:\/\/www.facebook.com\/aconteceunovale\/","article_published_time":"2014-09-15T21:06:05+00:00","og_image":[{"width":600,"height":450,"url":"https:\/\/aconteceunovale.com.br\/portal\/wp-content\/uploads\/2014\/09\/fenta_gv.jpg","type":"image\/jpeg"}],"author":"Aconteceu no Vale","twitter_card":"summary_large_image","twitter_creator":"@noticiadosvales","twitter_site":"@noticiadosvales","twitter_misc":{"Escrito por":"Aconteceu no Vale","Est. tempo de leitura":"1 minuto"},"schema":{"@context":"https:\/\/schema.org","@graph":[{"@type":"Article","@id":"https:\/\/aconteceunovale.com.br\/portal\/?p=39979#article","isPartOf":{"@id":"https:\/\/aconteceunovale.com.br\/portal\/?p=39979"},"author":{"name":"Aconteceu no Vale","@id":"https:\/\/aconteceunovale.com.br\/portal\/#\/schema\/person\/633529146f2c94272bef50ac2953d589"},"headline":"Organizadores do Festival Nacional de Teatro de Valadares promovem a\u00e7\u00e3o para arrecadar doa\u00e7\u00f5es","datePublished":"2014-09-15T21:06:05+00:00","mainEntityOfPage":{"@id":"https:\/\/aconteceunovale.com.br\/portal\/?p=39979"},"wordCount":285,"commentCount":0,"image":{"@id":"https:\/\/aconteceunovale.com.br\/portal\/?p=39979#primaryimage"},"thumbnailUrl":"https:\/\/aconteceunovale.com.br\/portal\/wp-content\/uploads\/2014\/09\/fenta_gv.jpg","keywords":["10\u00aa edi\u00e7\u00e3o do Festival Nacional de Teatro","10\u00aa edi\u00e7\u00e3o do Festival Nacional de Teatro de Governador Valadares","Festival Nacional de Teatro de Governador Valadares","Festival Nacional de Teatro de Valadares","Organizadores do Festival Nacional de Teatro de Valadares promovem a\u00e7\u00e3o para arrecadar doa\u00e7\u00f5es"],"articleSection":["Leste de Minas"],"inLanguage":"pt-BR","potentialAction":[{"@type":"CommentAction","name":"Comment","target":["https:\/\/aconteceunovale.com.br\/portal\/?p=39979#respond"]}]},{"@type":"WebPage","@id":"https:\/\/aconteceunovale.com.br\/portal\/?p=39979","url":"https:\/\/aconteceunovale.com.br\/portal\/?p=39979","name":"Organizadores do Festival Nacional de Teatro de Valadares promovem a\u00e7\u00e3o para arrecadar doa\u00e7\u00f5es - Aconteceu no Vale","isPartOf":{"@id":"https:\/\/aconteceunovale.com.br\/portal\/#website"},"primaryImageOfPage":{"@id":"https:\/\/aconteceunovale.com.br\/portal\/?p=39979#primaryimage"},"image":{"@id":"https:\/\/aconteceunovale.com.br\/portal\/?p=39979#primaryimage"},"thumbnailUrl":"https:\/\/aconteceunovale.com.br\/portal\/wp-content\/uploads\/2014\/09\/fenta_gv.jpg","datePublished":"2014-09-15T21:06:05+00:00","author":{"@id":"https:\/\/aconteceunovale.com.br\/portal\/#\/schema\/person\/633529146f2c94272bef50ac2953d589"},"breadcrumb":{"@id":"https:\/\/aconteceunovale.com.br\/portal\/?p=39979#breadcrumb"},"inLanguage":"pt-BR","potentialAction":[{"@type":"ReadAction","target":["https:\/\/aconteceunovale.com.br\/portal\/?p=39979"]}]},{"@type":"ImageObject","inLanguage":"pt-BR","@id":"https:\/\/aconteceunovale.com.br\/portal\/?p=39979#primaryimage","url":"https:\/\/aconteceunovale.com.br\/portal\/wp-content\/uploads\/2014\/09\/fenta_gv.jpg","contentUrl":"https:\/\/aconteceunovale.com.br\/portal\/wp-content\/uploads\/2014\/09\/fenta_gv.jpg","width":600,"height":450},{"@type":"BreadcrumbList","@id":"https:\/\/aconteceunovale.com.br\/portal\/?p=39979#breadcrumb","itemListElement":[{"@type":"ListItem","position":1,"name":"In\u00edcio","item":"https:\/\/aconteceunovale.com.br\/portal\/"},{"@type":"ListItem","position":2,"name":"Organizadores do Festival Nacional de Teatro de Valadares promovem a\u00e7\u00e3o para arrecadar doa\u00e7\u00f5es"}]},{"@type":"WebSite","@id":"https:\/\/aconteceunovale.com.br\/portal\/#website","url":"https:\/\/aconteceunovale.com.br\/portal\/","name":"Aconteceu no Vale","description":"Portal de Not\u00edcias","potentialAction":[{"@type":"SearchAction","target":{"@type":"EntryPoint","urlTemplate":"https:\/\/aconteceunovale.com.br\/portal\/?s={search_term_string}"},"query-input":{"@type":"PropertyValueSpecification","valueRequired":true,"valueName":"search_term_string"}}],"inLanguage":"pt-BR"},{"@type":"Person","@id":"https:\/\/aconteceunovale.com.br\/portal\/#\/schema\/person\/633529146f2c94272bef50ac2953d589","name":"Aconteceu no Vale","description":"Equipe de reportagem do Aconteceu no Vale, portal de not\u00edcias do Vale do Jequitinhonha, em Minas Gerais. Cobrimos as 51 cidades do Vale desde 2013. Sugest\u00f5es de pauta e pedidos de corre\u00e7\u00e3o: contato@aconteceunovale.com.br","sameAs":["http:\/\/www.aconteceunovale.com.br"],"url":"https:\/\/aconteceunovale.com.br\/portal\/?author=1"}]}},"_links":{"self":[{"href":"https:\/\/aconteceunovale.com.br\/portal\/index.php?rest_route=\/wp\/v2\/posts\/39979","targetHints":{"allow":["GET"]}}],"collection":[{"href":"https:\/\/aconteceunovale.com.br\/portal\/index.php?rest_route=\/wp\/v2\/posts"}],"about":[{"href":"https:\/\/aconteceunovale.com.br\/portal\/index.php?rest_route=\/wp\/v2\/types\/post"}],"author":[{"embeddable":true,"href":"https:\/\/aconteceunovale.com.br\/portal\/index.php?rest_route=\/wp\/v2\/users\/1"}],"replies":[{"embeddable":true,"href":"https:\/\/aconteceunovale.com.br\/portal\/index.php?rest_route=%2Fwp%2Fv2%2Fcomments&post=39979"}],"version-history":[{"count":0,"href":"https:\/\/aconteceunovale.com.br\/portal\/index.php?rest_route=\/wp\/v2\/posts\/39979\/revisions"}],"wp:featuredmedia":[{"embeddable":true,"href":"https:\/\/aconteceunovale.com.br\/portal\/index.php?rest_route=\/wp\/v2\/media\/39980"}],"wp:attachment":[{"href":"https:\/\/aconteceunovale.com.br\/portal\/index.php?rest_route=%2Fwp%2Fv2%2Fmedia&parent=39979"}],"wp:term":[{"taxonomy":"category","embeddable":true,"href":"https:\/\/aconteceunovale.com.br\/portal\/index.php?rest_route=%2Fwp%2Fv2%2Fcategories&post=39979"},{"taxonomy":"post_tag","embeddable":true,"href":"https:\/\/aconteceunovale.com.br\/portal\/index.php?rest_route=%2Fwp%2Fv2%2Ftags&post=39979"}],"curies":[{"name":"wp","href":"https:\/\/api.w.org\/{rel}","templated":true}]}}