{"id":39976,"date":"2014-09-15T17:49:15","date_gmt":"2014-09-15T20:49:15","guid":{"rendered":"http:\/\/aconteceunovale.com.br\/portal\/?p=39976"},"modified":"2026-09-02T17:08:06","modified_gmt":"2026-09-02T20:08:06","slug":"familias-denunciam-atentados-em-acampamento-no-municipio-de-jordania","status":"publish","type":"post","link":"https:\/\/aconteceunovale.com.br\/portal\/?p=39976","title":{"rendered":"Fam\u00edlias denunciam atentados em acampamento no munic\u00edpio de Jord\u00e2nia"},"content":{"rendered":"<p>De acordo com den\u00fancia de fam\u00edlias que vivem no acampamento Vida Nova, em Jord\u00e2nia, no Vale do Jequitinhonha, nos \u00faltimos meses, os acampados v\u00eam sofrendo amea\u00e7as de morte por parte das pessoas que se dizem propriet\u00e1rias da \u00e1rea onde o acampamento est\u00e1 localizado. A den\u00fancia \u00e9 do Sindicato de Trabalhadores Rurais do munic\u00edpio, que tamb\u00e9m relata amea\u00e7as feitas aos dirigentes da institui\u00e7\u00e3o.<\/p>\n<p>O caso vem sendo acompanhado pela diretoria e assessoria de reforma agr\u00e1ria da Fetaemg e conta com o apoio da Confedera\u00e7\u00e3o Nacional dos Trabalhadores na Agricultura (Contag) e da Comiss\u00e3o Pastoral da Terra de Minas Gerais (CPT-MG).<\/p>\n<p>O acampamento Vida Nova foi montado h\u00e1 mais de cinco anos, onde atualmente vivem 25 fam\u00edlias. De acordo com o Sindicato, os trabalhadores rurais acampados e dirigentes sofrem amea\u00e7as desde a cria\u00e7\u00e3o do acampamento, por\u00e9m as amea\u00e7as se intensificaram a partir de outubro de 2013, J\u00e1 foram registrados dois boletins de ocorr\u00eancia (BOs) das amea\u00e7as na delegacia local.<\/p>\n<p><img decoding=\"async\" src=\"http:\/\/aconteceunovale.com.br\/portal\/wp-content\/uploads\/2014\/09\/denuncia_fetaemg_jordania.png\" alt=\"\" \/><em>(Barracos foram atacados por supostos propriet\u00e1rios da terra &#8211; Foto: Divulga\u00e7\u00e3o)<\/em><br \/>\n<\/br><\/p>\n<p>Em julho, trabalhadores identificaram um grande desmatamento com extra\u00e7\u00e3o de madeira na mata pertencente ao acampamento. A \u00e1rea teve per\u00edcia da pol\u00edcia florestal, que registrou boletim de ocorr\u00eancia da den\u00fancia. Em agosto, o barraco de uma acampada e diretora do STR de Jord\u00e2nia foi arrombado, e as ferramentas usadas no ato foram deixadas no local. Nada foi levado, mas a trabalhadora registrou ocorr\u00eancia do fato em mais um boletim policial.<\/p>\n<p>Outros dois barracos foram atacados no final de agosto. Dessa vez, atearam fogo \u00e0s moradias dos trabalhadores. No primeiro deles, al\u00e9m dos danos ao barraco, o inc\u00eandio matou o cachorro e algumas galinhas. O trabalhador chegou a ver o executor do crime, e levantou tr\u00eas suspeitos ao registrar o boletim de ocorr\u00eancia. H\u00e1 mais amea\u00e7as de inc\u00eandios criminosos em outros barracos, tamb\u00e9m registrados em BOs.<\/p>\n<p>Provid\u00eancias legais j\u00e1 foram solicitadas, e o Minist\u00e9rio P\u00fablico est\u00e1 tomando as provid\u00eancias legais. A Fetaemg, junto com a Contag, est\u00e1 apoiando os acampados e pede provid\u00eancias pr\u00e1ticas \u00e0s autoridades competentes para evitar que trag\u00e9dias maiores possam acontecer. (FETAEMG)<\/p>\n","protected":false},"excerpt":{"rendered":"<p>De acordo com den\u00fancia de fam\u00edlias que vivem no acampamento Vida Nova, em Jord\u00e2nia, no Vale do Jequitinhonha, nos \u00faltimos meses, os acampados v\u00eam sofrendo amea\u00e7as de morte por parte das pessoas que se dizem propriet\u00e1rias da \u00e1rea onde o acampamento est\u00e1 localizado. A den\u00fancia \u00e9 do Sindicato de Trabalhadores Rurais do munic\u00edpio, que tamb\u00e9m [&hellip;]<\/p>\n","protected":false},"author":1,"featured_media":39977,"comment_status":"open","ping_status":"closed","sticky":false,"template":"","format":"standard","meta":{"amp_status":"","footnotes":""},"categories":[272556,120],"tags":[16124,16127,16126,16125,16123,475],"class_list":["post-39976","post","type-post","status-publish","format-standard","has-post-thumbnail","hentry","category-jordania","category-jequi","tag-acampamento-vida-nova","tag-acampamento-vida-nova-em-jordania","tag-ameacas-de-morte-no-acampamento-vida-nova","tag-atentados-no-acampamento-vida-nova","tag-familias-denunciam-atentados-em-acampamento-no-municipio-de-jordania","tag-jordania"],"yoast_head":"<!-- This site is optimized with the Yoast SEO plugin v28.3 - https:\/\/yoast.com\/product\/yoast-seo-wordpress\/ -->\n<title>Fam\u00edlias denunciam atentados em acampamento no munic\u00edpio de Jord\u00e2nia - Aconteceu no Vale<\/title>\n<meta name=\"robots\" content=\"index, follow, max-snippet:-1, max-image-preview:large, max-video-preview:-1\" \/>\n<link rel=\"canonical\" href=\"https:\/\/aconteceunovale.com.br\/portal\/?p=39976\" \/>\n<meta property=\"og:locale\" content=\"pt_BR\" \/>\n<meta property=\"og:type\" content=\"article\" \/>\n<meta property=\"og:title\" content=\"Fam\u00edlias denunciam atentados em acampamento no munic\u00edpio de Jord\u00e2nia - Aconteceu no Vale\" \/>\n<meta property=\"og:description\" content=\"De acordo com den\u00fancia de fam\u00edlias que vivem no acampamento Vida Nova, em Jord\u00e2nia, no Vale do Jequitinhonha, nos \u00faltimos meses, os acampados v\u00eam sofrendo amea\u00e7as de morte por parte das pessoas que se dizem propriet\u00e1rias da \u00e1rea onde o acampamento est\u00e1 localizado. A den\u00fancia \u00e9 do Sindicato de Trabalhadores Rurais do munic\u00edpio, que tamb\u00e9m [&hellip;]\" \/>\n<meta property=\"og:url\" content=\"https:\/\/aconteceunovale.com.br\/portal\/?p=39976\" \/>\n<meta property=\"og:site_name\" content=\"Aconteceu no Vale\" \/>\n<meta property=\"article:publisher\" content=\"https:\/\/www.facebook.com\/aconteceunovale\/\" \/>\n<meta property=\"article:published_time\" content=\"2014-09-15T20:49:15+00:00\" \/>\n<meta property=\"article:modified_time\" content=\"2026-09-02T20:08:06+00:00\" \/>\n<meta property=\"og:image\" content=\"https:\/\/aconteceunovale.com.br\/portal\/wp-content\/uploads\/2014\/09\/denuncia_fetaemg_jordania.png\" \/>\n\t<meta property=\"og:image:width\" content=\"660\" \/>\n\t<meta property=\"og:image:height\" content=\"419\" \/>\n\t<meta property=\"og:image:type\" content=\"image\/png\" \/>\n<meta name=\"author\" content=\"Aconteceu no Vale\" \/>\n<meta name=\"twitter:card\" content=\"summary_large_image\" \/>\n<meta name=\"twitter:creator\" content=\"@noticiadosvales\" \/>\n<meta name=\"twitter:site\" content=\"@noticiadosvales\" \/>\n<meta name=\"twitter:label1\" content=\"Escrito por\" \/>\n\t<meta name=\"twitter:data1\" content=\"Aconteceu no Vale\" \/>\n\t<meta name=\"twitter:label2\" content=\"Est. tempo de leitura\" \/>\n\t<meta name=\"twitter:data2\" content=\"2 minutos\" \/>\n<script type=\"application\/ld+json\" class=\"yoast-schema-graph\">{\"@context\":\"https:\\\/\\\/schema.org\",\"@graph\":[{\"@type\":\"Article\",\"@id\":\"https:\\\/\\\/aconteceunovale.com.br\\\/portal\\\/?p=39976#article\",\"isPartOf\":{\"@id\":\"https:\\\/\\\/aconteceunovale.com.br\\\/portal\\\/?p=39976\"},\"author\":{\"name\":\"Aconteceu no Vale\",\"@id\":\"https:\\\/\\\/aconteceunovale.com.br\\\/portal\\\/#\\\/schema\\\/person\\\/633529146f2c94272bef50ac2953d589\"},\"headline\":\"Fam\u00edlias denunciam atentados em acampamento no munic\u00edpio de Jord\u00e2nia\",\"datePublished\":\"2014-09-15T20:49:15+00:00\",\"dateModified\":\"2026-09-02T20:08:06+00:00\",\"mainEntityOfPage\":{\"@id\":\"https:\\\/\\\/aconteceunovale.com.br\\\/portal\\\/?p=39976\"},\"wordCount\":395,\"commentCount\":0,\"image\":{\"@id\":\"https:\\\/\\\/aconteceunovale.com.br\\\/portal\\\/?p=39976#primaryimage\"},\"thumbnailUrl\":\"https:\\\/\\\/aconteceunovale.com.br\\\/portal\\\/wp-content\\\/uploads\\\/2014\\\/09\\\/denuncia_fetaemg_jordania.png\",\"keywords\":[\"acampamento Vida Nova\",\"acampamento Vida Nova em jord\u00e2nia\",\"amea\u00e7as de morte no acampamento Vida Nova\",\"atentados no acampamento Vida Nova\",\"Fam\u00edlias denunciam atentados em acampamento no munic\u00edpio de Jord\u00e2nia\",\"Jord\u00e2nia\"],\"articleSection\":[\"Jord\u00e2nia\",\"Vale do Jequitinhonha\"],\"inLanguage\":\"pt-BR\",\"potentialAction\":[{\"@type\":\"CommentAction\",\"name\":\"Comment\",\"target\":[\"https:\\\/\\\/aconteceunovale.com.br\\\/portal\\\/?p=39976#respond\"]}]},{\"@type\":\"WebPage\",\"@id\":\"https:\\\/\\\/aconteceunovale.com.br\\\/portal\\\/?p=39976\",\"url\":\"https:\\\/\\\/aconteceunovale.com.br\\\/portal\\\/?p=39976\",\"name\":\"Fam\u00edlias denunciam atentados em acampamento no munic\u00edpio de Jord\u00e2nia - Aconteceu no Vale\",\"isPartOf\":{\"@id\":\"https:\\\/\\\/aconteceunovale.com.br\\\/portal\\\/#website\"},\"primaryImageOfPage\":{\"@id\":\"https:\\\/\\\/aconteceunovale.com.br\\\/portal\\\/?p=39976#primaryimage\"},\"image\":{\"@id\":\"https:\\\/\\\/aconteceunovale.com.br\\\/portal\\\/?p=39976#primaryimage\"},\"thumbnailUrl\":\"https:\\\/\\\/aconteceunovale.com.br\\\/portal\\\/wp-content\\\/uploads\\\/2014\\\/09\\\/denuncia_fetaemg_jordania.png\",\"datePublished\":\"2014-09-15T20:49:15+00:00\",\"dateModified\":\"2026-09-02T20:08:06+00:00\",\"author\":{\"@id\":\"https:\\\/\\\/aconteceunovale.com.br\\\/portal\\\/#\\\/schema\\\/person\\\/633529146f2c94272bef50ac2953d589\"},\"breadcrumb\":{\"@id\":\"https:\\\/\\\/aconteceunovale.com.br\\\/portal\\\/?p=39976#breadcrumb\"},\"inLanguage\":\"pt-BR\",\"potentialAction\":[{\"@type\":\"ReadAction\",\"target\":[\"https:\\\/\\\/aconteceunovale.com.br\\\/portal\\\/?p=39976\"]}]},{\"@type\":\"ImageObject\",\"inLanguage\":\"pt-BR\",\"@id\":\"https:\\\/\\\/aconteceunovale.com.br\\\/portal\\\/?p=39976#primaryimage\",\"url\":\"https:\\\/\\\/aconteceunovale.com.br\\\/portal\\\/wp-content\\\/uploads\\\/2014\\\/09\\\/denuncia_fetaemg_jordania.png\",\"contentUrl\":\"https:\\\/\\\/aconteceunovale.com.br\\\/portal\\\/wp-content\\\/uploads\\\/2014\\\/09\\\/denuncia_fetaemg_jordania.png\",\"width\":660,\"height\":419},{\"@type\":\"BreadcrumbList\",\"@id\":\"https:\\\/\\\/aconteceunovale.com.br\\\/portal\\\/?p=39976#breadcrumb\",\"itemListElement\":[{\"@type\":\"ListItem\",\"position\":1,\"name\":\"In\u00edcio\",\"item\":\"https:\\\/\\\/aconteceunovale.com.br\\\/portal\\\/\"},{\"@type\":\"ListItem\",\"position\":2,\"name\":\"Fam\u00edlias denunciam atentados em acampamento no munic\u00edpio de Jord\u00e2nia\"}]},{\"@type\":\"WebSite\",\"@id\":\"https:\\\/\\\/aconteceunovale.com.br\\\/portal\\\/#website\",\"url\":\"https:\\\/\\\/aconteceunovale.com.br\\\/portal\\\/\",\"name\":\"Aconteceu no Vale\",\"description\":\"Portal de Not\u00edcias\",\"potentialAction\":[{\"@type\":\"SearchAction\",\"target\":{\"@type\":\"EntryPoint\",\"urlTemplate\":\"https:\\\/\\\/aconteceunovale.com.br\\\/portal\\\/?s={search_term_string}\"},\"query-input\":{\"@type\":\"PropertyValueSpecification\",\"valueRequired\":true,\"valueName\":\"search_term_string\"}}],\"inLanguage\":\"pt-BR\"},{\"@type\":\"Person\",\"@id\":\"https:\\\/\\\/aconteceunovale.com.br\\\/portal\\\/#\\\/schema\\\/person\\\/633529146f2c94272bef50ac2953d589\",\"name\":\"Aconteceu no Vale\",\"description\":\"Equipe de reportagem do Aconteceu no Vale, portal de not\u00edcias do Vale do Jequitinhonha, em Minas Gerais. Cobrimos as 51 cidades do Vale desde 2013. Sugest\u00f5es de pauta e pedidos de corre\u00e7\u00e3o: contato@aconteceunovale.com.br\",\"sameAs\":[\"http:\\\/\\\/www.aconteceunovale.com.br\"],\"url\":\"https:\\\/\\\/aconteceunovale.com.br\\\/portal\\\/?author=1\"}]}<\/script>\n<!-- \/ Yoast SEO plugin. -->","yoast_head_json":{"title":"Fam\u00edlias denunciam atentados em acampamento no munic\u00edpio de Jord\u00e2nia - Aconteceu no Vale","robots":{"index":"index","follow":"follow","max-snippet":"max-snippet:-1","max-image-preview":"max-image-preview:large","max-video-preview":"max-video-preview:-1"},"canonical":"https:\/\/aconteceunovale.com.br\/portal\/?p=39976","og_locale":"pt_BR","og_type":"article","og_title":"Fam\u00edlias denunciam atentados em acampamento no munic\u00edpio de Jord\u00e2nia - Aconteceu no Vale","og_description":"De acordo com den\u00fancia de fam\u00edlias que vivem no acampamento Vida Nova, em Jord\u00e2nia, no Vale do Jequitinhonha, nos \u00faltimos meses, os acampados v\u00eam sofrendo amea\u00e7as de morte por parte das pessoas que se dizem propriet\u00e1rias da \u00e1rea onde o acampamento est\u00e1 localizado. A den\u00fancia \u00e9 do Sindicato de Trabalhadores Rurais do munic\u00edpio, que tamb\u00e9m [&hellip;]","og_url":"https:\/\/aconteceunovale.com.br\/portal\/?p=39976","og_site_name":"Aconteceu no Vale","article_publisher":"https:\/\/www.facebook.com\/aconteceunovale\/","article_published_time":"2014-09-15T20:49:15+00:00","article_modified_time":"2026-09-02T20:08:06+00:00","og_image":[{"width":660,"height":419,"url":"https:\/\/aconteceunovale.com.br\/portal\/wp-content\/uploads\/2014\/09\/denuncia_fetaemg_jordania.png","type":"image\/png"}],"author":"Aconteceu no Vale","twitter_card":"summary_large_image","twitter_creator":"@noticiadosvales","twitter_site":"@noticiadosvales","twitter_misc":{"Escrito por":"Aconteceu no Vale","Est. tempo de leitura":"2 minutos"},"schema":{"@context":"https:\/\/schema.org","@graph":[{"@type":"Article","@id":"https:\/\/aconteceunovale.com.br\/portal\/?p=39976#article","isPartOf":{"@id":"https:\/\/aconteceunovale.com.br\/portal\/?p=39976"},"author":{"name":"Aconteceu no Vale","@id":"https:\/\/aconteceunovale.com.br\/portal\/#\/schema\/person\/633529146f2c94272bef50ac2953d589"},"headline":"Fam\u00edlias denunciam atentados em acampamento no munic\u00edpio de Jord\u00e2nia","datePublished":"2014-09-15T20:49:15+00:00","dateModified":"2026-09-02T20:08:06+00:00","mainEntityOfPage":{"@id":"https:\/\/aconteceunovale.com.br\/portal\/?p=39976"},"wordCount":395,"commentCount":0,"image":{"@id":"https:\/\/aconteceunovale.com.br\/portal\/?p=39976#primaryimage"},"thumbnailUrl":"https:\/\/aconteceunovale.com.br\/portal\/wp-content\/uploads\/2014\/09\/denuncia_fetaemg_jordania.png","keywords":["acampamento Vida Nova","acampamento Vida Nova em jord\u00e2nia","amea\u00e7as de morte no acampamento Vida Nova","atentados no acampamento Vida Nova","Fam\u00edlias denunciam atentados em acampamento no munic\u00edpio de Jord\u00e2nia","Jord\u00e2nia"],"articleSection":["Jord\u00e2nia","Vale do Jequitinhonha"],"inLanguage":"pt-BR","potentialAction":[{"@type":"CommentAction","name":"Comment","target":["https:\/\/aconteceunovale.com.br\/portal\/?p=39976#respond"]}]},{"@type":"WebPage","@id":"https:\/\/aconteceunovale.com.br\/portal\/?p=39976","url":"https:\/\/aconteceunovale.com.br\/portal\/?p=39976","name":"Fam\u00edlias denunciam atentados em acampamento no munic\u00edpio de Jord\u00e2nia - Aconteceu no Vale","isPartOf":{"@id":"https:\/\/aconteceunovale.com.br\/portal\/#website"},"primaryImageOfPage":{"@id":"https:\/\/aconteceunovale.com.br\/portal\/?p=39976#primaryimage"},"image":{"@id":"https:\/\/aconteceunovale.com.br\/portal\/?p=39976#primaryimage"},"thumbnailUrl":"https:\/\/aconteceunovale.com.br\/portal\/wp-content\/uploads\/2014\/09\/denuncia_fetaemg_jordania.png","datePublished":"2014-09-15T20:49:15+00:00","dateModified":"2026-09-02T20:08:06+00:00","author":{"@id":"https:\/\/aconteceunovale.com.br\/portal\/#\/schema\/person\/633529146f2c94272bef50ac2953d589"},"breadcrumb":{"@id":"https:\/\/aconteceunovale.com.br\/portal\/?p=39976#breadcrumb"},"inLanguage":"pt-BR","potentialAction":[{"@type":"ReadAction","target":["https:\/\/aconteceunovale.com.br\/portal\/?p=39976"]}]},{"@type":"ImageObject","inLanguage":"pt-BR","@id":"https:\/\/aconteceunovale.com.br\/portal\/?p=39976#primaryimage","url":"https:\/\/aconteceunovale.com.br\/portal\/wp-content\/uploads\/2014\/09\/denuncia_fetaemg_jordania.png","contentUrl":"https:\/\/aconteceunovale.com.br\/portal\/wp-content\/uploads\/2014\/09\/denuncia_fetaemg_jordania.png","width":660,"height":419},{"@type":"BreadcrumbList","@id":"https:\/\/aconteceunovale.com.br\/portal\/?p=39976#breadcrumb","itemListElement":[{"@type":"ListItem","position":1,"name":"In\u00edcio","item":"https:\/\/aconteceunovale.com.br\/portal\/"},{"@type":"ListItem","position":2,"name":"Fam\u00edlias denunciam atentados em acampamento no munic\u00edpio de Jord\u00e2nia"}]},{"@type":"WebSite","@id":"https:\/\/aconteceunovale.com.br\/portal\/#website","url":"https:\/\/aconteceunovale.com.br\/portal\/","name":"Aconteceu no Vale","description":"Portal de Not\u00edcias","potentialAction":[{"@type":"SearchAction","target":{"@type":"EntryPoint","urlTemplate":"https:\/\/aconteceunovale.com.br\/portal\/?s={search_term_string}"},"query-input":{"@type":"PropertyValueSpecification","valueRequired":true,"valueName":"search_term_string"}}],"inLanguage":"pt-BR"},{"@type":"Person","@id":"https:\/\/aconteceunovale.com.br\/portal\/#\/schema\/person\/633529146f2c94272bef50ac2953d589","name":"Aconteceu no Vale","description":"Equipe de reportagem do Aconteceu no Vale, portal de not\u00edcias do Vale do Jequitinhonha, em Minas Gerais. Cobrimos as 51 cidades do Vale desde 2013. Sugest\u00f5es de pauta e pedidos de corre\u00e7\u00e3o: contato@aconteceunovale.com.br","sameAs":["http:\/\/www.aconteceunovale.com.br"],"url":"https:\/\/aconteceunovale.com.br\/portal\/?author=1"}]}},"_links":{"self":[{"href":"https:\/\/aconteceunovale.com.br\/portal\/index.php?rest_route=\/wp\/v2\/posts\/39976","targetHints":{"allow":["GET"]}}],"collection":[{"href":"https:\/\/aconteceunovale.com.br\/portal\/index.php?rest_route=\/wp\/v2\/posts"}],"about":[{"href":"https:\/\/aconteceunovale.com.br\/portal\/index.php?rest_route=\/wp\/v2\/types\/post"}],"author":[{"embeddable":true,"href":"https:\/\/aconteceunovale.com.br\/portal\/index.php?rest_route=\/wp\/v2\/users\/1"}],"replies":[{"embeddable":true,"href":"https:\/\/aconteceunovale.com.br\/portal\/index.php?rest_route=%2Fwp%2Fv2%2Fcomments&post=39976"}],"version-history":[{"count":1,"href":"https:\/\/aconteceunovale.com.br\/portal\/index.php?rest_route=\/wp\/v2\/posts\/39976\/revisions"}],"predecessor-version":[{"id":202177,"href":"https:\/\/aconteceunovale.com.br\/portal\/index.php?rest_route=\/wp\/v2\/posts\/39976\/revisions\/202177"}],"wp:featuredmedia":[{"embeddable":true,"href":"https:\/\/aconteceunovale.com.br\/portal\/index.php?rest_route=\/wp\/v2\/media\/39977"}],"wp:attachment":[{"href":"https:\/\/aconteceunovale.com.br\/portal\/index.php?rest_route=%2Fwp%2Fv2%2Fmedia&parent=39976"}],"wp:term":[{"taxonomy":"category","embeddable":true,"href":"https:\/\/aconteceunovale.com.br\/portal\/index.php?rest_route=%2Fwp%2Fv2%2Fcategories&post=39976"},{"taxonomy":"post_tag","embeddable":true,"href":"https:\/\/aconteceunovale.com.br\/portal\/index.php?rest_route=%2Fwp%2Fv2%2Ftags&post=39976"}],"curies":[{"name":"wp","href":"https:\/\/api.w.org\/{rel}","templated":true}]}}