{"id":39970,"date":"2014-09-15T17:18:13","date_gmt":"2014-09-15T20:18:13","guid":{"rendered":"http:\/\/aconteceunovale.com.br\/portal\/?p=39970"},"modified":"2014-09-15T17:18:13","modified_gmt":"2014-09-15T20:18:13","slug":"justica-impede-reuniao-da-camara-de-vereadores-de-montezuma","status":"publish","type":"post","link":"https:\/\/aconteceunovale.com.br\/portal\/?p=39970","title":{"rendered":"Justi\u00e7a impede reuni\u00e3o da C\u00e2mara de Vereadores de Montezuma"},"content":{"rendered":"<h4><em><strong>Vereadores de oposi\u00e7\u00e3o querem julgar e cassar mandato do prefeito da cidade<\/strong><\/em><\/h4>\n<p>Na manh\u00e3 dessa segunda (15) uma liminar judicial impediu a realiza\u00e7\u00e3o de uma sess\u00e3o de julgamento na C\u00e2mara Municipal de Montezuma, onde os vereadores est\u00e3o tentando apurar supostas irregularidades da Administra\u00e7\u00e3o Municipal, comandada pelo prefeito Ivo Alves Pereira (PP).<\/p>\n<p>Conforme a Mesa Diretora do Poder Legislativo, o prefeito \u00e9 acusado de n\u00e3o proteger o patrim\u00f4nio p\u00fablico do munic\u00edpio, pois permitiu que um cidad\u00e3o invadisse um terreno p\u00fablico localizado \u00e0 Rua Maria Pereira de Ara\u00fajo, fundo do CRAS, no bairro Planalto. Os vereadores alegam que o terreno est\u00e1 registrado como patrim\u00f4nio p\u00fablico, j\u00e1 o prefeito alega foi houve uma doa\u00e7\u00e3o.<\/p>\n<p>Os vereadores de oposi\u00e7\u00e3o tamb\u00e9m defendem a cassa\u00e7\u00e3o por que o prefeito, segundo eles, n\u00e3o quer apresentar os processos de licita\u00e7\u00f5es para contratar transporte escolar. Tamb\u00e9m foi requerida a rela\u00e7\u00e3o de pagamentos entre os meses de janeiro e mar\u00e7o, mas, conforme a Mesa Diretora, o prefeito nada apresentou, assim como a rela\u00e7\u00e3o de im\u00f3veis alugados pela prefeitura e a folha de pagamento dos servidores p\u00fablicos.<\/p>\n<p>Na liminar que impediu a realiza\u00e7\u00e3o da reuni\u00e3o, uma das alega\u00e7\u00f5es do prefeito Ivo \u00e9 que n\u00e3o obteve oportunidade de defesa.<\/p>\n<p><img decoding=\"async\" src=\"http:\/\/aconteceunovale.com.br\/portal\/wp-content\/uploads\/2014\/09\/camara_montezuma.jpg\" alt=\"\" \/><em>Vereadores e prefeito de Montezuma vivem em p\u00e9 de guerra &#8211; Foto: Reprodu\u00e7\u00e3o<\/em><br \/>\n<\/br><\/p>\n<p><strong>(Fonte: Folha Regional)<\/strong><\/p>\n","protected":false},"excerpt":{"rendered":"<p>Vereadores de oposi\u00e7\u00e3o querem julgar e cassar mandato do prefeito da cidade Na manh\u00e3 dessa segunda (15) uma liminar judicial impediu a realiza\u00e7\u00e3o de uma sess\u00e3o de julgamento na C\u00e2mara Municipal de Montezuma, onde os vereadores est\u00e3o tentando apurar supostas irregularidades da Administra\u00e7\u00e3o Municipal, comandada pelo prefeito Ivo Alves Pereira (PP). Conforme a Mesa Diretora [&hellip;]<\/p>\n","protected":false},"author":1,"featured_media":39971,"comment_status":"open","ping_status":"closed","sticky":false,"template":"","format":"standard","meta":{"amp_status":"","footnotes":""},"categories":[1236],"tags":[16118,16117,1009],"class_list":["post-39970","post","type-post","status-publish","format-standard","has-post-thumbnail","hentry","category-norte_de_minas","tag-ivo-alves-pereira","tag-justica-impede-reuniao-da-camara-de-vereadores-de-montezuma","tag-montezuma"],"yoast_head":"<!-- This site is optimized with the Yoast SEO plugin v28.3 - https:\/\/yoast.com\/product\/yoast-seo-wordpress\/ -->\n<title>Justi\u00e7a impede reuni\u00e3o da C\u00e2mara de Vereadores de Montezuma - Aconteceu no Vale<\/title>\n<meta name=\"robots\" content=\"index, follow, max-snippet:-1, max-image-preview:large, max-video-preview:-1\" \/>\n<link rel=\"canonical\" href=\"https:\/\/aconteceunovale.com.br\/portal\/?p=39970\" \/>\n<meta property=\"og:locale\" content=\"pt_BR\" \/>\n<meta property=\"og:type\" content=\"article\" \/>\n<meta property=\"og:title\" content=\"Justi\u00e7a impede reuni\u00e3o da C\u00e2mara de Vereadores de Montezuma - Aconteceu no Vale\" \/>\n<meta property=\"og:description\" content=\"Vereadores de oposi\u00e7\u00e3o querem julgar e cassar mandato do prefeito da cidade Na manh\u00e3 dessa segunda (15) uma liminar judicial impediu a realiza\u00e7\u00e3o de uma sess\u00e3o de julgamento na C\u00e2mara Municipal de Montezuma, onde os vereadores est\u00e3o tentando apurar supostas irregularidades da Administra\u00e7\u00e3o Municipal, comandada pelo prefeito Ivo Alves Pereira (PP). Conforme a Mesa Diretora [&hellip;]\" \/>\n<meta property=\"og:url\" content=\"https:\/\/aconteceunovale.com.br\/portal\/?p=39970\" \/>\n<meta property=\"og:site_name\" content=\"Aconteceu no Vale\" \/>\n<meta property=\"article:publisher\" content=\"https:\/\/www.facebook.com\/aconteceunovale\/\" \/>\n<meta property=\"article:published_time\" content=\"2014-09-15T20:18:13+00:00\" \/>\n<meta property=\"og:image\" content=\"https:\/\/aconteceunovale.com.br\/portal\/wp-content\/uploads\/2014\/09\/camara_montezuma.jpg\" \/>\n\t<meta property=\"og:image:width\" content=\"654\" \/>\n\t<meta property=\"og:image:height\" content=\"450\" \/>\n\t<meta property=\"og:image:type\" content=\"image\/jpeg\" \/>\n<meta name=\"author\" content=\"Aconteceu no Vale\" \/>\n<meta name=\"twitter:card\" content=\"summary_large_image\" \/>\n<meta name=\"twitter:creator\" content=\"@noticiadosvales\" \/>\n<meta name=\"twitter:site\" content=\"@noticiadosvales\" \/>\n<meta name=\"twitter:label1\" content=\"Escrito por\" \/>\n\t<meta name=\"twitter:data1\" content=\"Aconteceu no Vale\" \/>\n\t<meta name=\"twitter:label2\" content=\"Est. tempo de leitura\" \/>\n\t<meta name=\"twitter:data2\" content=\"1 minuto\" \/>\n<script type=\"application\/ld+json\" class=\"yoast-schema-graph\">{\"@context\":\"https:\\\/\\\/schema.org\",\"@graph\":[{\"@type\":\"Article\",\"@id\":\"https:\\\/\\\/aconteceunovale.com.br\\\/portal\\\/?p=39970#article\",\"isPartOf\":{\"@id\":\"https:\\\/\\\/aconteceunovale.com.br\\\/portal\\\/?p=39970\"},\"author\":{\"name\":\"Aconteceu no Vale\",\"@id\":\"https:\\\/\\\/aconteceunovale.com.br\\\/portal\\\/#\\\/schema\\\/person\\\/633529146f2c94272bef50ac2953d589\"},\"headline\":\"Justi\u00e7a impede reuni\u00e3o da C\u00e2mara de Vereadores de Montezuma\",\"datePublished\":\"2014-09-15T20:18:13+00:00\",\"mainEntityOfPage\":{\"@id\":\"https:\\\/\\\/aconteceunovale.com.br\\\/portal\\\/?p=39970\"},\"wordCount\":253,\"commentCount\":0,\"image\":{\"@id\":\"https:\\\/\\\/aconteceunovale.com.br\\\/portal\\\/?p=39970#primaryimage\"},\"thumbnailUrl\":\"https:\\\/\\\/aconteceunovale.com.br\\\/portal\\\/wp-content\\\/uploads\\\/2014\\\/09\\\/camara_montezuma.jpg\",\"keywords\":[\"Ivo Alves Pereira\",\"Justi\u00e7a impede reuni\u00e3o da C\u00e2mara de Vereadores de Montezuma\",\"montezuma\"],\"articleSection\":[\"Norte de Minas\"],\"inLanguage\":\"pt-BR\",\"potentialAction\":[{\"@type\":\"CommentAction\",\"name\":\"Comment\",\"target\":[\"https:\\\/\\\/aconteceunovale.com.br\\\/portal\\\/?p=39970#respond\"]}]},{\"@type\":\"WebPage\",\"@id\":\"https:\\\/\\\/aconteceunovale.com.br\\\/portal\\\/?p=39970\",\"url\":\"https:\\\/\\\/aconteceunovale.com.br\\\/portal\\\/?p=39970\",\"name\":\"Justi\u00e7a impede reuni\u00e3o da C\u00e2mara de Vereadores de Montezuma - Aconteceu no Vale\",\"isPartOf\":{\"@id\":\"https:\\\/\\\/aconteceunovale.com.br\\\/portal\\\/#website\"},\"primaryImageOfPage\":{\"@id\":\"https:\\\/\\\/aconteceunovale.com.br\\\/portal\\\/?p=39970#primaryimage\"},\"image\":{\"@id\":\"https:\\\/\\\/aconteceunovale.com.br\\\/portal\\\/?p=39970#primaryimage\"},\"thumbnailUrl\":\"https:\\\/\\\/aconteceunovale.com.br\\\/portal\\\/wp-content\\\/uploads\\\/2014\\\/09\\\/camara_montezuma.jpg\",\"datePublished\":\"2014-09-15T20:18:13+00:00\",\"author\":{\"@id\":\"https:\\\/\\\/aconteceunovale.com.br\\\/portal\\\/#\\\/schema\\\/person\\\/633529146f2c94272bef50ac2953d589\"},\"breadcrumb\":{\"@id\":\"https:\\\/\\\/aconteceunovale.com.br\\\/portal\\\/?p=39970#breadcrumb\"},\"inLanguage\":\"pt-BR\",\"potentialAction\":[{\"@type\":\"ReadAction\",\"target\":[\"https:\\\/\\\/aconteceunovale.com.br\\\/portal\\\/?p=39970\"]}]},{\"@type\":\"ImageObject\",\"inLanguage\":\"pt-BR\",\"@id\":\"https:\\\/\\\/aconteceunovale.com.br\\\/portal\\\/?p=39970#primaryimage\",\"url\":\"https:\\\/\\\/aconteceunovale.com.br\\\/portal\\\/wp-content\\\/uploads\\\/2014\\\/09\\\/camara_montezuma.jpg\",\"contentUrl\":\"https:\\\/\\\/aconteceunovale.com.br\\\/portal\\\/wp-content\\\/uploads\\\/2014\\\/09\\\/camara_montezuma.jpg\",\"width\":654,\"height\":450},{\"@type\":\"BreadcrumbList\",\"@id\":\"https:\\\/\\\/aconteceunovale.com.br\\\/portal\\\/?p=39970#breadcrumb\",\"itemListElement\":[{\"@type\":\"ListItem\",\"position\":1,\"name\":\"In\u00edcio\",\"item\":\"https:\\\/\\\/aconteceunovale.com.br\\\/portal\\\/\"},{\"@type\":\"ListItem\",\"position\":2,\"name\":\"Justi\u00e7a impede reuni\u00e3o da C\u00e2mara de Vereadores de Montezuma\"}]},{\"@type\":\"WebSite\",\"@id\":\"https:\\\/\\\/aconteceunovale.com.br\\\/portal\\\/#website\",\"url\":\"https:\\\/\\\/aconteceunovale.com.br\\\/portal\\\/\",\"name\":\"Aconteceu no Vale\",\"description\":\"Portal de Not\u00edcias\",\"potentialAction\":[{\"@type\":\"SearchAction\",\"target\":{\"@type\":\"EntryPoint\",\"urlTemplate\":\"https:\\\/\\\/aconteceunovale.com.br\\\/portal\\\/?s={search_term_string}\"},\"query-input\":{\"@type\":\"PropertyValueSpecification\",\"valueRequired\":true,\"valueName\":\"search_term_string\"}}],\"inLanguage\":\"pt-BR\"},{\"@type\":\"Person\",\"@id\":\"https:\\\/\\\/aconteceunovale.com.br\\\/portal\\\/#\\\/schema\\\/person\\\/633529146f2c94272bef50ac2953d589\",\"name\":\"Aconteceu no Vale\",\"description\":\"Equipe de reportagem do Aconteceu no Vale, portal de not\u00edcias do Vale do Jequitinhonha, em Minas Gerais. Cobrimos as 51 cidades do Vale desde 2013. Sugest\u00f5es de pauta e pedidos de corre\u00e7\u00e3o: contato@aconteceunovale.com.br\",\"sameAs\":[\"http:\\\/\\\/www.aconteceunovale.com.br\"],\"url\":\"https:\\\/\\\/aconteceunovale.com.br\\\/portal\\\/?author=1\"}]}<\/script>\n<!-- \/ Yoast SEO plugin. -->","yoast_head_json":{"title":"Justi\u00e7a impede reuni\u00e3o da C\u00e2mara de Vereadores de Montezuma - Aconteceu no Vale","robots":{"index":"index","follow":"follow","max-snippet":"max-snippet:-1","max-image-preview":"max-image-preview:large","max-video-preview":"max-video-preview:-1"},"canonical":"https:\/\/aconteceunovale.com.br\/portal\/?p=39970","og_locale":"pt_BR","og_type":"article","og_title":"Justi\u00e7a impede reuni\u00e3o da C\u00e2mara de Vereadores de Montezuma - Aconteceu no Vale","og_description":"Vereadores de oposi\u00e7\u00e3o querem julgar e cassar mandato do prefeito da cidade Na manh\u00e3 dessa segunda (15) uma liminar judicial impediu a realiza\u00e7\u00e3o de uma sess\u00e3o de julgamento na C\u00e2mara Municipal de Montezuma, onde os vereadores est\u00e3o tentando apurar supostas irregularidades da Administra\u00e7\u00e3o Municipal, comandada pelo prefeito Ivo Alves Pereira (PP). Conforme a Mesa Diretora [&hellip;]","og_url":"https:\/\/aconteceunovale.com.br\/portal\/?p=39970","og_site_name":"Aconteceu no Vale","article_publisher":"https:\/\/www.facebook.com\/aconteceunovale\/","article_published_time":"2014-09-15T20:18:13+00:00","og_image":[{"width":654,"height":450,"url":"https:\/\/aconteceunovale.com.br\/portal\/wp-content\/uploads\/2014\/09\/camara_montezuma.jpg","type":"image\/jpeg"}],"author":"Aconteceu no Vale","twitter_card":"summary_large_image","twitter_creator":"@noticiadosvales","twitter_site":"@noticiadosvales","twitter_misc":{"Escrito por":"Aconteceu no Vale","Est. tempo de leitura":"1 minuto"},"schema":{"@context":"https:\/\/schema.org","@graph":[{"@type":"Article","@id":"https:\/\/aconteceunovale.com.br\/portal\/?p=39970#article","isPartOf":{"@id":"https:\/\/aconteceunovale.com.br\/portal\/?p=39970"},"author":{"name":"Aconteceu no Vale","@id":"https:\/\/aconteceunovale.com.br\/portal\/#\/schema\/person\/633529146f2c94272bef50ac2953d589"},"headline":"Justi\u00e7a impede reuni\u00e3o da C\u00e2mara de Vereadores de Montezuma","datePublished":"2014-09-15T20:18:13+00:00","mainEntityOfPage":{"@id":"https:\/\/aconteceunovale.com.br\/portal\/?p=39970"},"wordCount":253,"commentCount":0,"image":{"@id":"https:\/\/aconteceunovale.com.br\/portal\/?p=39970#primaryimage"},"thumbnailUrl":"https:\/\/aconteceunovale.com.br\/portal\/wp-content\/uploads\/2014\/09\/camara_montezuma.jpg","keywords":["Ivo Alves Pereira","Justi\u00e7a impede reuni\u00e3o da C\u00e2mara de Vereadores de Montezuma","montezuma"],"articleSection":["Norte de Minas"],"inLanguage":"pt-BR","potentialAction":[{"@type":"CommentAction","name":"Comment","target":["https:\/\/aconteceunovale.com.br\/portal\/?p=39970#respond"]}]},{"@type":"WebPage","@id":"https:\/\/aconteceunovale.com.br\/portal\/?p=39970","url":"https:\/\/aconteceunovale.com.br\/portal\/?p=39970","name":"Justi\u00e7a impede reuni\u00e3o da C\u00e2mara de Vereadores de Montezuma - Aconteceu no Vale","isPartOf":{"@id":"https:\/\/aconteceunovale.com.br\/portal\/#website"},"primaryImageOfPage":{"@id":"https:\/\/aconteceunovale.com.br\/portal\/?p=39970#primaryimage"},"image":{"@id":"https:\/\/aconteceunovale.com.br\/portal\/?p=39970#primaryimage"},"thumbnailUrl":"https:\/\/aconteceunovale.com.br\/portal\/wp-content\/uploads\/2014\/09\/camara_montezuma.jpg","datePublished":"2014-09-15T20:18:13+00:00","author":{"@id":"https:\/\/aconteceunovale.com.br\/portal\/#\/schema\/person\/633529146f2c94272bef50ac2953d589"},"breadcrumb":{"@id":"https:\/\/aconteceunovale.com.br\/portal\/?p=39970#breadcrumb"},"inLanguage":"pt-BR","potentialAction":[{"@type":"ReadAction","target":["https:\/\/aconteceunovale.com.br\/portal\/?p=39970"]}]},{"@type":"ImageObject","inLanguage":"pt-BR","@id":"https:\/\/aconteceunovale.com.br\/portal\/?p=39970#primaryimage","url":"https:\/\/aconteceunovale.com.br\/portal\/wp-content\/uploads\/2014\/09\/camara_montezuma.jpg","contentUrl":"https:\/\/aconteceunovale.com.br\/portal\/wp-content\/uploads\/2014\/09\/camara_montezuma.jpg","width":654,"height":450},{"@type":"BreadcrumbList","@id":"https:\/\/aconteceunovale.com.br\/portal\/?p=39970#breadcrumb","itemListElement":[{"@type":"ListItem","position":1,"name":"In\u00edcio","item":"https:\/\/aconteceunovale.com.br\/portal\/"},{"@type":"ListItem","position":2,"name":"Justi\u00e7a impede reuni\u00e3o da C\u00e2mara de Vereadores de Montezuma"}]},{"@type":"WebSite","@id":"https:\/\/aconteceunovale.com.br\/portal\/#website","url":"https:\/\/aconteceunovale.com.br\/portal\/","name":"Aconteceu no Vale","description":"Portal de Not\u00edcias","potentialAction":[{"@type":"SearchAction","target":{"@type":"EntryPoint","urlTemplate":"https:\/\/aconteceunovale.com.br\/portal\/?s={search_term_string}"},"query-input":{"@type":"PropertyValueSpecification","valueRequired":true,"valueName":"search_term_string"}}],"inLanguage":"pt-BR"},{"@type":"Person","@id":"https:\/\/aconteceunovale.com.br\/portal\/#\/schema\/person\/633529146f2c94272bef50ac2953d589","name":"Aconteceu no Vale","description":"Equipe de reportagem do Aconteceu no Vale, portal de not\u00edcias do Vale do Jequitinhonha, em Minas Gerais. Cobrimos as 51 cidades do Vale desde 2013. Sugest\u00f5es de pauta e pedidos de corre\u00e7\u00e3o: contato@aconteceunovale.com.br","sameAs":["http:\/\/www.aconteceunovale.com.br"],"url":"https:\/\/aconteceunovale.com.br\/portal\/?author=1"}]}},"_links":{"self":[{"href":"https:\/\/aconteceunovale.com.br\/portal\/index.php?rest_route=\/wp\/v2\/posts\/39970","targetHints":{"allow":["GET"]}}],"collection":[{"href":"https:\/\/aconteceunovale.com.br\/portal\/index.php?rest_route=\/wp\/v2\/posts"}],"about":[{"href":"https:\/\/aconteceunovale.com.br\/portal\/index.php?rest_route=\/wp\/v2\/types\/post"}],"author":[{"embeddable":true,"href":"https:\/\/aconteceunovale.com.br\/portal\/index.php?rest_route=\/wp\/v2\/users\/1"}],"replies":[{"embeddable":true,"href":"https:\/\/aconteceunovale.com.br\/portal\/index.php?rest_route=%2Fwp%2Fv2%2Fcomments&post=39970"}],"version-history":[{"count":0,"href":"https:\/\/aconteceunovale.com.br\/portal\/index.php?rest_route=\/wp\/v2\/posts\/39970\/revisions"}],"wp:featuredmedia":[{"embeddable":true,"href":"https:\/\/aconteceunovale.com.br\/portal\/index.php?rest_route=\/wp\/v2\/media\/39971"}],"wp:attachment":[{"href":"https:\/\/aconteceunovale.com.br\/portal\/index.php?rest_route=%2Fwp%2Fv2%2Fmedia&parent=39970"}],"wp:term":[{"taxonomy":"category","embeddable":true,"href":"https:\/\/aconteceunovale.com.br\/portal\/index.php?rest_route=%2Fwp%2Fv2%2Fcategories&post=39970"},{"taxonomy":"post_tag","embeddable":true,"href":"https:\/\/aconteceunovale.com.br\/portal\/index.php?rest_route=%2Fwp%2Fv2%2Ftags&post=39970"}],"curies":[{"name":"wp","href":"https:\/\/api.w.org\/{rel}","templated":true}]}}