{"id":39920,"date":"2014-09-14T17:42:34","date_gmt":"2014-09-14T20:42:34","guid":{"rendered":"http:\/\/aconteceunovale.com.br\/portal\/?p=39920"},"modified":"2014-09-14T17:42:34","modified_gmt":"2014-09-14T20:42:34","slug":"homem-e-atingido-por-marteladas-na-cabeca-durante-assalto-em-malacacheta","status":"publish","type":"post","link":"https:\/\/aconteceunovale.com.br\/portal\/?p=39920","title":{"rendered":"Homem \u00e9 atingido por marteladas na cabe\u00e7a durante assalto em Malacacheta"},"content":{"rendered":"<h4><strong><em>Roubo aconteceu por volta das 4h deste domingo, no C\u00f3rrego S\u00e3o Jo\u00e3o da Mata. V\u00edtima sofreu escoria\u00e7\u00f5es na cabe\u00e7a e o seu estado de sa\u00fade \u00e9 est\u00e1vel.<\/em><\/strong><\/h4>\n<p>Dois homens e uma mulher foram presos pela Pol\u00edcia Militar (PM) depois de terem assaltado outro homem na madrugada deste domingo (14), na zona rural de Malacacheta, no Vale do Mucuri. Segundo a PM, o crime aconteceu por volta das 4h, no C\u00f3rrego S\u00e3o Jo\u00e3o da Mata.<\/p>\n<p>Os tr\u00eas suspeitos estavam juntos, na resid\u00eancia da v\u00edtima. Uma mulher que tamb\u00e9m fazia parte do grupo foi quem acionou a pol\u00edcia. Ela disse que foi contra o assalto. \u201cA namorada de um dos suspeitos veio falar comigo que eles haviam percebido que a v\u00edtima tinha muito dinheiro no bolso e que iriam assalt\u00e1-lo. Eu tentei impedir, mas um dos suspeitos me segurou\u201d, disse a mulher \u00e0 pol\u00edcia.<\/p>\n<p>Um dos suspeitos de 19 anos, atingiu a v\u00edtima com golpes de martelo, roubou o celular e os demais pertences da v\u00edtima e fugiu do local com os outros dois suspeitos. Um deles n\u00e3o teria participado da a\u00e7\u00e3o, mas n\u00e3o fez nada para impedir e at\u00e9 riu da v\u00edtima enquanto ela pedia por socorro.<\/p>\n<p>Ap\u00f3s a fuga do trio, a mulher acionou a pol\u00edcia. Durante rastreamento a pol\u00edcia encontrou os suspeitos e todos negaram estar com qualquer objeto. Por\u00e9m, o celular da v\u00edtima foi encontrado com o casal. Com o outro suspeito, nada foi encontrado. Os tr\u00eas foram presos em flagrante e encaminhados \u00e0 delegacia de Malacacheta.<\/p>\n<p>A v\u00edtima sofreu v\u00e1rias escoria\u00e7\u00f5es na cabe\u00e7a e o seu estado de sa\u00fade \u00e9 est\u00e1vel. (G1)<\/p>\n","protected":false},"excerpt":{"rendered":"<p>Roubo aconteceu por volta das 4h deste domingo, no C\u00f3rrego S\u00e3o Jo\u00e3o da Mata. V\u00edtima sofreu escoria\u00e7\u00f5es na cabe\u00e7a e o seu estado de sa\u00fade \u00e9 est\u00e1vel. Dois homens e uma mulher foram presos pela Pol\u00edcia Militar (PM) depois de terem assaltado outro homem na madrugada deste domingo (14), na zona rural de Malacacheta, no [&hellip;]<\/p>\n","protected":false},"author":1,"featured_media":39921,"comment_status":"open","ping_status":"closed","sticky":false,"template":"","format":"standard","meta":{"amp_status":"","footnotes":""},"categories":[122],"tags":[16059,226],"class_list":["post-39920","post","type-post","status-publish","format-standard","has-post-thumbnail","hentry","category-mucuri","tag-homem-e-atingido-por-marteladas-na-cabeca-durante-assalto-em-malacacheta","tag-malacacheta"],"_links":{"self":[{"href":"https:\/\/aconteceunovale.com.br\/portal\/index.php?rest_route=\/wp\/v2\/posts\/39920","targetHints":{"allow":["GET"]}}],"collection":[{"href":"https:\/\/aconteceunovale.com.br\/portal\/index.php?rest_route=\/wp\/v2\/posts"}],"about":[{"href":"https:\/\/aconteceunovale.com.br\/portal\/index.php?rest_route=\/wp\/v2\/types\/post"}],"author":[{"embeddable":true,"href":"https:\/\/aconteceunovale.com.br\/portal\/index.php?rest_route=\/wp\/v2\/users\/1"}],"replies":[{"embeddable":true,"href":"https:\/\/aconteceunovale.com.br\/portal\/index.php?rest_route=%2Fwp%2Fv2%2Fcomments&post=39920"}],"version-history":[{"count":0,"href":"https:\/\/aconteceunovale.com.br\/portal\/index.php?rest_route=\/wp\/v2\/posts\/39920\/revisions"}],"wp:featuredmedia":[{"embeddable":true,"href":"https:\/\/aconteceunovale.com.br\/portal\/index.php?rest_route=\/wp\/v2\/media\/39921"}],"wp:attachment":[{"href":"https:\/\/aconteceunovale.com.br\/portal\/index.php?rest_route=%2Fwp%2Fv2%2Fmedia&parent=39920"}],"wp:term":[{"taxonomy":"category","embeddable":true,"href":"https:\/\/aconteceunovale.com.br\/portal\/index.php?rest_route=%2Fwp%2Fv2%2Fcategories&post=39920"},{"taxonomy":"post_tag","embeddable":true,"href":"https:\/\/aconteceunovale.com.br\/portal\/index.php?rest_route=%2Fwp%2Fv2%2Ftags&post=39920"}],"curies":[{"name":"wp","href":"https:\/\/api.w.org\/{rel}","templated":true}]}}