{"id":39797,"date":"2014-09-12T09:59:18","date_gmt":"2014-09-12T12:59:18","guid":{"rendered":"http:\/\/aconteceunovale.com.br\/portal\/?p=39797"},"modified":"2014-09-12T09:59:18","modified_gmt":"2014-09-12T12:59:18","slug":"fosseis-encontrados-em-januaria-indicam-que-minas-ja-teve-mar-ha-550-milhoes-de-anos","status":"publish","type":"post","link":"https:\/\/aconteceunovale.com.br\/portal\/?p=39797","title":{"rendered":"F\u00f3sseis encontrados em Janu\u00e1ria indicam que Minas j\u00e1 teve mar h\u00e1 550 milh\u00f5es de anos"},"content":{"rendered":"<p>Fragmentos f\u00f3sseis de animais marinhos que viveram na Terra h\u00e1 cerca de 550 milh\u00f5es de anos, encontrados incrustados num pared\u00e3o e em outros afloramentos de rochas em Janu\u00e1ria, no Norte de Minas, indicam que essa regi\u00e3o foi cortada pelo mar, possivelmente o \u00faltimo litoral mineiro. Os estudos continuam e novas coletas devem ser feitas neste ano na regi\u00e3o.<\/p>\n<p>Os f\u00f3sseis foram encontrados por uma equipe de ge\u00f3logos e paleont\u00f3logos da Universidade de S\u00e3o Paulo e da Universidade Estadual Paulista (Unesp) em abril de 2013. Em mar\u00e7o deste ano, um artigo sobre a descoberta foi publicado na revista cient\u00edfica \u201cGeology\u201d. O achado s\u00e3o diminutos fragmentos de animais marinhos do g\u00eanero cloudina, seres de formato tubular compostos por uma sucess\u00e3o de cones calc\u00e1rios encaixados uns sobre os outros.<\/p>\n<p>Al\u00e9m das pedreiras nos arredores de Janu\u00e1ria, os f\u00f3sseis foram encontrados em afloramentos de rochas da Forma\u00e7\u00e3o Sete Lagoas, que faz parte do Grupo Bambu\u00ed, uma unidade sedimentar da bacia sanfranciscana que se espalha por aproximadamente 300 mil quil\u00f4metros quadrados e abarca vastas por\u00e7\u00f5es de Minas e da Bahia, al\u00e9m de se estender para Goi\u00e1s, Tocantins e Distrito Federal.<\/p>\n<p><img decoding=\"async\" src=\"http:\/\/aconteceunovale.com.br\/portal\/wp-content\/uploads\/2014\/09\/fosseis_januaria.jpg\" alt=\"\" \/><em>F\u00f3sseis de animais marinhos foram encontrados em Janu\u00e1ria &#8211; Foto: Pedro Strikis\/HD<\/em><br \/>\n<\/br><\/p>\n<p>Para os pesquisadores, os f\u00f3sseis s\u00e3o a prova irrefut\u00e1vel de que, h\u00e1 pouco mais de meio bilh\u00e3o de anos, um bra\u00e7o de mar, raso, com no m\u00e1ximo dez metros de profundidade, cobria essa parte do Brasil. \u201cEssa deve ter sido a \u00faltima praia que Minas teve\u201d, disse o ge\u00f3logo Lucas Warren, professor do Instituto de Geoci\u00eancias e Ci\u00eancias Exatas de Rio Claro, da Unesp. \u201cN\u00e3o podemos dizer que esta foi a \u00fanica entrada de mar na regi\u00e3o, mas, seguramente esses f\u00f3sseis correspondem aos primeiros animais com esqueleto da Terra\u201d, disse Warren.<\/p>\n<p>Segundo ele, at\u00e9 ent\u00e3o ningu\u00e9m havia encontrado f\u00f3sseis de animais no Grupo Bambu\u00ed. \u201cAl\u00e9m das cloudinas, tamb\u00e9m achamos ao menos tr\u00eas fragmentos atribu\u00eddos ao g\u00eanero Corumbella e rastros em rocha deixados, provavelmente, por um animal de corpo mole. Tamb\u00e9m dotadas possivelmente de um esqueleto, as corumbellas dividiam o mesmo ambiente marinho com as cloudinas\u201d, explicou.<\/p>\n<h4>S\u00e3o Francisco, o rio-mar<\/h4>\n<p>Janu\u00e1ria tem pouco menos de 70 mil habitantes e rela\u00e7\u00e3o \u00edntima com as \u00e1guas. O munic\u00edpio \u00e9 conhecido por suas cachoeiras, grutas calc\u00e1rias e cacha\u00e7as artesanais. Sua posi\u00e7\u00e3o geogr\u00e1fica estrat\u00e9gica, \u00e0s margens do rio S\u00e3o Francisco, fez com que fosse um importante porto e entreposto comercial na \u00e9poca colonial. Os antigos \u00edndios da regi\u00e3o n\u00e3o sabiam, mas intuitivamente chamavam o grande S\u00e3o Francisco de opar\u00e1 (rio-mar).<\/p>\n<h4>Blocos de rochas eram diferentes dos atuais<\/h4>\n<p>No novo estudo, os pesquisadores defendem a hip\u00f3tese de que o bra\u00e7o de mar pouco profundo cobria n\u00e3o apenas a parte do territ\u00f3rio nacional com rochas do Grupo Bambu\u00ed, mas vastas por\u00e7\u00f5es do leste da Am\u00e9rica do Sul, do oeste da \u00c1frica e do sul da Ant\u00e1rtida. \u201cEsse mar conectava os tr\u00eas continentes e se ligava ao oceano\u201d, afirmou o bi\u00f3logo Pedro Strikis, do Instituto de Geoci\u00eancias da USP.<\/p>\n<p>Os pesquisadores sustentam que h\u00e1 pouco mais de meio bilh\u00e3o de anos, a conforma\u00e7\u00e3o dos blocos rochosos razoavelmente est\u00e1veis que constituem a crosta continental, denominados cr\u00e1tons pelos ge\u00f3logos, era diferente da atual. A Am\u00e9rica do Sul, a \u00c1frica e a Ant\u00e1rtida estavam ligadas entre si. Eram parte do Gondwana, o supercontinente austral que reunia a maior por\u00e7\u00e3o das terras hoje situadas no hemisf\u00e9rio Sul.<\/p>\n<p>Apesar de ainda ocorrerem debates intensos entre os pesquisadores brasileiros sobre como e quando exatamente todas as pe\u00e7as do Gondwana se juntaram (se h\u00e1 520 milh\u00f5es ou 620 milh\u00f5es de anos), \u00e9 consensual a vis\u00e3o de que a maior parte da Am\u00e9rica do Sul j\u00e1 estava ligada \u00e0 \u00c1frica e \u00e0 Ant\u00e1rtida por volta de 550 milh\u00f5es de anos.<\/p>\n<p><strong>(Hoje em Dia)<\/strong><\/p>\n","protected":false},"excerpt":{"rendered":"<p>Fragmentos f\u00f3sseis de animais marinhos que viveram na Terra h\u00e1 cerca de 550 milh\u00f5es de anos, encontrados incrustados num pared\u00e3o e em outros afloramentos de rochas em Janu\u00e1ria, no Norte de Minas, indicam que essa regi\u00e3o foi cortada pelo mar, possivelmente o \u00faltimo litoral mineiro. Os estudos continuam e novas coletas devem ser feitas neste [&hellip;]<\/p>\n","protected":false},"author":1,"featured_media":39798,"comment_status":"open","ping_status":"closed","sticky":false,"template":"","format":"standard","meta":{"amp_status":"","footnotes":""},"categories":[123],"tags":[15914,15912,15913,1018,15915,205,6330],"class_list":["post-39797","post","type-post","status-publish","format-standard","has-post-thumbnail","hentry","category-gerais","tag-descoberta-de-fosseis-marinhos-em-minas-gerais","tag-descobertas-de-fosseis-em-januaria","tag-descobertas-de-fosseis-marinhos-em-januariad","tag-destaque","tag-fosseis-encontrados-em-januaria-indicam-que-minas-ja-teve-mar-ha-550-milhoes-de-anos","tag-januaria","tag-rio-sao-francisco"],"_links":{"self":[{"href":"https:\/\/aconteceunovale.com.br\/portal\/index.php?rest_route=\/wp\/v2\/posts\/39797","targetHints":{"allow":["GET"]}}],"collection":[{"href":"https:\/\/aconteceunovale.com.br\/portal\/index.php?rest_route=\/wp\/v2\/posts"}],"about":[{"href":"https:\/\/aconteceunovale.com.br\/portal\/index.php?rest_route=\/wp\/v2\/types\/post"}],"author":[{"embeddable":true,"href":"https:\/\/aconteceunovale.com.br\/portal\/index.php?rest_route=\/wp\/v2\/users\/1"}],"replies":[{"embeddable":true,"href":"https:\/\/aconteceunovale.com.br\/portal\/index.php?rest_route=%2Fwp%2Fv2%2Fcomments&post=39797"}],"version-history":[{"count":0,"href":"https:\/\/aconteceunovale.com.br\/portal\/index.php?rest_route=\/wp\/v2\/posts\/39797\/revisions"}],"wp:featuredmedia":[{"embeddable":true,"href":"https:\/\/aconteceunovale.com.br\/portal\/index.php?rest_route=\/wp\/v2\/media\/39798"}],"wp:attachment":[{"href":"https:\/\/aconteceunovale.com.br\/portal\/index.php?rest_route=%2Fwp%2Fv2%2Fmedia&parent=39797"}],"wp:term":[{"taxonomy":"category","embeddable":true,"href":"https:\/\/aconteceunovale.com.br\/portal\/index.php?rest_route=%2Fwp%2Fv2%2Fcategories&post=39797"},{"taxonomy":"post_tag","embeddable":true,"href":"https:\/\/aconteceunovale.com.br\/portal\/index.php?rest_route=%2Fwp%2Fv2%2Ftags&post=39797"}],"curies":[{"name":"wp","href":"https:\/\/api.w.org\/{rel}","templated":true}]}}