{"id":39793,"date":"2014-09-12T09:30:51","date_gmt":"2014-09-12T12:30:51","guid":{"rendered":"http:\/\/aconteceunovale.com.br\/portal\/?p=39793"},"modified":"2014-09-12T09:30:51","modified_gmt":"2014-09-12T12:30:51","slug":"certidoes-negativas-nao-sao-mais-exigidas-nas-juntas-comerciais","status":"publish","type":"post","link":"https:\/\/aconteceunovale.com.br\/portal\/?p=39793","title":{"rendered":"Certid\u00f5es negativas n\u00e3o s\u00e3o mais exigidas nas Juntas Comerciais"},"content":{"rendered":"<p>Desde essa quinta-feira, 11 de setembro, as empresas est\u00e3o dispensadas de apresentar nas juntas comerciais certid\u00f5es negativas de d\u00e9bitos tribut\u00e1rios, previdenci\u00e1rios e trabalhistas. <\/p>\n<p>Desse modo, as empresas passam a pedir a baixa de seus registros e inscri\u00e7\u00f5es imediatamente ap\u00f3s o encerramento das suas opera\u00e7\u00f5es. Caso sejam identificados d\u00e9bitos tribut\u00e1rios nas empresas encerradas, os s\u00f3cios ser\u00e3o responsabilizados como j\u00e1 previsto na regra atual. <\/p>\n<p>A medida, publicada no Di\u00e1rio Oficial da Uni\u00e3o, foi estabelecida por meio das instru\u00e7\u00f5es normativas 25 e 26 do Departamento de Registro Empresarial e Integra\u00e7\u00e3o (DREI) da Secretaria da Micro e Pequena Empresa (SMPE).<\/p>\n<p>A nova norma \u00e9 baseada na Lei 147\/2014, e tem como objetivo simplificar o registro nas Juntas Comerciais de todo o Brasil. Antes da nova lei, a dispensa de certid\u00f5es para a baixa de empresas somente era garantida ap\u00f3s o prazo de um ano de inatividade.<\/p>\n<p>Al\u00e9m da baixa, as certid\u00f5es n\u00e3o ser\u00e3o mais obrigat\u00f3rias nas opera\u00e7\u00f5es de extin\u00e7\u00e3o, redu\u00e7\u00e3o de capital, cis\u00e3o total ou parcial, incorpora\u00e7\u00e3o, fus\u00e3o transforma\u00e7\u00e3o, transfer\u00eancia do controle de cotas e desmembramento. <\/p>\n<p>Para o ministro da Secretaria da Micro e Pequena Empresa, Guilherme Afif Domingos, a medida \u00e9 um grande avan\u00e7o em um Pa\u00eds onde o fechamento de empresas \u00e9 considerado imposs\u00edvel.<\/p>\n<p>\u201cTemos cerca de um milh\u00e3o de CNPJs inativos que n\u00e3o s\u00e3o fechados por conta da m\u00e1 burocracia. Sem a exig\u00eancia da certid\u00e3o, vamos encerrar as empresas na hora. Inclusive isso j\u00e1 ser\u00e1 poss\u00edvel no Distrito Federal a partir do dia 25 de setembro. E estamos trabalhando para que essa opera\u00e7\u00e3o se estenda para todo o Brasil o mais breve poss\u00edvel\u201d, destacou Afif. <\/p>\n<p>Em 2013, as Juntas Comerciais processaram mais 1,6 milh\u00e3o de altera\u00e7\u00f5es e 200 mil baixas de empresas. A dispensa de certid\u00f5es diminui a burocracia e reduz custos para os empreendedores, al\u00e9m de agilizar o atendimento das suas demandas pela simplifica\u00e7\u00e3o da an\u00e1lise nos \u00f3rg\u00e3os de registro. (Portal Brasil)<\/p>\n","protected":false},"excerpt":{"rendered":"<p>Desde essa quinta-feira, 11 de setembro, as empresas est\u00e3o dispensadas de apresentar nas juntas comerciais certid\u00f5es negativas de d\u00e9bitos tribut\u00e1rios, previdenci\u00e1rios e trabalhistas. Desse modo, as empresas passam a pedir a baixa de seus registros e inscri\u00e7\u00f5es imediatamente ap\u00f3s o encerramento das suas opera\u00e7\u00f5es. Caso sejam identificados d\u00e9bitos tribut\u00e1rios nas empresas encerradas, os s\u00f3cios ser\u00e3o [&hellip;]<\/p>\n","protected":false},"author":1,"featured_media":39794,"comment_status":"open","ping_status":"closed","sticky":false,"template":"","format":"standard","meta":{"amp_status":"","footnotes":""},"categories":[6],"tags":[15911,15909,15910],"class_list":["post-39793","post","type-post","status-publish","format-standard","has-post-thumbnail","hentry","category-br","tag-certidoes-negativas","tag-certidoes-negativas-nao-sao-mais-exigidas-nas-juntas-comerciais","tag-juntas-comerciais"],"_links":{"self":[{"href":"https:\/\/aconteceunovale.com.br\/portal\/index.php?rest_route=\/wp\/v2\/posts\/39793","targetHints":{"allow":["GET"]}}],"collection":[{"href":"https:\/\/aconteceunovale.com.br\/portal\/index.php?rest_route=\/wp\/v2\/posts"}],"about":[{"href":"https:\/\/aconteceunovale.com.br\/portal\/index.php?rest_route=\/wp\/v2\/types\/post"}],"author":[{"embeddable":true,"href":"https:\/\/aconteceunovale.com.br\/portal\/index.php?rest_route=\/wp\/v2\/users\/1"}],"replies":[{"embeddable":true,"href":"https:\/\/aconteceunovale.com.br\/portal\/index.php?rest_route=%2Fwp%2Fv2%2Fcomments&post=39793"}],"version-history":[{"count":0,"href":"https:\/\/aconteceunovale.com.br\/portal\/index.php?rest_route=\/wp\/v2\/posts\/39793\/revisions"}],"wp:featuredmedia":[{"embeddable":true,"href":"https:\/\/aconteceunovale.com.br\/portal\/index.php?rest_route=\/wp\/v2\/media\/39794"}],"wp:attachment":[{"href":"https:\/\/aconteceunovale.com.br\/portal\/index.php?rest_route=%2Fwp%2Fv2%2Fmedia&parent=39793"}],"wp:term":[{"taxonomy":"category","embeddable":true,"href":"https:\/\/aconteceunovale.com.br\/portal\/index.php?rest_route=%2Fwp%2Fv2%2Fcategories&post=39793"},{"taxonomy":"post_tag","embeddable":true,"href":"https:\/\/aconteceunovale.com.br\/portal\/index.php?rest_route=%2Fwp%2Fv2%2Ftags&post=39793"}],"curies":[{"name":"wp","href":"https:\/\/api.w.org\/{rel}","templated":true}]}}