{"id":39787,"date":"2014-09-11T23:26:46","date_gmt":"2014-09-12T02:26:46","guid":{"rendered":"http:\/\/aconteceunovale.com.br\/portal\/?p=39787"},"modified":"2014-09-11T23:26:46","modified_gmt":"2014-09-12T02:26:46","slug":"carro-fica-prensado-entre-caminhao-e-meio-fio-em-ipatinga","status":"publish","type":"post","link":"https:\/\/aconteceunovale.com.br\/portal\/?p=39787","title":{"rendered":"Carro fica prensado entre caminh\u00e3o e meio fio em Ipatinga"},"content":{"rendered":"<h4><strong><em>Motorista n\u00e3o teria visto o carro quando mudou de faixa<\/em><\/strong><\/h4>\n<p>Um carro ficou prensado entre um caminh\u00e3o e o meio fio pr\u00f3ximo ao viaduto do Parque Ipanema, em Ipatinga, no Vale do A\u00e7o. O acidente ocorreu na manh\u00e3 desta quinta-feira (11). Testemunhas contaram \u00e0 Pol\u00edcia Militar Rodovi\u00e1ria que o carro de passeio teria ficado num \u201cponto cego\u201d do caminh\u00e3o placas HOA-1409, de Contagem.<\/p>\n<p>O condutor do ve\u00edculo de carga teria tentado mudar de faixa para a esquerda quando acabou pressionando o Gol contra o meio fio. A motorista do carro de passeio saiu ilesa do acidente, por\u00e9m o carro teve perda total. <\/p>\n<p>De acordo com o Sargento Ara\u00fajo da PMR o acidente poderia ter sido pior se a condutora n\u00e3o tivesse usando cinto de seguran\u00e7a. \u201cSe ela n\u00e3o estivesse fazendo uso do cinto de seguran\u00e7a, com certeza ela teria sido machucada e possivelmente gravemente\u201d, considerou o policial. A porta do carro de passeio teve que ser arrombada para que a motorista pudesse sair do carro.<\/p>\n<p><img decoding=\"async\" src=\"http:\/\/aconteceunovale.com.br\/portal\/wp-content\/uploads\/2014\/09\/acidente_ipatinga_11_9.jpg\" alt=\"\" \/><em>V\u00edtima do carro saiu ilesa do acidente &#8211; Foto: Plant\u00e3o Policial<\/em><br \/>\n<\/br><\/p>\n<p><strong>(Jornal Vale do A\u00e7o)<\/strong><\/p>\n","protected":false},"excerpt":{"rendered":"<p>Motorista n\u00e3o teria visto o carro quando mudou de faixa Um carro ficou prensado entre um caminh\u00e3o e o meio fio pr\u00f3ximo ao viaduto do Parque Ipanema, em Ipatinga, no Vale do A\u00e7o. O acidente ocorreu na manh\u00e3 desta quinta-feira (11). Testemunhas contaram \u00e0 Pol\u00edcia Militar Rodovi\u00e1ria que o carro de passeio teria ficado num [&hellip;]<\/p>\n","protected":false},"author":1,"featured_media":39788,"comment_status":"open","ping_status":"closed","sticky":false,"template":"","format":"standard","meta":{"amp_status":"","footnotes":""},"categories":[121],"tags":[15908,956,1018,201],"class_list":["post-39787","post","type-post","status-publish","format-standard","has-post-thumbnail","hentry","category-leste","tag-carro-fica-prensado-entre-caminhao-e-meio-fio-em-ipatinga","tag-contagem","tag-destaque","tag-ipatinga"],"_links":{"self":[{"href":"https:\/\/aconteceunovale.com.br\/portal\/index.php?rest_route=\/wp\/v2\/posts\/39787","targetHints":{"allow":["GET"]}}],"collection":[{"href":"https:\/\/aconteceunovale.com.br\/portal\/index.php?rest_route=\/wp\/v2\/posts"}],"about":[{"href":"https:\/\/aconteceunovale.com.br\/portal\/index.php?rest_route=\/wp\/v2\/types\/post"}],"author":[{"embeddable":true,"href":"https:\/\/aconteceunovale.com.br\/portal\/index.php?rest_route=\/wp\/v2\/users\/1"}],"replies":[{"embeddable":true,"href":"https:\/\/aconteceunovale.com.br\/portal\/index.php?rest_route=%2Fwp%2Fv2%2Fcomments&post=39787"}],"version-history":[{"count":0,"href":"https:\/\/aconteceunovale.com.br\/portal\/index.php?rest_route=\/wp\/v2\/posts\/39787\/revisions"}],"wp:featuredmedia":[{"embeddable":true,"href":"https:\/\/aconteceunovale.com.br\/portal\/index.php?rest_route=\/wp\/v2\/media\/39788"}],"wp:attachment":[{"href":"https:\/\/aconteceunovale.com.br\/portal\/index.php?rest_route=%2Fwp%2Fv2%2Fmedia&parent=39787"}],"wp:term":[{"taxonomy":"category","embeddable":true,"href":"https:\/\/aconteceunovale.com.br\/portal\/index.php?rest_route=%2Fwp%2Fv2%2Fcategories&post=39787"},{"taxonomy":"post_tag","embeddable":true,"href":"https:\/\/aconteceunovale.com.br\/portal\/index.php?rest_route=%2Fwp%2Fv2%2Ftags&post=39787"}],"curies":[{"name":"wp","href":"https:\/\/api.w.org\/{rel}","templated":true}]}}