{"id":39731,"date":"2014-09-11T11:13:57","date_gmt":"2014-09-11T14:13:57","guid":{"rendered":"http:\/\/aconteceunovale.com.br\/portal\/?p=39731"},"modified":"2014-09-11T11:13:57","modified_gmt":"2014-09-11T14:13:57","slug":"suspeito-de-homicidios-e-preso-apos-trocar-tiros-com-a-policia-em-aracuai","status":"publish","type":"post","link":"https:\/\/aconteceunovale.com.br\/portal\/?p=39731","title":{"rendered":"Suspeito de homic\u00eddios \u00e9 preso ap\u00f3s trocar tiros com a pol\u00edcia em Ara\u00e7ua\u00ed"},"content":{"rendered":"<h4><strong><em>Antero de Sousa Barbosa, 29 anos, \u00e9 acusado de matar dois rivais no prazo de uma semana, em Ara\u00e7ua\u00ed. Ele j\u00e1 cumpriu pena por homic\u00eddio.<\/em><\/strong><\/h4>\n<p>Um homem suspeito de homic\u00eddios em Ara\u00e7ua\u00ed, no Vale do Jequitinhonha, foi preso na noite desta quarta-feira (10) ap\u00f3s trocar tiros com a Pol\u00edcia Militar. Antero de Sousa Barbosa, de 29 anos,  estava em um bar do bairro Corredor, quando foi surpreendido por policiais militares.<\/p>\n<p>Ele recebeu voz de pris\u00e3o e resistiu. De acordo com informa\u00e7\u00f5es do registro de ocorr\u00eancia da Pol\u00edcia Militar, houve troca de tiros e ele acabou sendo atingido por uma bala em uma das pernas. A pris\u00e3o de Antero ocorreu por volta das 22 h. Ele foi levado pela pr\u00f3pria pol\u00edcia para o hospital S\u00e3o Vicente. <\/p>\n<p>Antero de Sousa Barbosa, residente no povoado de Alfredo Gra\u00e7a, possui v\u00e1rias passagens pela pol\u00edcia e j\u00e1 cumpriu pena  por homic\u00eddio e tentativa de homic\u00eddio.<\/p>\n<p>Ele \u00e9 suspeito de matar um homem a tiros, na noite de 23 de agosto,  no bairro Arraial. O autor teria uma rixa antiga com o desafeto. Ele tamb\u00e9m \u00e9 suspeito de ter assassinado Sabino Ferreira Barbosa, de 30 anos, residente no bairro Corredor, no \u00faltimo dia 30. Sabino foi morto com dois tiros nas costas. A pol\u00edcia informou que ele tinha passagem por furto.<\/p>\n<p>Antero de Sousa Barbosa estava com mandado de pris\u00e3o decretado pelo juiz da Comarca de Ara\u00e7ua\u00ed e ap\u00f3s a libera\u00e7\u00e3o do hospital ser\u00e1 encaminhado para a cadeia da cidade.<\/p>\n<p><em>(Gazeta de Ara\u00e7ua\u00ed)<\/em><\/p>\n","protected":false},"excerpt":{"rendered":"<p>Antero de Sousa Barbosa, 29 anos, \u00e9 acusado de matar dois rivais no prazo de uma semana, em Ara\u00e7ua\u00ed. Ele j\u00e1 cumpriu pena por homic\u00eddio. Um homem suspeito de homic\u00eddios em Ara\u00e7ua\u00ed, no Vale do Jequitinhonha, foi preso na noite desta quarta-feira (10) ap\u00f3s trocar tiros com a Pol\u00edcia Militar. Antero de Sousa Barbosa, de [&hellip;]<\/p>\n","protected":false},"author":1,"featured_media":28427,"comment_status":"open","ping_status":"closed","sticky":false,"template":"","format":"standard","meta":{"amp_status":"","footnotes":""},"categories":[120],"tags":[14341,186,14851,15864],"class_list":["post-39731","post","type-post","status-publish","format-standard","has-post-thumbnail","hentry","category-jequi","tag-antero-de-sousa-barbosa","tag-aracuai","tag-sabino-ferreira-barbosa","tag-suspeito-de-homicidios-e-preso-apos-trocar-tiros-com-a-policia-em-aracuai"],"_links":{"self":[{"href":"https:\/\/aconteceunovale.com.br\/portal\/index.php?rest_route=\/wp\/v2\/posts\/39731","targetHints":{"allow":["GET"]}}],"collection":[{"href":"https:\/\/aconteceunovale.com.br\/portal\/index.php?rest_route=\/wp\/v2\/posts"}],"about":[{"href":"https:\/\/aconteceunovale.com.br\/portal\/index.php?rest_route=\/wp\/v2\/types\/post"}],"author":[{"embeddable":true,"href":"https:\/\/aconteceunovale.com.br\/portal\/index.php?rest_route=\/wp\/v2\/users\/1"}],"replies":[{"embeddable":true,"href":"https:\/\/aconteceunovale.com.br\/portal\/index.php?rest_route=%2Fwp%2Fv2%2Fcomments&post=39731"}],"version-history":[{"count":0,"href":"https:\/\/aconteceunovale.com.br\/portal\/index.php?rest_route=\/wp\/v2\/posts\/39731\/revisions"}],"wp:featuredmedia":[{"embeddable":true,"href":"https:\/\/aconteceunovale.com.br\/portal\/index.php?rest_route=\/wp\/v2\/media\/28427"}],"wp:attachment":[{"href":"https:\/\/aconteceunovale.com.br\/portal\/index.php?rest_route=%2Fwp%2Fv2%2Fmedia&parent=39731"}],"wp:term":[{"taxonomy":"category","embeddable":true,"href":"https:\/\/aconteceunovale.com.br\/portal\/index.php?rest_route=%2Fwp%2Fv2%2Fcategories&post=39731"},{"taxonomy":"post_tag","embeddable":true,"href":"https:\/\/aconteceunovale.com.br\/portal\/index.php?rest_route=%2Fwp%2Fv2%2Ftags&post=39731"}],"curies":[{"name":"wp","href":"https:\/\/api.w.org\/{rel}","templated":true}]}}