{"id":39726,"date":"2014-09-11T10:49:37","date_gmt":"2014-09-11T13:49:37","guid":{"rendered":"http:\/\/aconteceunovale.com.br\/portal\/?p=39726"},"modified":"2014-09-11T10:49:37","modified_gmt":"2014-09-11T13:49:37","slug":"adolescente-desaparecida-e-encontrada-amigada-com-homem-de-52-anos-no-vale-do-aco","status":"publish","type":"post","link":"https:\/\/aconteceunovale.com.br\/portal\/?p=39726","title":{"rendered":"Adolescente desaparecida \u00e9 encontrada \u201camigada\u201d com homem de 52 anos no Vale do A\u00e7o"},"content":{"rendered":"<h4><strong><em>Adolescente fugiu de casa h\u00e1 mais de oito meses. A princ\u00edpio, menor e homem viviam rela\u00e7\u00e3o de pai e filha, mas depois se envolveram sexualmente<\/em><\/strong><\/h4>\n<p>Uma adolescente de 16 anos, que estava desaparecida h\u00e1 mais de oito meses, foi encontrada em Santana do Para\u00edso, no Vale do A\u00e7o, vivendo como mulher de um homem de 52 anos. A menor foi localizada nessa ter\u00e7a-feira (9), mas ainda n\u00e3o voltou para a casa da fam\u00edlia em Carrancas, no Sul do Estado.<\/p>\n<p>De acordo com o boletim de ocorr\u00eancia da Pol\u00edcia Militar, o homem entrou em contato com a corpora\u00e7\u00e3o informando que sua enteada havia sido abusada por um jovem de 17 anos. O garoto teria ido at\u00e9 a casa da menina, localizada na Rua Amora, no bairro Bom Pastor, e passado a m\u00e3o em seus seios. Al\u00e9m disso, o menino teria tentando arrancar a roupa da menor. Ele fugiu e n\u00e3o foi localizado.<\/p>\n<p>Durante o registro da ocorr\u00eancia, ao consultar o nome da menina no sistema, militares descobriram que havia um boletim de desaparecimento feito pela fam\u00edlia dela no dia 25 de dezembro de 2013. Ao ser questionada pelos policiais, a adolescente contou que conheceu o marido por um chat de relacionamento e, como n\u00e3o se dava bem com os familiares, resolveu fugir de casa.<\/p>\n<p>A princ\u00edpio, a menina seria tratada como filha pelo suspeito, mas, durante os meses de conviv\u00eancia, eles iniciaram um relacionamento amoroso. Para a corpora\u00e7\u00e3o, a garota disse que era proibida de sair de casa e teria sido agredida pelo homem. Ele foi conduzido \u00e0 delegacia da cidade para prestar esclarecimentos.<\/p>\n<p>O Conselho Tutelar foi acionado e acompanhou o caso. Segundo a conselheira Leila Cristina da Silva, na delegacia, a adolescente defendeu o homem por v\u00e1rias vezes.<\/p>\n<p>\u201cA menina disse que veio para Santana do Para\u00edso por vontade pr\u00f3pria. Ele foi busc\u00e1-la em Carrancas. No come\u00e7o, os dois tinham um relacionamento de pai e filha, mas depois eles come\u00e7aram a se relacionar como homem e mulher, inclusive sexualmente. Tudo com o consentimento dela\u201d, explicou Leila.<\/p>\n<p>Durante a conversa com a conselheira e a delegada, a menor disse que fugiu da casa da fam\u00edlia porque era constantemente agredida. A menina disse que morava com os av\u00f3s, uma vez que a m\u00e3e morreu contaminada com o v\u00edrus HIV e o pai foi assassinado a tiros.<\/p>\n<p>\u201cEla n\u00e3o estudava e, na delegacia, disse que levou apenas um tapa no rosto quando chegou na cidade e, mesmo assim, porque teria provocado o homem. Al\u00e9m disso, a jovem disse que o companheiro n\u00e3o a deixava sair para longe com medo que ela se perdesse\u201d, disse a conselheira.<\/p>\n<p>A adolescente chegou a afirmar que n\u00e3o deseja voltar para Carrancas e, caso seja obrigada a conviver com a fam\u00edlia biol\u00f3gica, vai fugir novamente. \u201cAinda n\u00e3o fizemos contato com os familiares da jovem. Estamos tentando contato com o Conselho Tutelar de Carrancas\u201d, disse Leila.<\/p>\n<h4>Na casa da sogra<\/h4>\n<p>Depois que o homem foi encaminhado \u00e0 delegacia, a menina preferiu ir para a casa da sogra em Tim\u00f3teo, na mesma regi\u00e3o. Conforme informa\u00e7\u00f5es da conselheira, a menor tinha contato \u00e0 fam\u00edlia do marido e j\u00e1 havia participado de festas com ele.<\/p>\n<p><strong>(O Tempo)<\/strong><\/p>\n","protected":false},"excerpt":{"rendered":"<p>Adolescente fugiu de casa h\u00e1 mais de oito meses. A princ\u00edpio, menor e homem viviam rela\u00e7\u00e3o de pai e filha, mas depois se envolveram sexualmente Uma adolescente de 16 anos, que estava desaparecida h\u00e1 mais de oito meses, foi encontrada em Santana do Para\u00edso, no Vale do A\u00e7o, vivendo como mulher de um homem de [&hellip;]<\/p>\n","protected":false},"author":1,"featured_media":13667,"comment_status":"open","ping_status":"closed","sticky":false,"template":"","format":"standard","meta":{"amp_status":"","footnotes":""},"categories":[121],"tags":[15859,15858,15856,15857,2101,1105],"class_list":["post-39726","post","type-post","status-publish","format-standard","has-post-thumbnail","hentry","category-leste","tag-adolescente-desaparecida-e-encontrada-amigada-com-homem-de-52-anos-em-santana-do-paraiso","tag-adolescente-desaparecida-e-encontrada-amigada-com-homem-de-52-anos-no-vale-do-aco","tag-adolescente-desaparecida-em-carrancas","tag-adolescente-desaparecida-em-carrancas-e-encontrada-em-santana-do-paraiso","tag-santana-do-paraiso","tag-timoteo"],"_links":{"self":[{"href":"https:\/\/aconteceunovale.com.br\/portal\/index.php?rest_route=\/wp\/v2\/posts\/39726","targetHints":{"allow":["GET"]}}],"collection":[{"href":"https:\/\/aconteceunovale.com.br\/portal\/index.php?rest_route=\/wp\/v2\/posts"}],"about":[{"href":"https:\/\/aconteceunovale.com.br\/portal\/index.php?rest_route=\/wp\/v2\/types\/post"}],"author":[{"embeddable":true,"href":"https:\/\/aconteceunovale.com.br\/portal\/index.php?rest_route=\/wp\/v2\/users\/1"}],"replies":[{"embeddable":true,"href":"https:\/\/aconteceunovale.com.br\/portal\/index.php?rest_route=%2Fwp%2Fv2%2Fcomments&post=39726"}],"version-history":[{"count":0,"href":"https:\/\/aconteceunovale.com.br\/portal\/index.php?rest_route=\/wp\/v2\/posts\/39726\/revisions"}],"wp:featuredmedia":[{"embeddable":true,"href":"https:\/\/aconteceunovale.com.br\/portal\/index.php?rest_route=\/wp\/v2\/media\/13667"}],"wp:attachment":[{"href":"https:\/\/aconteceunovale.com.br\/portal\/index.php?rest_route=%2Fwp%2Fv2%2Fmedia&parent=39726"}],"wp:term":[{"taxonomy":"category","embeddable":true,"href":"https:\/\/aconteceunovale.com.br\/portal\/index.php?rest_route=%2Fwp%2Fv2%2Fcategories&post=39726"},{"taxonomy":"post_tag","embeddable":true,"href":"https:\/\/aconteceunovale.com.br\/portal\/index.php?rest_route=%2Fwp%2Fv2%2Ftags&post=39726"}],"curies":[{"name":"wp","href":"https:\/\/api.w.org\/{rel}","templated":true}]}}