{"id":39722,"date":"2014-09-11T10:33:05","date_gmt":"2014-09-11T13:33:05","guid":{"rendered":"http:\/\/aconteceunovale.com.br\/portal\/?p=39722"},"modified":"2014-09-11T23:48:19","modified_gmt":"2014-09-12T02:48:19","slug":"caminhoneiro-morre-em-acidente-na-mg-010-em-conceicao-do-mato-dentro","status":"publish","type":"post","link":"https:\/\/aconteceunovale.com.br\/portal\/?p=39722","title":{"rendered":"Caminhoneiro morre em acidente na MG-010, em Concei\u00e7\u00e3o do Mato Dentro"},"content":{"rendered":"<h4><strong><em>Corpo de Bombeiros foi acionado, mas v\u00edtima morreu presa \u00e0s ferragens<\/em><\/strong><\/h4>\n<p>Um caminhoneiro de 28 anos morreu ap\u00f3s se envolver em um acidente, na madrugada desta quinta-feira (10), na altura do quil\u00f4metro 156 da MG-010, em Concei\u00e7\u00e3o do Mato Dentro, Regi\u00e3o Central de Minas. <\/p>\n<p>De acordo com a Pol\u00edcia Militar Rodovi\u00e1ria (PMRv), o motorista perdeu o controle da dire\u00e7\u00e3o. O ve\u00edculo desgovernado bateu em um barranco e capotou em seguida. A v\u00edtima, que n\u00e3o teve o nome revelado, ficou presa debaixo das ferragens do ve\u00edculo. O Corpo de Bombeiros foi acionado e somente depois de horas de trabalho o corpo foi desencarcerado.<\/p>\n<p>Segundo a PMRv, o ve\u00edculo estava vazio e o acidente n\u00e3o atrapalhou o tr\u00e2nsito na rodovia. A motiva\u00e7\u00e3o do acidente \u00e9 desconhecida. O corpo do motorista foi removido e encaminhado para os procedimentos de praxe no Instituto M\u00e9dico-Legal (IML) da regi\u00e3o.<\/p>\n<p><img decoding=\"async\" src=\"http:\/\/aconteceunovale.com.br\/portal\/wp-content\/uploads\/2014\/09\/acidente_cmd.jpg\" alt=\"\" \/><em>(Motorista morreu no local do acidente &#8211; Foto: Reprodu\u00e7\u00e3o\/Enviada por internauta)<\/em><\/p>\n","protected":false},"excerpt":{"rendered":"<p>Corpo de Bombeiros foi acionado, mas v\u00edtima morreu presa \u00e0s ferragens Um caminhoneiro de 28 anos morreu ap\u00f3s se envolver em um acidente, na madrugada desta quinta-feira (10), na altura do quil\u00f4metro 156 da MG-010, em Concei\u00e7\u00e3o do Mato Dentro, Regi\u00e3o Central de Minas. De acordo com a Pol\u00edcia Militar Rodovi\u00e1ria (PMRv), o motorista perdeu [&hellip;]<\/p>\n","protected":false},"author":1,"featured_media":39790,"comment_status":"open","ping_status":"closed","sticky":false,"template":"","format":"standard","meta":{"amp_status":"","footnotes":""},"categories":[123],"tags":[15854,628],"class_list":["post-39722","post","type-post","status-publish","format-standard","has-post-thumbnail","hentry","category-gerais","tag-caminhoneiro-morre-em-acidente-na-mg-010-em-conceicao-do-mato-dentro","tag-conceicao-do-mato-dentro"],"_links":{"self":[{"href":"https:\/\/aconteceunovale.com.br\/portal\/index.php?rest_route=\/wp\/v2\/posts\/39722","targetHints":{"allow":["GET"]}}],"collection":[{"href":"https:\/\/aconteceunovale.com.br\/portal\/index.php?rest_route=\/wp\/v2\/posts"}],"about":[{"href":"https:\/\/aconteceunovale.com.br\/portal\/index.php?rest_route=\/wp\/v2\/types\/post"}],"author":[{"embeddable":true,"href":"https:\/\/aconteceunovale.com.br\/portal\/index.php?rest_route=\/wp\/v2\/users\/1"}],"replies":[{"embeddable":true,"href":"https:\/\/aconteceunovale.com.br\/portal\/index.php?rest_route=%2Fwp%2Fv2%2Fcomments&post=39722"}],"version-history":[{"count":0,"href":"https:\/\/aconteceunovale.com.br\/portal\/index.php?rest_route=\/wp\/v2\/posts\/39722\/revisions"}],"wp:featuredmedia":[{"embeddable":true,"href":"https:\/\/aconteceunovale.com.br\/portal\/index.php?rest_route=\/wp\/v2\/media\/39790"}],"wp:attachment":[{"href":"https:\/\/aconteceunovale.com.br\/portal\/index.php?rest_route=%2Fwp%2Fv2%2Fmedia&parent=39722"}],"wp:term":[{"taxonomy":"category","embeddable":true,"href":"https:\/\/aconteceunovale.com.br\/portal\/index.php?rest_route=%2Fwp%2Fv2%2Fcategories&post=39722"},{"taxonomy":"post_tag","embeddable":true,"href":"https:\/\/aconteceunovale.com.br\/portal\/index.php?rest_route=%2Fwp%2Fv2%2Ftags&post=39722"}],"curies":[{"name":"wp","href":"https:\/\/api.w.org\/{rel}","templated":true}]}}