{"id":39720,"date":"2014-09-11T10:25:24","date_gmt":"2014-09-11T13:25:24","guid":{"rendered":"http:\/\/aconteceunovale.com.br\/portal\/?p=39720"},"modified":"2014-09-11T10:26:10","modified_gmt":"2014-09-11T13:26:10","slug":"criminoso-guardava-cabeca-do-desafeto-na-geladeira-de-casa","status":"publish","type":"post","link":"https:\/\/aconteceunovale.com.br\/portal\/?p=39720","title":{"rendered":"Criminoso guardava cabe\u00e7a do desafeto na geladeira de casa"},"content":{"rendered":"<h4><strong><em>Crime foi cometido h\u00e1 cerca de tr\u00eas meses. L\u00e1zaro dos Santos Serra, de 19 anos, o Baiano, afirmou que ficaria com o cr\u00e2nio da v\u00edtima como trof\u00e9u<\/em><\/strong><\/h4>\n<p>Uma opera\u00e7\u00e3o da Pol\u00edcia Civil montada na quarta-feira para a captura de envolvidos com o tr\u00e1fico de drogas e de assassinatos no Aglomerado Vila Horta, no Barreiro, em Belo Horizonte, denominada Colheita Maldita, acabou fazendo jus ao nome do filme de terror, por conta do desfecho macabro. Durante o cumprimento de mandados de busca e apreens\u00e3o e de pris\u00e3o, investigadores descobriram que um suspeito procurado vinha guardando na geladeira de sua resid\u00eancia a cabe\u00e7a de um homem que ele e os comparsas mataram h\u00e1 tr\u00eas meses. Mas, segundo a pol\u00edcia, a parte do corpo da v\u00edtima foi enterrada h\u00e1 dois dias, devido ao cheiro ruim que se espalhou pelo im\u00f3vel do criminoso.<\/p>\n<p>De acordo com a pol\u00edcia, al\u00e9m de confessar o assassinato, L\u00e1zaro dos Santos Serra, de 19 anos, o Baiano, afirmou que ficaria com o cr\u00e2nio da v\u00edtima como trof\u00e9u. Al\u00e9m de Baiano, os policiais tamb\u00e9m prenderam Mateus Caetano da Silva, de 19, e Jonatan de Oliveira Silva, 20, conhecido como J\u00f4. Um adolescente de 16 anos membro do grupo criminoso e que teria participado diretamente de execu\u00e7\u00f5es foi apreendido. Na casa do Jonatan, foram encontradas muni\u00e7\u00f5es de pistolas semiautom\u00e1ticas \u2013 calibres 9 mm, 32 e 357 \u2013 e pedras de crack. Nenhuma arma foi apreendida.<\/p>\n<p>O delegado Ant\u00f4nio Harley de Alencar, da Delegacia de Homic\u00eddios Barreiro, respons\u00e1vel pela opera\u00e7\u00e3o, contou que o pedido de pris\u00e3o tempor\u00e1ria dos suspeitos foi pelo assassinato de Samuel Andrade F\u00e9lix, de 22 anos, ocorrido em 17 de maio. \u201cSamuel tinha uma rixa antiga com o grupo. Em 2009 ele teria matado o irm\u00e3o do Mateus e, pouco antes de ser morto, tentou assassinar Vitor Wanderley Gomes, que \u00e9 membro do grupo dos suspeito presos\u201d, disse o delegado.<\/p>\n<p>Vitor Gomes tomou v\u00e1rios tiros na ocasi\u00e3o e um deles, disparado em um de seus olhos, o fez perder a vis\u00e3o. \u201cO grupo jurou vingan\u00e7a e planejou a morte do Samuel. Eles os surpreenderam pr\u00f3ximo \u00e0 via f\u00e9rrea do Barreiro e o mataram com v\u00e1rios tiros, todos na cabe\u00e7a. Uma semana depois do crime, o grupo foi at\u00e9 a casa onde a v\u00edtima morava com o padrasto, a m\u00e3e e um irm\u00e3o e abriram fogo contra o im\u00f3vel, expulsando os moradores\u201d, disse o delegado.<\/p>\n<p>Segundo Ant\u00f4nio Harley, durante as investiga\u00e7\u00f5es sobre o assassinato de Samuel, eles receberam den\u00fancias de que os autores do crime haviam feito mais uma v\u00edtima e que um deles vinha guardando a cabe\u00e7a da pessoa em casa, dentro da geladeira. Ontem, quando L\u00e1zaro foi preso pela Pol\u00edcia Civil, acabou contando que dois dias antes resolveu enterrar a cabe\u00e7a, devido ao cheiro ruim que tomou conta de sua moradia.<\/p>\n<h4>EXIBI\u00c7\u00c3O<\/h4>\n<p>\u201cO Baiano, \u00e0s vezes, exibia a cabe\u00e7a pela comunidade. Essa atitude era para aterrorizar os moradores. Vamos pedir uma an\u00e1lise desse rapaz. Possivelmente ele sofre de algum desvio de conduta, principalmente pela forma fria com que lida com as execu\u00e7\u00f5es. E esse era o papel dele na quadrilha. Ele era o guerreiro, era quem eliminava as v\u00edtimas\u201d, contou o delegado.<\/p>\n<p>A v\u00edtima da decapita\u00e7\u00e3o, de acordo com o policial, foi reconhecida apenas por fotos e falta ainda o procedimento formal com an\u00e1lise de DNA. No dia 4 de junho, os suspeitos mataram o homem, arrancaram a cabe\u00e7a e os bra\u00e7os dele com um machado, depois tentaram queimar e enterraram o corpo e os membros em uma vala pr\u00f3ximo a via f\u00e9rrea. O corpo sem a cabe\u00e7a foi encontrado uma semana depois do crime brutal. Baiano alegou ter cometido o crime porque a v\u00edtima teria tentado estuprar duas meninas da vila. \u201cAgora ele est\u00e1 na terra dos p\u00e9s juntos. Teve o que mereceu\u201d, disse o jovem.<\/p>\n<p>Mateus e Jonatas negaram envolvimento nos dois homic\u00eddios. O primeiro ainda afirmou ter sido preso injustamente e alegou ser trabalhador. O trio foi levado para o Centro de Remanejamento do Sistema Prisional (Ceresp) Gameleira.<\/p>\n<p><em><strong>(Estado de Minas)<\/strong><\/em><\/p>\n","protected":false},"excerpt":{"rendered":"<p>Crime foi cometido h\u00e1 cerca de tr\u00eas meses. L\u00e1zaro dos Santos Serra, de 19 anos, o Baiano, afirmou que ficaria com o cr\u00e2nio da v\u00edtima como trof\u00e9u Uma opera\u00e7\u00e3o da Pol\u00edcia Civil montada na quarta-feira para a captura de envolvidos com o tr\u00e1fico de drogas e de assassinatos no Aglomerado Vila Horta, no Barreiro, em [&hellip;]<\/p>\n","protected":false},"author":1,"featured_media":13667,"comment_status":"open","ping_status":"closed","sticky":false,"template":"","format":"standard","meta":{"amp_status":"","footnotes":""},"categories":[123],"tags":[194,15847,15851,15848,15850,15849,15852,15853],"class_list":["post-39720","post","type-post","status-publish","format-standard","has-post-thumbnail","hentry","category-gerais","tag-belo-horizonte","tag-criminoso-guardava-cabeca-do-desafeto-na-geladeira-de-casa","tag-jonatan-de-oliveira-silva","tag-lazaro-dos-santos-serra","tag-mateus-caetano-da-silva","tag-operacao-colheita-maldita","tag-samuel-andrade-felix","tag-vitor-gomes"],"_links":{"self":[{"href":"https:\/\/aconteceunovale.com.br\/portal\/index.php?rest_route=\/wp\/v2\/posts\/39720","targetHints":{"allow":["GET"]}}],"collection":[{"href":"https:\/\/aconteceunovale.com.br\/portal\/index.php?rest_route=\/wp\/v2\/posts"}],"about":[{"href":"https:\/\/aconteceunovale.com.br\/portal\/index.php?rest_route=\/wp\/v2\/types\/post"}],"author":[{"embeddable":true,"href":"https:\/\/aconteceunovale.com.br\/portal\/index.php?rest_route=\/wp\/v2\/users\/1"}],"replies":[{"embeddable":true,"href":"https:\/\/aconteceunovale.com.br\/portal\/index.php?rest_route=%2Fwp%2Fv2%2Fcomments&post=39720"}],"version-history":[{"count":0,"href":"https:\/\/aconteceunovale.com.br\/portal\/index.php?rest_route=\/wp\/v2\/posts\/39720\/revisions"}],"wp:featuredmedia":[{"embeddable":true,"href":"https:\/\/aconteceunovale.com.br\/portal\/index.php?rest_route=\/wp\/v2\/media\/13667"}],"wp:attachment":[{"href":"https:\/\/aconteceunovale.com.br\/portal\/index.php?rest_route=%2Fwp%2Fv2%2Fmedia&parent=39720"}],"wp:term":[{"taxonomy":"category","embeddable":true,"href":"https:\/\/aconteceunovale.com.br\/portal\/index.php?rest_route=%2Fwp%2Fv2%2Fcategories&post=39720"},{"taxonomy":"post_tag","embeddable":true,"href":"https:\/\/aconteceunovale.com.br\/portal\/index.php?rest_route=%2Fwp%2Fv2%2Ftags&post=39720"}],"curies":[{"name":"wp","href":"https:\/\/api.w.org\/{rel}","templated":true}]}}