{"id":39708,"date":"2014-09-11T09:38:34","date_gmt":"2014-09-11T12:38:34","guid":{"rendered":"http:\/\/aconteceunovale.com.br\/portal\/?p=39708"},"modified":"2014-09-11T09:38:34","modified_gmt":"2014-09-11T12:38:34","slug":"fotos-do-churrasco-do-ramon-2014-em-sao-joao-evangelista","status":"publish","type":"post","link":"https:\/\/aconteceunovale.com.br\/portal\/?p=39708","title":{"rendered":"Fotos do Churrasco do Ramon 2014, em S\u00e3o Jo\u00e3o Evangelista"},"content":{"rendered":"<p>Foi realizado no \u00faltimo s\u00e1bado, 6 de setembro, a 9\u00aa edi\u00e7\u00e3o do Churrasco do Ramon, em S\u00e3o Jo\u00e3o Evangelista. Evento que j\u00e1 virou tradi\u00e7\u00e3o na cidade. Se voc\u00ea participou da festa e foi clicado, confira a sua foto (<a href=\"http:\/\/www.uaieventos.com\/ver_fotos.php?id=224\" target=\"_blank\">CLIQUE AQUI<\/a>).<\/p>\n<p><img decoding=\"async\" src=\"http:\/\/aconteceunovale.com.br\/portal\/wp-content\/uploads\/2014\/09\/fotos_churrasco_do_ramon_14.jpg\" alt=\"\" \/><em>(Evento j\u00e1 virou tradi\u00e7\u00e3o em S\u00e3o Jo\u00e3o Evangelista &#8211; Foto: Mychael Paranhos\/Uai Eventos)<\/em><\/p>\n","protected":false},"excerpt":{"rendered":"<p>Foi realizado no \u00faltimo s\u00e1bado, 6 de setembro, a 9\u00aa edi\u00e7\u00e3o do Churrasco do Ramon, em S\u00e3o Jo\u00e3o Evangelista. Evento que j\u00e1 virou tradi\u00e7\u00e3o na cidade. Se voc\u00ea participou da festa e foi clicado, confira a sua foto (CLIQUE AQUI). (Evento j\u00e1 virou tradi\u00e7\u00e3o em S\u00e3o Jo\u00e3o Evangelista &#8211; Foto: Mychael Paranhos\/Uai Eventos)<\/p>\n","protected":false},"author":1,"featured_media":39709,"comment_status":"open","ping_status":"closed","sticky":false,"template":"","format":"standard","meta":{"amp_status":"","footnotes":""},"categories":[125],"tags":[15820,15821,15819,15822,15825,15823,15824,162],"class_list":["post-39708","post","type-post","status-publish","format-standard","has-post-thumbnail","hentry","category-noticias","tag-9a-edicao-do-churrasco-do-ramon","tag-churrasco-do-ramon","tag-churrasco-do-ramon-9","tag-fotos-do-churrasco-do-ramon","tag-fotos-do-churrasco-do-ramon-2014-em-sao-joao-evangelista","tag-fotos-do-churrasco-do-ramon-uai-eventos","tag-fotos-uai-eventos","tag-sao-joao-evangelista"],"_links":{"self":[{"href":"https:\/\/aconteceunovale.com.br\/portal\/index.php?rest_route=\/wp\/v2\/posts\/39708","targetHints":{"allow":["GET"]}}],"collection":[{"href":"https:\/\/aconteceunovale.com.br\/portal\/index.php?rest_route=\/wp\/v2\/posts"}],"about":[{"href":"https:\/\/aconteceunovale.com.br\/portal\/index.php?rest_route=\/wp\/v2\/types\/post"}],"author":[{"embeddable":true,"href":"https:\/\/aconteceunovale.com.br\/portal\/index.php?rest_route=\/wp\/v2\/users\/1"}],"replies":[{"embeddable":true,"href":"https:\/\/aconteceunovale.com.br\/portal\/index.php?rest_route=%2Fwp%2Fv2%2Fcomments&post=39708"}],"version-history":[{"count":0,"href":"https:\/\/aconteceunovale.com.br\/portal\/index.php?rest_route=\/wp\/v2\/posts\/39708\/revisions"}],"wp:featuredmedia":[{"embeddable":true,"href":"https:\/\/aconteceunovale.com.br\/portal\/index.php?rest_route=\/wp\/v2\/media\/39709"}],"wp:attachment":[{"href":"https:\/\/aconteceunovale.com.br\/portal\/index.php?rest_route=%2Fwp%2Fv2%2Fmedia&parent=39708"}],"wp:term":[{"taxonomy":"category","embeddable":true,"href":"https:\/\/aconteceunovale.com.br\/portal\/index.php?rest_route=%2Fwp%2Fv2%2Fcategories&post=39708"},{"taxonomy":"post_tag","embeddable":true,"href":"https:\/\/aconteceunovale.com.br\/portal\/index.php?rest_route=%2Fwp%2Fv2%2Ftags&post=39708"}],"curies":[{"name":"wp","href":"https:\/\/api.w.org\/{rel}","templated":true}]}}