{"id":39704,"date":"2014-09-11T09:20:59","date_gmt":"2014-09-11T12:20:59","guid":{"rendered":"http:\/\/aconteceunovale.com.br\/portal\/?p=39704"},"modified":"2014-09-11T09:20:59","modified_gmt":"2014-09-11T12:20:59","slug":"doacoes-garantem-inicio-da-construcao-do-novo-lar-da-dona-luisa-em-capelinha","status":"publish","type":"post","link":"https:\/\/aconteceunovale.com.br\/portal\/?p=39704","title":{"rendered":"Doa\u00e7\u00f5es garantem in\u00edcio da constru\u00e7\u00e3o do novo lar da dona Lu\u00edsa em Capelinha"},"content":{"rendered":"<p>J\u00e1 est\u00e1 na fase de levantamento dos eit\u00f5es, a constru\u00e7\u00e3o da casa para Dona Lu\u00edsa. A obra \u00e9 fruto de uma como\u00e7\u00e3o social de volunt\u00e1rios. At\u00e9 o momento, as doa\u00e7\u00f5es ajudaram na limpeza do terreno, funda\u00e7\u00e3o e alvenaria da obra. Al\u00e9m disso, grande parte do dinheiro arrecadado foi destinado ao pagamento de pedreiro e de ajudante. <\/p>\n<p>Para a pr\u00f3xima fase da obra, ser\u00e3o necess\u00e1rios 500 tijolos para o t\u00e9rmino dos eit\u00f5es, madeiras e telha para cobertura da casa.<\/p>\n<p><img decoding=\"async\" src=\"http:\/\/aconteceunovale.com.br\/portal\/wp-content\/uploads\/2014\/09\/casa_dona_luisa_cap_construcao_1.jpg\" alt=\"\" \/><em>(Doe e ajude a concluir a obra de constru\u00e7\u00e3o do novo lar da Dona Lu\u00edsa &#8211; Foto: Divulga\u00e7\u00e3o)<\/em><br \/>\n<\/br><\/p>\n<h4>Relembre a Hist\u00f3ria <\/h4>\n<p>Lu\u00edsa Dias de Sousa \u00e9 m\u00e3e de tr\u00eas filhos, (dois ainda com ela, e uma residente em outro estado). Ela foi encontrada pelo nosso grupo morando em um barraco de dois c\u00f4modos na Avenida Berilo, 1100, Bairro Vista alegre. O local onde ela morava n\u00e3o tinha ilumina\u00e7\u00e3o, nem ventila\u00e7\u00e3o, telhado comprometido e portas e janelas em p\u00e9ssimo estado. <\/p>\n<p>Ap\u00f3s campanha realizada pela equipe, foi arrecadado dinheiro e materiais que deram para iniciar a constru\u00e7\u00e3o da casa. Ela foi acolhida pela Assist\u00eancia Social que est\u00e1 arcando com as despesas de aluguel de uma outra casa, at\u00e9 que seja constru\u00edda a nova casa. <a href=\"http:\/\/aconteceunovale.com.br\/portal\/?p=34823\">Conhe\u00e7a mais sobre a hist\u00f3ria clicando aqui<\/a>.<\/p>\n<h4>Doa\u00e7\u00f5es<\/h4>\n<p>As doa\u00e7\u00f5es para a casa da Dona Lu\u00edsa podem ser feitas em qualquer valor, atrav\u00e9s das contas banc\u00e1rias abaixo:<\/p>\n<p>BANCO DO BRASIL<br \/>\nAg\u00eancia: 0396-4<br \/>\nConta: 24.850-9<br \/>\nAl\u00e9quison Gomes Mendes<\/p>\n<p>SICOOB<br \/>\nAg\u00eancia: 3046<br \/>\nConta: 2917-3<br \/>\nH\u00e9lio Silva de Souza <\/p>\n<p>Ou ent\u00e3o entre em contato pelas op\u00e7\u00f5es abaixo:<\/p>\n<p>Celulares e e-mails:<\/p>\n<p>&#8211; (33) 9106-4397 \u2013 Falar com H\u00e9lio. Ou por meio do e-mail: acidadeweb@gmail.com<br \/>\n&#8211; (33) 9105-0262 \u2013 Falar com Al\u00e9quison. Ou por meio do e-mail: alequison@yahoo.com.br<br \/>\n&#8211; (33) 9157-3060 \u2013 Falar com Fernando.<\/p>\n<p>A comiss\u00e3o respons\u00e1vel por receber doa\u00e7\u00f5es e coordenar o mutir\u00e3o para constru\u00e7\u00e3o da casa da dona Lu\u00edsa, vai prestar contas de cada centavo arrecadado para esse projeto, bem como de manter todos os nossos volunt\u00e1rios e amigos informados sobre cada passo da obra.<\/p>\n<p><img decoding=\"async\" src=\"http:\/\/aconteceunovale.com.br\/portal\/wp-content\/uploads\/2014\/09\/casa_dona_luisa_cap_construcao_2.jpg\" alt=\"\" \/><em>(Doe e ajude a concluir a obra de constru\u00e7\u00e3o do novo lar da Dona Lu\u00edsa &#8211; Foto: Divulga\u00e7\u00e3o)<\/em><\/p>\n","protected":false},"excerpt":{"rendered":"<p>J\u00e1 est\u00e1 na fase de levantamento dos eit\u00f5es, a constru\u00e7\u00e3o da casa para Dona Lu\u00edsa. A obra \u00e9 fruto de uma como\u00e7\u00e3o social de volunt\u00e1rios. At\u00e9 o momento, as doa\u00e7\u00f5es ajudaram na limpeza do terreno, funda\u00e7\u00e3o e alvenaria da obra. Al\u00e9m disso, grande parte do dinheiro arrecadado foi destinado ao pagamento de pedreiro e de [&hellip;]<\/p>\n","protected":false},"author":1,"featured_media":39705,"comment_status":"open","ping_status":"closed","sticky":false,"template":"","format":"standard","meta":{"amp_status":"","footnotes":""},"categories":[120],"tags":[15815,15817,15816,132,1018,15813,15818,15814],"class_list":["post-39704","post","type-post","status-publish","format-standard","has-post-thumbnail","hentry","category-jequi","tag-acao-social-do-aconteceu-no-vale","tag-aconteceu-no-vale-ajuda-a-construir-casa-para-moradora-de-capelinha","tag-campanha-solidaria-do-aconteceu-no-vale","tag-capelinha","tag-destaque","tag-doacoes-garantem-inicio-da-construcao-do-novo-lar-da-dona-luisa-em-capelinha","tag-luisa-dias-de-sousa","tag-novo-lar-da-dona-luisa"],"_links":{"self":[{"href":"https:\/\/aconteceunovale.com.br\/portal\/index.php?rest_route=\/wp\/v2\/posts\/39704","targetHints":{"allow":["GET"]}}],"collection":[{"href":"https:\/\/aconteceunovale.com.br\/portal\/index.php?rest_route=\/wp\/v2\/posts"}],"about":[{"href":"https:\/\/aconteceunovale.com.br\/portal\/index.php?rest_route=\/wp\/v2\/types\/post"}],"author":[{"embeddable":true,"href":"https:\/\/aconteceunovale.com.br\/portal\/index.php?rest_route=\/wp\/v2\/users\/1"}],"replies":[{"embeddable":true,"href":"https:\/\/aconteceunovale.com.br\/portal\/index.php?rest_route=%2Fwp%2Fv2%2Fcomments&post=39704"}],"version-history":[{"count":0,"href":"https:\/\/aconteceunovale.com.br\/portal\/index.php?rest_route=\/wp\/v2\/posts\/39704\/revisions"}],"wp:featuredmedia":[{"embeddable":true,"href":"https:\/\/aconteceunovale.com.br\/portal\/index.php?rest_route=\/wp\/v2\/media\/39705"}],"wp:attachment":[{"href":"https:\/\/aconteceunovale.com.br\/portal\/index.php?rest_route=%2Fwp%2Fv2%2Fmedia&parent=39704"}],"wp:term":[{"taxonomy":"category","embeddable":true,"href":"https:\/\/aconteceunovale.com.br\/portal\/index.php?rest_route=%2Fwp%2Fv2%2Fcategories&post=39704"},{"taxonomy":"post_tag","embeddable":true,"href":"https:\/\/aconteceunovale.com.br\/portal\/index.php?rest_route=%2Fwp%2Fv2%2Ftags&post=39704"}],"curies":[{"name":"wp","href":"https:\/\/api.w.org\/{rel}","templated":true}]}}