{"id":39700,"date":"2014-09-11T08:59:04","date_gmt":"2014-09-11T11:59:04","guid":{"rendered":"http:\/\/aconteceunovale.com.br\/portal\/?p=39700"},"modified":"2014-09-11T08:59:04","modified_gmt":"2014-09-11T11:59:04","slug":"plantao-samu-macro-norte-10-de-setembro-montes-clarosmg","status":"publish","type":"post","link":"https:\/\/aconteceunovale.com.br\/portal\/?p=39700","title":{"rendered":"Plant\u00e3o SAMU Macro Norte \u2013 10 de setembro \u2013 Montes Claros\/MG"},"content":{"rendered":"<h4><strong><em>Quarta-feira, 10 de setembro de 2014<\/em><\/strong><\/h4>\n<p>A unidade do SAMU de Montes Claros realizou nesta quarta-feira, 10\/09, 49 atendimentos, sendo 45 casos cl\u00ednicos; 15 atendimentos por acidente de tr\u00e2nsito e 02 ferimentos por arma de fogo.<\/p>\n<p>Entre os feridos por arma de fogo est\u00e3o uma mulher de 25 anos, gestante de 16 semanas, que foi atingida por arma de fino calibre por volta das 20 horas, no bairro Vilage do Lago; e um rapaz de 18 anos, ferido fatalmente, por volta das 8 horas, na Vila Mauriceia.<\/p>\n<p>Foram registrados tr\u00eas atendimentos a v\u00edtimas de queda de moto, tr\u00eas atendimentos a pedestres atropelados por moto; seis atendimentos a v\u00edtimas de colis\u00e3o entre carro e moto; uma v\u00edtima de colis\u00e3o entre moto e caminh\u00e3o, uma v\u00edtima fatal que transitava de bicicleta no bairro Roxo Verde e foi atingida por um \u00f4nibus, e uma v\u00edtima de 17 anos, que transitava de skate e ficou ferida ap\u00f3s colidir contra uma moto.<\/p>\n<p>Em todas as ocorr\u00eancias os feridos receberam os primeiros atendimentos no local e foram encaminhados ao hospital para avalia\u00e7\u00e3o.<\/p>\n","protected":false},"excerpt":{"rendered":"<p>Quarta-feira, 10 de setembro de 2014 A unidade do SAMU de Montes Claros realizou nesta quarta-feira, 10\/09, 49 atendimentos, sendo 45 casos cl\u00ednicos; 15 atendimentos por acidente de tr\u00e2nsito e 02 ferimentos por arma de fogo. Entre os feridos por arma de fogo est\u00e3o uma mulher de 25 anos, gestante de 16 semanas, que foi [&hellip;]<\/p>\n","protected":false},"author":1,"featured_media":37592,"comment_status":"open","ping_status":"closed","sticky":false,"template":"","format":"standard","meta":{"amp_status":"","footnotes":""},"categories":[1236],"tags":[13996,210,15754,13995,15808],"class_list":["post-39700","post","type-post","status-publish","format-standard","has-post-thumbnail","hentry","category-norte_de_minas","tag-atendimentos-do-samu-em-montes-claros","tag-montes-claros","tag-ocorrencias-do-samu-em-montes-claros","tag-plantao-samu-macro-norte","tag-plantao-samu-macro-norte-10-de-setembro-montes-clarosmg"],"_links":{"self":[{"href":"https:\/\/aconteceunovale.com.br\/portal\/index.php?rest_route=\/wp\/v2\/posts\/39700","targetHints":{"allow":["GET"]}}],"collection":[{"href":"https:\/\/aconteceunovale.com.br\/portal\/index.php?rest_route=\/wp\/v2\/posts"}],"about":[{"href":"https:\/\/aconteceunovale.com.br\/portal\/index.php?rest_route=\/wp\/v2\/types\/post"}],"author":[{"embeddable":true,"href":"https:\/\/aconteceunovale.com.br\/portal\/index.php?rest_route=\/wp\/v2\/users\/1"}],"replies":[{"embeddable":true,"href":"https:\/\/aconteceunovale.com.br\/portal\/index.php?rest_route=%2Fwp%2Fv2%2Fcomments&post=39700"}],"version-history":[{"count":0,"href":"https:\/\/aconteceunovale.com.br\/portal\/index.php?rest_route=\/wp\/v2\/posts\/39700\/revisions"}],"wp:featuredmedia":[{"embeddable":true,"href":"https:\/\/aconteceunovale.com.br\/portal\/index.php?rest_route=\/wp\/v2\/media\/37592"}],"wp:attachment":[{"href":"https:\/\/aconteceunovale.com.br\/portal\/index.php?rest_route=%2Fwp%2Fv2%2Fmedia&parent=39700"}],"wp:term":[{"taxonomy":"category","embeddable":true,"href":"https:\/\/aconteceunovale.com.br\/portal\/index.php?rest_route=%2Fwp%2Fv2%2Fcategories&post=39700"},{"taxonomy":"post_tag","embeddable":true,"href":"https:\/\/aconteceunovale.com.br\/portal\/index.php?rest_route=%2Fwp%2Fv2%2Ftags&post=39700"}],"curies":[{"name":"wp","href":"https:\/\/api.w.org\/{rel}","templated":true}]}}