{"id":39695,"date":"2014-09-10T21:39:17","date_gmt":"2014-09-11T00:39:17","guid":{"rendered":"http:\/\/aconteceunovale.com.br\/portal\/?p=39695"},"modified":"2014-09-10T21:39:17","modified_gmt":"2014-09-11T00:39:17","slug":"apae-de-timoteo-realiza-mostra-de-artes-no-unileste","status":"publish","type":"post","link":"https:\/\/aconteceunovale.com.br\/portal\/?p=39695","title":{"rendered":"Apae de Tim\u00f3teo realiza mostra de artes no Unileste"},"content":{"rendered":"<p>[image src=&#8221;http:\/\/aconteceunovale.com.br\/portal\/wp-content\/uploads\/2014\/09\/festa_apae_timoteo.jpg&#8221; width=&#8221;200&#8243; height=&#8221;300&#8243; lightbox=&#8221;yes&#8221; align=&#8221;left&#8221; float=&#8221;left&#8221;]O Centro Universit\u00e1rio do Leste Minas Gerais (Unileste) sediar\u00e1, nesta quinta-feira (11), mais uma edi\u00e7\u00e3o da Mostra de Artes da Apae de Tim\u00f3teo. A atividade ser\u00e1 realizada no Teatro Jo\u00e3o Paulo II, a partir das 19h30, no campus de Coronel Fabriciano. A programa\u00e7\u00e3o \u00e9 gratuita e aberta ao p\u00fablico. As vagas s\u00e3o limitadas \u00e0 capacidade do teatro.<\/p>\n<p>Nesta edi\u00e7\u00e3o, a mostra ter\u00e1 como tema &#8220;Construindo uma hist\u00f3ria de igualdade e de oportunidades para todos &#8211; APAE 60 anos fazendo Inclus\u00e3o&#8221;. O slogan \u00e9 o mesmo da Semana Nacional da Pessoa com Defici\u00eancia Intelectual e M\u00faltipla que, anualmente, celebra e reivindica uma cidadania plena \u00e0s pessoas com defici\u00eancia. A semana \u00e9 celebrada em todo pa\u00eds desde 1954.<\/p>\n<h4>Programa\u00e7\u00e3o<\/h4>\n<p>A Mostra de Artes da Apae de Tim\u00f3teo ter\u00e1 a participa\u00e7\u00e3o de cerca de 110 integrantes entre alunos, funcion\u00e1rios e professores. A abertura ficar\u00e1 a cargo do presidente da institui\u00e7\u00e3o, Carlos Luis Fraga. Na sequ\u00eancia, a Banda Brasil Excepcional se apresenta com n\u00fameros de dan\u00e7a, teatro e m\u00fasica. O espet\u00e1culo tem dura\u00e7\u00e3o aproximada de 1h30.<\/p>\n<p>De acordo com V\u00e2nia Lamas, diretora pedag\u00f3gica da Apae de Tim\u00f3teo, o objetivo da mostra \u00e9 destacar o talento e as aptid\u00f5es dos alunos. \u201cNesse dia, cada pessoa se torna um grande artista e no palco reluz em seus movimentos a express\u00e3o, a beleza, a harmonia, a graciosidade, a esperan\u00e7a e a certeza de que, com oportunidades, cada pessoa \u00e9 capaz de demonstrar seu potencial e ser feliz\u201d, destaca.<\/p>\n<p>Para V\u00e2nia, a mostra, ao permitir com que os alunos demostrem suas habilidades por meio de atividades art\u00edsticas, contribui para melhoria da autoestima e integra\u00e7\u00e3o deles perante o p\u00fablico, seus familiares e a comunidade.<\/p>\n<h4>Servi\u00e7o<\/h4>\n<p>11\/9 &#8211; Apresenta\u00e7\u00e3o Musical Apae Tim\u00f3teo<br \/>\nLocal: Teatro Jo\u00e3o Paulo II<br \/>\nHor\u00e1rio: 19h30<\/p>\n<p><em>(Jornal Vale do A\u00e7o)<\/em><\/p>\n","protected":false},"excerpt":{"rendered":"<p>[image src=&#8221;http:\/\/aconteceunovale.com.br\/portal\/wp-content\/uploads\/2014\/09\/festa_apae_timoteo.jpg&#8221; width=&#8221;200&#8243; height=&#8221;300&#8243; lightbox=&#8221;yes&#8221; align=&#8221;left&#8221; float=&#8221;left&#8221;]O Centro Universit\u00e1rio do Leste Minas Gerais (Unileste) sediar\u00e1, nesta quinta-feira (11), mais uma edi\u00e7\u00e3o da Mostra de Artes da Apae de Tim\u00f3teo. A atividade ser\u00e1 realizada no Teatro Jo\u00e3o Paulo II, a partir das 19h30, no campus de Coronel Fabriciano. A programa\u00e7\u00e3o \u00e9 gratuita e aberta ao p\u00fablico. [&hellip;]<\/p>\n","protected":false},"author":1,"featured_media":39696,"comment_status":"open","ping_status":"closed","sticky":false,"template":"","format":"standard","meta":{"amp_status":"","footnotes":""},"categories":[125],"tags":[15807,15806,1105],"class_list":["post-39695","post","type-post","status-publish","format-standard","has-post-thumbnail","hentry","category-noticias","tag-apae-de-timoteo","tag-apae-de-timoteo-realiza-mostra-de-artes-no-unileste","tag-timoteo"],"_links":{"self":[{"href":"https:\/\/aconteceunovale.com.br\/portal\/index.php?rest_route=\/wp\/v2\/posts\/39695","targetHints":{"allow":["GET"]}}],"collection":[{"href":"https:\/\/aconteceunovale.com.br\/portal\/index.php?rest_route=\/wp\/v2\/posts"}],"about":[{"href":"https:\/\/aconteceunovale.com.br\/portal\/index.php?rest_route=\/wp\/v2\/types\/post"}],"author":[{"embeddable":true,"href":"https:\/\/aconteceunovale.com.br\/portal\/index.php?rest_route=\/wp\/v2\/users\/1"}],"replies":[{"embeddable":true,"href":"https:\/\/aconteceunovale.com.br\/portal\/index.php?rest_route=%2Fwp%2Fv2%2Fcomments&post=39695"}],"version-history":[{"count":0,"href":"https:\/\/aconteceunovale.com.br\/portal\/index.php?rest_route=\/wp\/v2\/posts\/39695\/revisions"}],"wp:featuredmedia":[{"embeddable":true,"href":"https:\/\/aconteceunovale.com.br\/portal\/index.php?rest_route=\/wp\/v2\/media\/39696"}],"wp:attachment":[{"href":"https:\/\/aconteceunovale.com.br\/portal\/index.php?rest_route=%2Fwp%2Fv2%2Fmedia&parent=39695"}],"wp:term":[{"taxonomy":"category","embeddable":true,"href":"https:\/\/aconteceunovale.com.br\/portal\/index.php?rest_route=%2Fwp%2Fv2%2Fcategories&post=39695"},{"taxonomy":"post_tag","embeddable":true,"href":"https:\/\/aconteceunovale.com.br\/portal\/index.php?rest_route=%2Fwp%2Fv2%2Ftags&post=39695"}],"curies":[{"name":"wp","href":"https:\/\/api.w.org\/{rel}","templated":true}]}}