{"id":39690,"date":"2014-09-10T21:16:59","date_gmt":"2014-09-11T00:16:59","guid":{"rendered":"http:\/\/aconteceunovale.com.br\/portal\/?p=39690"},"modified":"2014-09-10T21:16:59","modified_gmt":"2014-09-11T00:16:59","slug":"criancas-e-mesarios-de-diamantina-participam-de-eleicao-simulada-inedita","status":"publish","type":"post","link":"https:\/\/aconteceunovale.com.br\/portal\/?p=39690","title":{"rendered":"Crian\u00e7as e mes\u00e1rios de Diamantina participam de elei\u00e7\u00e3o simulada in\u00e9dita"},"content":{"rendered":"<p>No pr\u00f3ximo dia 19 de setembro, 600 alunos das redes de ensino p\u00fablico e particular de Diamantina v\u00e3o \u00e0s urnas eleger presidente, governador, senador e deputados federais e estaduais. Trata-se do projeto Preparando Hoje o Cidad\u00e3o de Amanh\u00e3, desenvolvido dentro do projeto Eleitor do Futuro do Tribunal Regional Eleitoral de Minas Gerais. Toda a organiza\u00e7\u00e3o do projeto est\u00e1 sendo feita pela 101\u00aa Zona Eleitoral de Diamantina, a maior zona eleitoral de Minas em termos de n\u00famero de munic\u00edpios abrangidos (9).<\/p>\n<p>Tamb\u00e9m s\u00e3o parceiros do projeto a Prefeitura, a rede de ensino p\u00fablico e privado do munic\u00edpio de Diamantina, a emissora de televis\u00e3o TV Vale e a Ordem dos Advogados do Brasil. O objetivo \u00e9 incentivar o contato das crian\u00e7as e adolescentes de 5 a 16 anos com o processo eleitoral por meio da realiza\u00e7\u00e3o de uma elei\u00e7\u00e3o fict\u00edcia, nos mesmos moldes das elei\u00e7\u00f5es reais, no dia 19 de setembro. Al\u00e9m disso, o projeto tamb\u00e9m ser\u00e1 uma oportunidade de treinamento para os mes\u00e1rios que atuar\u00e3o perante as mesas receptoras de votos dos munic\u00edpios que integram a 101\u00aa Zona Eleitoral no dia 5 de outubro, j\u00e1 que, no dia das elei\u00e7\u00f5es fict\u00edcias, eles atuar\u00e3o como mes\u00e1rios.<\/p>\n<h4>Processo eleitoral completo<\/h4>\n<p>Desde o in\u00edcio do m\u00eas de setembro, as escolas de Diamantina j\u00e1 est\u00e3o engajadas no projeto, seguindo o calend\u00e1rio eleitoral definido. Cada escola, por meio de sorteio feito pela Justi\u00e7a Eleitoral, ficou respons\u00e1vel por um partido pol\u00edtico, totalizando cinco: Partido do Folclore, Partido das Festas Populares, Partido do Esporte, Partido dos Ritmos Musicais e Partido das Profiss\u00f5es. Cada um desses partidos pode registrar um candidato para presidente, com um vice; um candidato para governador, com um vice; um candidato a senador, com dois suplentes; cinco candidatos ao cargo de deputado estadual e cinco ao cargo de deputado federal. Os partidos s\u00e3o os mesmos utilizados pela Justi\u00e7a Eleitoral para treinamento de eleitores na urna eletr\u00f4nica.<\/p>\n<p>Para concorrer, as regras s\u00e3o as mesmas da legisla\u00e7\u00e3o eleitoral: o candidato dever\u00e1 estar filiado ao partido pelo qual pretende disputar as elei\u00e7\u00f5es e dever\u00e1 ter sido escolhido em conven\u00e7\u00e3o partid\u00e1ria. O \u201cregistro de candidatos\u201d est\u00e1 sendo feito nesta quarta-feira (10) e est\u00e1 sendo conduzido pelo cart\u00f3rio eleitoral de Diamantina nas escolas parceiras, onde foram ministradas palestras de sensibiliza\u00e7\u00e3o.<\/p>\n<p>Al\u00e9m de coordenar os partidos, as escolas tamb\u00e9m s\u00e3o respons\u00e1veis por realizar as filia\u00e7\u00f5es partid\u00e1rias, as conven\u00e7\u00f5es e a ajudar os candidatos a elaborarem os planos de governo que, assim como nas elei\u00e7\u00f5es reais, \u00e9 documento obrigat\u00f3rio para o registro de candidatos a cargos do Poder Executivo. Ao final de tudo, o plano de governo do candidato que tiver vencido as elei\u00e7\u00f5es para o cargo de presidente ser\u00e1 remetido, pelo Juiz Eleitoral de Diamantina, aos principais candidatos \u00e0 presid\u00eancia da Rep\u00fablica nas Elei\u00e7\u00f5es 2014, \u00e0 Prefeitura e \u00e0 C\u00e2mara Municipal de Diamantina.<\/p>\n<h4>Propaganda Eleitoral<\/h4>\n<p>A partir do dia 11 de setembro at\u00e9 o dia 18 os candidatos registrados podem fazer propaganda eleitoral, que incluir\u00e1 Hor\u00e1rio Eleitoral Gratuito e debates, a serem veiculados pela TV Vale. Os candidatos podem pedir voto diretamente ao eleitor, distribuir santinhos e colinhas e fazer com\u00edcios. Assim como nas elei\u00e7\u00f5es reais, regras devem ser observadas com rela\u00e7\u00e3o \u00e0 propaganda, ficando vedado, dentre outras condutas, o oferecimento de qualquer vantagem aos eleitores e o uso do nome da escola para o pedido de voto. Ser\u00e1 estimulada uma campanha eleitoral limpa e transparente, inspirada no projeto Sujeira N\u00e3o \u00e9 Legal, do TRE-MG.<\/p>\n<h4>O dia das elei\u00e7\u00f5es<\/h4>\n<p>As elei\u00e7\u00f5es ser\u00e3o realizadas no dia 19 de setembro, a partir das 14h, na pra\u00e7a do Mercado Velho de Diamantina. L\u00e1, ser\u00e3o instaladas 12 mesas receptoras de votos, cujos membros ser\u00e3o os mes\u00e1rios em treinamento convocados para prestarem o servi\u00e7o no dia 5 de outubro.<\/p>\n<p>Cada se\u00e7\u00e3o poder\u00e1 receber at\u00e9 30 eleitores, que ser\u00e3o crian\u00e7as e adolescentes de 5 a 16 anos que receber\u00e3o t\u00edtulos de eleitores distribu\u00eddos pela Justi\u00e7a Eleitoral no mesmo dia, at\u00e9 as 15h. A vota\u00e7\u00e3o se dar\u00e1 em urnas eletr\u00f4nicas emprestadas pelo TRE-MG e ser\u00e1 encerrada \u00e0s 16h. Finalizada a vota\u00e7\u00e3o, os boletins de urnas ser\u00e3o repassados \u00e0 Junta Apuradora, que ser\u00e1 composta por servidores do cart\u00f3rio eleitoral de Diamantina, de acordo com determina\u00e7\u00e3o do Juiz Eleitoral. No mesmo dia, ser\u00e1 feita a proclama\u00e7\u00e3o e a diploma\u00e7\u00e3o dos candidatos eleitos. (TRE\/MG)<\/p>\n","protected":false},"excerpt":{"rendered":"<p>No pr\u00f3ximo dia 19 de setembro, 600 alunos das redes de ensino p\u00fablico e particular de Diamantina v\u00e3o \u00e0s urnas eleger presidente, governador, senador e deputados federais e estaduais. Trata-se do projeto Preparando Hoje o Cidad\u00e3o de Amanh\u00e3, desenvolvido dentro do projeto Eleitor do Futuro do Tribunal Regional Eleitoral de Minas Gerais. Toda a organiza\u00e7\u00e3o [&hellip;]<\/p>\n","protected":false},"author":1,"featured_media":39691,"comment_status":"open","ping_status":"closed","sticky":false,"template":"","format":"standard","meta":{"amp_status":"","footnotes":""},"categories":[120],"tags":[15803,198,15804,15799,15802,15800,15798,15801],"class_list":["post-39690","post","type-post","status-publish","format-standard","has-post-thumbnail","hentry","category-jequi","tag-criancas-e-mesarios-de-diamantina-participam-de-eleicao-simulada-inedita","tag-diamantina","tag-eleicao-simulada-em-diamantina","tag-partido-das-festas-populares","tag-partido-das-profissoes","tag-partido-do-esporte","tag-partido-do-folclore","tag-partido-dos-ritmos-musicais"],"_links":{"self":[{"href":"https:\/\/aconteceunovale.com.br\/portal\/index.php?rest_route=\/wp\/v2\/posts\/39690","targetHints":{"allow":["GET"]}}],"collection":[{"href":"https:\/\/aconteceunovale.com.br\/portal\/index.php?rest_route=\/wp\/v2\/posts"}],"about":[{"href":"https:\/\/aconteceunovale.com.br\/portal\/index.php?rest_route=\/wp\/v2\/types\/post"}],"author":[{"embeddable":true,"href":"https:\/\/aconteceunovale.com.br\/portal\/index.php?rest_route=\/wp\/v2\/users\/1"}],"replies":[{"embeddable":true,"href":"https:\/\/aconteceunovale.com.br\/portal\/index.php?rest_route=%2Fwp%2Fv2%2Fcomments&post=39690"}],"version-history":[{"count":0,"href":"https:\/\/aconteceunovale.com.br\/portal\/index.php?rest_route=\/wp\/v2\/posts\/39690\/revisions"}],"wp:featuredmedia":[{"embeddable":true,"href":"https:\/\/aconteceunovale.com.br\/portal\/index.php?rest_route=\/wp\/v2\/media\/39691"}],"wp:attachment":[{"href":"https:\/\/aconteceunovale.com.br\/portal\/index.php?rest_route=%2Fwp%2Fv2%2Fmedia&parent=39690"}],"wp:term":[{"taxonomy":"category","embeddable":true,"href":"https:\/\/aconteceunovale.com.br\/portal\/index.php?rest_route=%2Fwp%2Fv2%2Fcategories&post=39690"},{"taxonomy":"post_tag","embeddable":true,"href":"https:\/\/aconteceunovale.com.br\/portal\/index.php?rest_route=%2Fwp%2Fv2%2Ftags&post=39690"}],"curies":[{"name":"wp","href":"https:\/\/api.w.org\/{rel}","templated":true}]}}