{"id":39682,"date":"2014-09-10T20:06:11","date_gmt":"2014-09-10T23:06:11","guid":{"rendered":"http:\/\/aconteceunovale.com.br\/portal\/?p=39682"},"modified":"2014-09-10T20:06:11","modified_gmt":"2014-09-10T23:06:11","slug":"suspeitos-de-matar-jovem-em-tiroteio-sao-detidos-em-montes-claros","status":"publish","type":"post","link":"https:\/\/aconteceunovale.com.br\/portal\/?p=39682","title":{"rendered":"Suspeitos de matar jovem em tiroteio s\u00e3o detidos em Montes Claros"},"content":{"rendered":"<h4><strong><em>Durante tiroteio, jovem de 18 anos foi atingido e morreu no local. Entre os detidos est\u00e3o tr\u00eas menores de 12, 14 e 15 anos.<\/em><\/strong><\/h4>\n<p>Oito pessoas foram detidas suspeitas de envolvimento com um tiroteio na manh\u00e3 desta quinta-feira (10), na Vila Mauriceia, em Montes Claros (MG). Na ocasi\u00e3o, um jovem de 18 anos foi atingido com um tiro no peito e morreu no local.<\/p>\n<p><img decoding=\"async\" src=\"http:\/\/aconteceunovale.com.br\/portal\/wp-content\/uploads\/2014\/09\/morte_moc_10_9_1.jpg\" alt=\"\" \/><em>Suspeito de ser mandante do crime tamb\u00e9m foi preso (Foto: Valdivan Veloso\/G1)<\/em><br \/>\n<\/br><\/p>\n<p>Durante rastreamento, segundo a Pol\u00edcia Militar, testemunhas indicaram a participa\u00e7\u00e3o de alguns os suspeitos na a\u00e7\u00e3o. \u201cPelo hist\u00f3rico de desaven\u00e7as entre os envolvidos, eles podem sim ser apontados como os principais suspeitos de participarem do tiroteio nesta manh\u00e3\u201d, afirma o sargento Cl\u00e9ber C\u00e2mara.<\/p>\n<p>Entre os detidos est\u00e3o tr\u00eas menores, de 12, 14 e 15 anos de idade. A pol\u00edcia suspeita que o crime tenha ocorrido por causa da disputa de pontos de tr\u00e1fico de drogas na regi\u00e3o. Ainda segundo o sargento C\u00e2mara, o jovem morto no tiroteio j\u00e1 tinha passagens por tentativa de homic\u00eddio. \u201cUm dos detidos nesta manh\u00e3 j\u00e1 foi v\u00edtima de tentativa de homic\u00eddio, inclusive testemunhas apontam ele como o mandante do crime\u201d, afirma.<\/p>\n<p>Todos os detidos foram encaminhados \u00e0 Delegacia de Plant\u00e3o da de Montes Claros para demais provid\u00eancias.<\/p>\n<p><img decoding=\"async\" src=\"http:\/\/aconteceunovale.com.br\/portal\/wp-content\/uploads\/2014\/09\/morte_moc_10_9_2.jpg\" alt=\"\" \/><em>Casa onde a v\u00edtima foi encontrada (Foto: Michelly Oda \/ G1)<\/em><br \/>\n<\/br><\/p>\n<p><strong><em>(Inter TV Grande Minas)<\/em><\/strong><\/p>\n","protected":false},"excerpt":{"rendered":"<p>Durante tiroteio, jovem de 18 anos foi atingido e morreu no local. Entre os detidos est\u00e3o tr\u00eas menores de 12, 14 e 15 anos. Oito pessoas foram detidas suspeitas de envolvimento com um tiroteio na manh\u00e3 desta quinta-feira (10), na Vila Mauriceia, em Montes Claros (MG). Na ocasi\u00e3o, um jovem de 18 anos foi atingido [&hellip;]<\/p>\n","protected":false},"author":1,"featured_media":39683,"comment_status":"open","ping_status":"closed","sticky":false,"template":"","format":"standard","meta":{"amp_status":"","footnotes":""},"categories":[1236],"tags":[210,15793],"class_list":["post-39682","post","type-post","status-publish","format-standard","has-post-thumbnail","hentry","category-norte_de_minas","tag-montes-claros","tag-suspeitos-de-matar-jovem-em-tiroteio-sao-detidos-em-montes-claros"],"_links":{"self":[{"href":"https:\/\/aconteceunovale.com.br\/portal\/index.php?rest_route=\/wp\/v2\/posts\/39682","targetHints":{"allow":["GET"]}}],"collection":[{"href":"https:\/\/aconteceunovale.com.br\/portal\/index.php?rest_route=\/wp\/v2\/posts"}],"about":[{"href":"https:\/\/aconteceunovale.com.br\/portal\/index.php?rest_route=\/wp\/v2\/types\/post"}],"author":[{"embeddable":true,"href":"https:\/\/aconteceunovale.com.br\/portal\/index.php?rest_route=\/wp\/v2\/users\/1"}],"replies":[{"embeddable":true,"href":"https:\/\/aconteceunovale.com.br\/portal\/index.php?rest_route=%2Fwp%2Fv2%2Fcomments&post=39682"}],"version-history":[{"count":0,"href":"https:\/\/aconteceunovale.com.br\/portal\/index.php?rest_route=\/wp\/v2\/posts\/39682\/revisions"}],"wp:featuredmedia":[{"embeddable":true,"href":"https:\/\/aconteceunovale.com.br\/portal\/index.php?rest_route=\/wp\/v2\/media\/39683"}],"wp:attachment":[{"href":"https:\/\/aconteceunovale.com.br\/portal\/index.php?rest_route=%2Fwp%2Fv2%2Fmedia&parent=39682"}],"wp:term":[{"taxonomy":"category","embeddable":true,"href":"https:\/\/aconteceunovale.com.br\/portal\/index.php?rest_route=%2Fwp%2Fv2%2Fcategories&post=39682"},{"taxonomy":"post_tag","embeddable":true,"href":"https:\/\/aconteceunovale.com.br\/portal\/index.php?rest_route=%2Fwp%2Fv2%2Ftags&post=39682"}],"curies":[{"name":"wp","href":"https:\/\/api.w.org\/{rel}","templated":true}]}}