{"id":39672,"date":"2014-09-10T19:18:59","date_gmt":"2014-09-10T22:18:59","guid":{"rendered":"http:\/\/aconteceunovale.com.br\/portal\/?p=39672"},"modified":"2014-09-10T19:19:58","modified_gmt":"2014-09-10T22:19:58","slug":"homem-agride-filho-de-um-ano-e-e-preso-em-governador-valadares","status":"publish","type":"post","link":"https:\/\/aconteceunovale.com.br\/portal\/?p=39672","title":{"rendered":"Homem agride filho de um ano e \u00e9 preso em Governador Valadares"},"content":{"rendered":"<h4><strong><em>Crian\u00e7a ficou com hematomas nos dois lados do rosto. M\u00e3e disse que pai se estressou com o choro do menino.<\/em><\/strong><\/h4>\n<p>Um rapaz de 21 anos \u00e9 suspeito de agredir o filho de apenas 1 anos e 2 meses a tapas em Governador Valadares, no Leste de Minas Gerais. O crime aconteceu na tarde desta quarta-feira (10), na Rua Espera Feliz, no Bairro Santa Helena. O pr\u00f3prio irm\u00e3o do suspeito o denunciou \u00e0 pol\u00edcia. Ele foi preso em flagrante.<\/p>\n<p>A crian\u00e7a tinha marcas das agress\u00f5es nos dois lados do rosto. De acordo com a m\u00e3e da crian\u00e7a, de 20 anos, o pai do menino chegou para almo\u00e7ar, ficou impaciente com o choro da crian\u00e7a e deu v\u00e1rios tapas no rosto do filho. \u201cEle chegou estressado do servi\u00e7o. Eu tentava dar comida ao meu filho, mas ele estava chorando. O pai pediu para que eu fizesse ele parar, mas n\u00e3o consegui, foi quando ele o tomou do meu colo e come\u00e7ou a dar tapas no rosto do menino\u201d, contou a m\u00e3e na delegacia.<\/p>\n<p><img decoding=\"async\" src=\"http:\/\/aconteceunovale.com.br\/portal\/wp-content\/uploads\/2014\/09\/homem_agride_filho_gv.jpg\" alt=\"\" \/><em>Rosto da crian\u00e7a agredida pelo pai ficou marcado pelos tapas (Foto: Diego Souza\/G1)<\/em><br \/>\n<\/br><\/p>\n<p>Segundo o cabo Rinaldo Soares, da Pol\u00edcia Militar, o pai do menino n\u00e3o tem passagens pela pol\u00edcia. \u201cEle vai responder por les\u00e3o corporal e tamb\u00e9m ser\u00e1 enquadrado na Lei Maria da Penha, j\u00e1 que segundo a m\u00e3e da crian\u00e7a, quando ela saiu em defesa do filho, ele tamb\u00e9m tentou enforc\u00e1-la. Durante a pris\u00e3o ele n\u00e3o demonstrou nenhum tipo de arrependimento\u201d, afirma o militar.<\/p>\n<p>Ainda de acordo com informa\u00e7\u00f5es da PM, a m\u00e3e voltou a morar com o pai da crian\u00e7a h\u00e1 quatro meses. Ela disse que tamb\u00e9m j\u00e1 foi v\u00edtima das agress\u00f5es do suspeito. \u201cEu o conheci quando estudamos juntos em 2012 e acabei engravidando. Depois fui morar no Esp\u00edrito Santo, por causa de agress\u00f5es. L\u00e1 conheci um outro homem que assumiu meu filho, mas como eu ainda o amava, resolvi voltar, mesmo ela j\u00e1 tendo me agredido em outras ocasi\u00f5es\u201d, admite a m\u00e3e da crian\u00e7a.<\/p>\n<p>M\u00e3e e filho foram encaminhados ao Hospital Municipal onde foram atendidos e passaram por exames. <\/p>\n<p><strong><em>(Inter TV dos Vales\/G1)<\/em><\/strong><\/p>\n","protected":false},"excerpt":{"rendered":"<p>Crian\u00e7a ficou com hematomas nos dois lados do rosto. M\u00e3e disse que pai se estressou com o choro do menino. Um rapaz de 21 anos \u00e9 suspeito de agredir o filho de apenas 1 anos e 2 meses a tapas em Governador Valadares, no Leste de Minas Gerais. O crime aconteceu na tarde desta quarta-feira [&hellip;]<\/p>\n","protected":false},"author":1,"featured_media":39673,"comment_status":"open","ping_status":"closed","sticky":false,"template":"","format":"standard","meta":{"amp_status":"","footnotes":""},"categories":[121],"tags":[247,15789,15790],"class_list":["post-39672","post","type-post","status-publish","format-standard","has-post-thumbnail","hentry","category-leste","tag-governador-valadares","tag-homem-agride-filho-de-1-ano-com-tapas-no-rosto-e-e-preso-em-governador-valadares","tag-homem-agride-filho-de-um-ano-e-e-preso-em-governador-valadares"],"_links":{"self":[{"href":"https:\/\/aconteceunovale.com.br\/portal\/index.php?rest_route=\/wp\/v2\/posts\/39672","targetHints":{"allow":["GET"]}}],"collection":[{"href":"https:\/\/aconteceunovale.com.br\/portal\/index.php?rest_route=\/wp\/v2\/posts"}],"about":[{"href":"https:\/\/aconteceunovale.com.br\/portal\/index.php?rest_route=\/wp\/v2\/types\/post"}],"author":[{"embeddable":true,"href":"https:\/\/aconteceunovale.com.br\/portal\/index.php?rest_route=\/wp\/v2\/users\/1"}],"replies":[{"embeddable":true,"href":"https:\/\/aconteceunovale.com.br\/portal\/index.php?rest_route=%2Fwp%2Fv2%2Fcomments&post=39672"}],"version-history":[{"count":0,"href":"https:\/\/aconteceunovale.com.br\/portal\/index.php?rest_route=\/wp\/v2\/posts\/39672\/revisions"}],"wp:featuredmedia":[{"embeddable":true,"href":"https:\/\/aconteceunovale.com.br\/portal\/index.php?rest_route=\/wp\/v2\/media\/39673"}],"wp:attachment":[{"href":"https:\/\/aconteceunovale.com.br\/portal\/index.php?rest_route=%2Fwp%2Fv2%2Fmedia&parent=39672"}],"wp:term":[{"taxonomy":"category","embeddable":true,"href":"https:\/\/aconteceunovale.com.br\/portal\/index.php?rest_route=%2Fwp%2Fv2%2Fcategories&post=39672"},{"taxonomy":"post_tag","embeddable":true,"href":"https:\/\/aconteceunovale.com.br\/portal\/index.php?rest_route=%2Fwp%2Fv2%2Ftags&post=39672"}],"curies":[{"name":"wp","href":"https:\/\/api.w.org\/{rel}","templated":true}]}}