{"id":39654,"date":"2014-09-10T18:42:20","date_gmt":"2014-09-10T21:42:20","guid":{"rendered":"http:\/\/aconteceunovale.com.br\/portal\/?p=39654"},"modified":"2014-09-10T18:42:59","modified_gmt":"2014-09-10T21:42:59","slug":"parceria-entre-prefeitura-e-pronatec-forma-mais-duas-turmas-em-conceicao-do-mato-dentro","status":"publish","type":"post","link":"https:\/\/aconteceunovale.com.br\/portal\/?p=39654","title":{"rendered":"Parceria entre Prefeitura e Pronatec forma mais duas turmas em Concei\u00e7\u00e3o do Mato Dentro"},"content":{"rendered":"<p>O Programa Nacional de Acesso ao Ensino T\u00e9cnico, viabilizado pela atua\u00e7\u00e3o da Prefeitura Municipal de Concei\u00e7\u00e3o do Mato Dentro em parceira com o Senai, formou mais duas turmas no m\u00eas de agosto. 28 alunos conclu\u00edram o curso de Auxiliar de Pessoal e 30 alunos se formaram como Instalador de Sistemas Eletr\u00f4nicos de Seguran\u00e7a.<\/p>\n<p>Dando continuidade ao programa, est\u00e3o em andamento mais tr\u00eas cursos t\u00e9cnicos: Instalador de Sistemas Eletr\u00f4nicos de Seguran\u00e7a, em parceria com o Senai; Cuidador de Idoso e Agente Comunit\u00e1rio de Sa\u00fade, em parceria com o IFMG \u2013 Instituto Federal Minas Gerais. As turmas somam mais 80 futuros profissionais.<\/p>\n<p>Ainda no m\u00eas de setembro, outros tr\u00eas cursos ministrado pelo IFMG dever\u00e3o ser iniciados: T\u00e9cnico em Seguran\u00e7a do Trabalho, T\u00e9cnico em Enfermagem e T\u00e9cnico em Inform\u00e1tica. Cada turma tem 30 vagas.<\/p>\n<p>Para participar do PRONATEC, \u00e9 necess\u00e1rio ter conclu\u00eddo o ensino fundamental, ter idade m\u00ednima de 15 anos, fazer parte do programa Bolsa Fam\u00edlia e apresentar RG, CPF e comprovante de escolaridade. <\/p>\n<p>As inscri\u00e7\u00f5es s\u00e3o realizadas na Secretaria Municipal de Desenvolvimento Social (Rua Bas\u00edlio Santigo, 91 \u2013 Centro). Informa\u00e7\u00f5es pelo telefone: (31) 3868-2880.<\/p>\n<p><img decoding=\"async\" src=\"http:\/\/aconteceunovale.com.br\/portal\/wp-content\/uploads\/2014\/09\/turmas_pronatec_cmd_10_1.jpg\" alt=\"\" \/><img decoding=\"async\" src=\"http:\/\/aconteceunovale.com.br\/portal\/wp-content\/uploads\/2014\/09\/turmas_pronatec_cmd_10_2.jpg\" alt=\"\" \/><strong><em>(Fotos e informa\u00e7\u00f5es da Prefeitura de Concei\u00e7\u00e3o do Mato Dentro)<\/em><\/strong><\/p>\n","protected":false},"excerpt":{"rendered":"<p>O Programa Nacional de Acesso ao Ensino T\u00e9cnico, viabilizado pela atua\u00e7\u00e3o da Prefeitura Municipal de Concei\u00e7\u00e3o do Mato Dentro em parceira com o Senai, formou mais duas turmas no m\u00eas de agosto. 28 alunos conclu\u00edram o curso de Auxiliar de Pessoal e 30 alunos se formaram como Instalador de Sistemas Eletr\u00f4nicos de Seguran\u00e7a. Dando continuidade [&hellip;]<\/p>\n","protected":false},"author":1,"featured_media":39655,"comment_status":"open","ping_status":"closed","sticky":false,"template":"","format":"standard","meta":{"amp_status":"","footnotes":""},"categories":[123],"tags":[628,15784,1296],"class_list":["post-39654","post","type-post","status-publish","format-standard","has-post-thumbnail","hentry","category-gerais","tag-conceicao-do-mato-dentro","tag-parceria-entre-prefeitura-e-pronatec-forma-mais-duas-turmas-em-conceicao-do-mato-dentro","tag-pronatec"],"_links":{"self":[{"href":"https:\/\/aconteceunovale.com.br\/portal\/index.php?rest_route=\/wp\/v2\/posts\/39654","targetHints":{"allow":["GET"]}}],"collection":[{"href":"https:\/\/aconteceunovale.com.br\/portal\/index.php?rest_route=\/wp\/v2\/posts"}],"about":[{"href":"https:\/\/aconteceunovale.com.br\/portal\/index.php?rest_route=\/wp\/v2\/types\/post"}],"author":[{"embeddable":true,"href":"https:\/\/aconteceunovale.com.br\/portal\/index.php?rest_route=\/wp\/v2\/users\/1"}],"replies":[{"embeddable":true,"href":"https:\/\/aconteceunovale.com.br\/portal\/index.php?rest_route=%2Fwp%2Fv2%2Fcomments&post=39654"}],"version-history":[{"count":0,"href":"https:\/\/aconteceunovale.com.br\/portal\/index.php?rest_route=\/wp\/v2\/posts\/39654\/revisions"}],"wp:featuredmedia":[{"embeddable":true,"href":"https:\/\/aconteceunovale.com.br\/portal\/index.php?rest_route=\/wp\/v2\/media\/39655"}],"wp:attachment":[{"href":"https:\/\/aconteceunovale.com.br\/portal\/index.php?rest_route=%2Fwp%2Fv2%2Fmedia&parent=39654"}],"wp:term":[{"taxonomy":"category","embeddable":true,"href":"https:\/\/aconteceunovale.com.br\/portal\/index.php?rest_route=%2Fwp%2Fv2%2Fcategories&post=39654"},{"taxonomy":"post_tag","embeddable":true,"href":"https:\/\/aconteceunovale.com.br\/portal\/index.php?rest_route=%2Fwp%2Fv2%2Ftags&post=39654"}],"curies":[{"name":"wp","href":"https:\/\/api.w.org\/{rel}","templated":true}]}}