{"id":39649,"date":"2014-09-10T18:36:09","date_gmt":"2014-09-10T21:36:09","guid":{"rendered":"http:\/\/aconteceunovale.com.br\/portal\/?p=39649"},"modified":"2014-09-10T18:38:49","modified_gmt":"2014-09-10T21:38:49","slug":"professores-participam-de-forum-na-olimpiada-do-conhecimento","status":"publish","type":"post","link":"https:\/\/aconteceunovale.com.br\/portal\/?p=39649","title":{"rendered":"Professores participam de f\u00f3rum na Olimp\u00edada do Conhecimento"},"content":{"rendered":"<p>Evento especial destinado a promover a reflex\u00e3o e a intera\u00e7\u00e3o entre os professores que participaram da oitava edi\u00e7\u00e3o da Olimp\u00edada do Conhecimento, o F\u00f3rum de Educa\u00e7\u00e3o para o Mundo do Trabalho teve dois dias de programa\u00e7\u00e3o, com palestras, debates, apresenta\u00e7\u00e3o cultural e visita\u00e7\u00e3o \u00e0s \u00e1reas de atividades da olimp\u00edada.<\/p>\n<p>A diretora de pol\u00edtica de educa\u00e7\u00e3o profissional e tecnol\u00f3gica da Secretaria de Educa\u00e7\u00e3o Profissional e Tecnol\u00f3gica (Setec) do Minist\u00e9rio da Educa\u00e7\u00e3o, Nilva Schroeder, ressaltou que o objetivo do f\u00f3rum \u00e9 investir e motivar o professor. \u201cO foco principal em uma olimp\u00edada como essa \u00e9 a inova\u00e7\u00e3o, mas a inova\u00e7\u00e3o se faz com pessoas\u201d, destacou. \u201cE para isso \u00e9 preciso contribuir de todas as maneiras para que essas pessoas, ou seja, os docentes dos institutos federais, sintam-se valorizadas e motivadas.\u201d<\/p>\n<p><img decoding=\"async\" src=\"http:\/\/aconteceunovale.com.br\/portal\/wp-content\/uploads\/2014\/09\/professores_ifmg_sje.jpg\" alt=\"\" \/><em>Da esquerda para a direita: professores Jo\u00e3o Tomaz, Margarida Maria Higino e Sidilene Gon\u00e7alves, do IFMG Campus S\u00e3o Jo\u00e3o Evangelista &#8211; Foto: Kelly Aguiar\/Divulga\u00e7\u00e3o<\/em><br \/>\n<\/br><\/p>\n<p>Para a diretora, o apoio do MEC \u00e0 participa\u00e7\u00e3o desses professores na Olimp\u00edada do Conhecimento \u00e9 uma forma de motiv\u00e1-los. \u201cEsperamos que eles saiam daqui com a ideia de que a pesquisa e as situa\u00e7\u00f5es-problema s\u00e3o fundamentais para a constru\u00e7\u00e3o do conhecimento\u201d, alertou. \u201cTenho certeza de que, durante o f\u00f3rum, foi poss\u00edvel para os docentes enxergar de forma mais n\u00edtida a import\u00e2ncia de um evento desse porte.\u201d<\/p>\n<p>Ainda de acordo com Nilva, os professores, ao conhecer o que as outras institui\u00e7\u00f5es de ensino est\u00e3o produzindo, ficam motivados, \u201cgra\u00e7as a essa imers\u00e3o na inova\u00e7\u00e3o\u201d.<\/p>\n<p>Professores do campus de S\u00e3o Jo\u00e3o Evangelista do Instituto Federal de Educa\u00e7\u00e3o, Ci\u00eancia e Tecnologia de Minas Gerais (IFMG) observam o momento como importante para o aprimoramento da pr\u00e1tica docente, al\u00e9m de permitir o interc\u00e2mbio de a\u00e7\u00f5es e ideias com outras unidades da Rede Federal de Educa\u00e7\u00e3o Profissional, Cient\u00edfica e Tecnol\u00f3gica e com a realidade das escolas do Sistema S. \u201cFoi um momento importante para atualiza\u00e7\u00e3o e reflex\u00e3o sobre a pr\u00e1tica docente, do ensino em sala de aula e da relev\u00e2ncia da pesquisa no aprendizado do aluno\u201d, disse o professor Jo\u00e3o Tomaz.<\/p>\n<p>A professora Margarida Maria Higino de Jesus ressaltou o papel do f\u00f3rum de aproximar os docentes de diferentes institui\u00e7\u00f5es e promover a reflex\u00e3o sobre o trabalho desenvolvido em busca de melhorias. Quanto \u00e0 participa\u00e7\u00e3o do MEC na olimp\u00edada, Margarida destacou a aproxima\u00e7\u00e3o entre os institutos federais e escolas do Sistema S. \u201cTodos sa\u00edram ganhando.\u201d<\/p>\n<h4>Debates<\/h4>\n<p>No primeiro dia do f\u00f3rum, na quinta-feira, 4, os professores assistiram \u00e0 palestra O Papel do Docente na Realiza\u00e7\u00e3o do Projeto Pol\u00edtico Pedag\u00f3gico, ministrada por Vasco Moretto. Depois, divertiram-se com a apresenta\u00e7\u00e3o teatral Curso de sobreviv\u00eancia \u00e0 epidemia Zumbi \u2013 uma forma l\u00fadica de apresentar a forma\u00e7\u00e3o por compet\u00eancias.<\/p>\n<p>Na sequ\u00eancia, participaram de mesas de debates. A primeira delas, Elementos que Identificam a Apropria\u00e7\u00e3o da Metodologia Senai de Educa\u00e7\u00e3o Profissional no Cotidiano da Pr\u00e1tica Docente. A segunda, Situa\u00e7\u00f5es de Aprendizagem: Pr\u00e1ticas que Motivam e Transformam.<\/p>\n<p>Ainda no primeiro dia, os professores assistiram \u00e0s palestras Educa\u00e7\u00e3o Significativa Envolve Conte\u00fado e M\u00e9todo, ministrada pelo professor Lu\u00eds Carlos de Menezes, e O Professor do S\u00e9culo 21: as Tend\u00eancias, as Tecnologias e as Transforma\u00e7\u00f5es, ministrada pelo professor Gil Giardelli.<\/p>\n<p>O segundo dia, quinta-feira, 5, foi dedicado \u00e0 visita \u00e0s \u00e1reas da olimp\u00edada para os docentes conhecerem os projetos das diversas \u00e1reas apresentados na competi\u00e7\u00e3o.<\/p>\n<p><em>(Ascom Minist\u00e9rio da Educa\u00e7\u00e3o)<\/em><\/p>\n","protected":false},"excerpt":{"rendered":"<p>Evento especial destinado a promover a reflex\u00e3o e a intera\u00e7\u00e3o entre os professores que participaram da oitava edi\u00e7\u00e3o da Olimp\u00edada do Conhecimento, o F\u00f3rum de Educa\u00e7\u00e3o para o Mundo do Trabalho teve dois dias de programa\u00e7\u00e3o, com palestras, debates, apresenta\u00e7\u00e3o cultural e visita\u00e7\u00e3o \u00e0s \u00e1reas de atividades da olimp\u00edada. A diretora de pol\u00edtica de educa\u00e7\u00e3o [&hellip;]<\/p>\n","protected":false},"author":1,"featured_media":39650,"comment_status":"open","ping_status":"closed","sticky":false,"template":"","format":"standard","meta":{"amp_status":"","footnotes":""},"categories":[123],"tags":[1018,15782,15783,15781,162],"class_list":["post-39649","post","type-post","status-publish","format-standard","has-post-thumbnail","hentry","category-gerais","tag-destaque","tag-forum-na-olimpiada-do-conhecimento","tag-professores-do-ifmgcampus-sao-joao-evangelista","tag-professores-participam-de-forum-na-olimpiada-do-conhecimento","tag-sao-joao-evangelista"],"_links":{"self":[{"href":"https:\/\/aconteceunovale.com.br\/portal\/index.php?rest_route=\/wp\/v2\/posts\/39649","targetHints":{"allow":["GET"]}}],"collection":[{"href":"https:\/\/aconteceunovale.com.br\/portal\/index.php?rest_route=\/wp\/v2\/posts"}],"about":[{"href":"https:\/\/aconteceunovale.com.br\/portal\/index.php?rest_route=\/wp\/v2\/types\/post"}],"author":[{"embeddable":true,"href":"https:\/\/aconteceunovale.com.br\/portal\/index.php?rest_route=\/wp\/v2\/users\/1"}],"replies":[{"embeddable":true,"href":"https:\/\/aconteceunovale.com.br\/portal\/index.php?rest_route=%2Fwp%2Fv2%2Fcomments&post=39649"}],"version-history":[{"count":0,"href":"https:\/\/aconteceunovale.com.br\/portal\/index.php?rest_route=\/wp\/v2\/posts\/39649\/revisions"}],"wp:featuredmedia":[{"embeddable":true,"href":"https:\/\/aconteceunovale.com.br\/portal\/index.php?rest_route=\/wp\/v2\/media\/39650"}],"wp:attachment":[{"href":"https:\/\/aconteceunovale.com.br\/portal\/index.php?rest_route=%2Fwp%2Fv2%2Fmedia&parent=39649"}],"wp:term":[{"taxonomy":"category","embeddable":true,"href":"https:\/\/aconteceunovale.com.br\/portal\/index.php?rest_route=%2Fwp%2Fv2%2Fcategories&post=39649"},{"taxonomy":"post_tag","embeddable":true,"href":"https:\/\/aconteceunovale.com.br\/portal\/index.php?rest_route=%2Fwp%2Fv2%2Ftags&post=39649"}],"curies":[{"name":"wp","href":"https:\/\/api.w.org\/{rel}","templated":true}]}}