{"id":39644,"date":"2014-09-10T13:26:41","date_gmt":"2014-09-10T16:26:41","guid":{"rendered":"http:\/\/aconteceunovale.com.br\/portal\/?p=39644"},"modified":"2014-09-10T18:17:31","modified_gmt":"2014-09-10T21:17:31","slug":"tres-trabalhadores-morrem-em-rompimento-de-barragem-no-interior-de-minas-gerais","status":"publish","type":"post","link":"https:\/\/aconteceunovale.com.br\/portal\/?p=39644","title":{"rendered":"Tr\u00eas trabalhadores morrem em rompimento de barragem no interior de Minas Gerais"},"content":{"rendered":"<h4><strong><em>Barragem de mineradora fica na BR-356, no sentido Ouro Preto. Trabalhadores realizavam manuten\u00e7\u00e3o no local. V\u00e1rias viaturas do Corpo de Bombeiros prestam socorro<\/em><\/strong><\/h4>\n<p>Tr\u00eas funcion\u00e1rios morreram, um ficou ferido e outros dois sa\u00edram ilesos do rompimento de uma barragem da empresa Herculano Minera\u00e7\u00e3o, em Itabirito, na regi\u00e3o Central de Minas Gerais. Os oper\u00e1rios ficaram soterrados na manh\u00e3 desta quarta-feira (10). <\/p>\n<p>Em entrevista, o secret\u00e1rio municipal de Meio Ambiente de Itabirito, Ant\u00f4nio Marcos Generoso, informou que um dos corpos foi retirado do local e as outras duas v\u00edtimas fatais s\u00e3o as que ainda s\u00e3o consideradas desaparecidas pelos Bombeiros. &#8220;A causa do rompimento \u00e9 uma preocupa\u00e7\u00e3o posterior. Nossa preocupa\u00e7\u00e3o agora s\u00e3o as v\u00edtimas e amenizar os impactos para a cidade&#8221;. Ainda segundo ele, empresas do entorno est\u00e3o auxiliando o resgate no local.<\/p>\n<p><img decoding=\"async\" src=\"http:\/\/aconteceunovale.com.br\/portal\/wp-content\/uploads\/2014\/09\/acidente_mina_itabirito.jpg\" alt=\"\" \/><em>Ap\u00f3s acidente, local ficou tomado de lama &#8211; Foto: Reprodu\u00e7\u00e3o\/TV Globo<\/em><br \/>\n<\/br><\/p>\n<p>De acordo com Corpo de Bombeiros de Itabirito, os oper\u00e1rios realizavam a manuten\u00e7\u00e3o no talude de uma barragem de rejeitos (res\u00edduos s\u00f3lidos presentes em min\u00e9rios, mas que est\u00e3o com as possibilidades de reaproveitamento esgotadas), que estava desativada, quando ela teria rompido, por volta das 8h. Dois caminh\u00f5es, uma retroescavadeira e um Fiat Uno foram atingidos pelo deslizamento de terra e os motoristas ficaram sob os escombros, desaparecidos. Uma pessoa foi socorrida, com fratura no bra\u00e7o, para o Hospital de Pronto-Socorro Jo\u00e3o XXIII, em Belo Horizonte, e outros dois trabalhadores sa\u00edram ilesos. As v\u00edtimas ainda n\u00e3o foram identificadas.<\/p>\n<p>Segundo o bombeiro municipal Cl\u00e9bio Ara\u00fajo, alguns oper\u00e1rios que presenciaram o acidente tentaram ajudar os colegas. Muitos ficaram em choque com o que presenciaram. A mineradora ficou tomada por lama ap\u00f3s o acidente. <\/p>\n<p>A Secretaria de Estado de Meio Ambiente e Recursos H\u00eddricos (Semad) informou que a Herculano Minera\u00e7\u00e3o Ltda possui licen\u00e7a ambiental e, atualmente, est\u00e1 em processo de revalida\u00e7\u00e3o de Licen\u00e7a de Opera\u00e7\u00e3o.<\/p>\n<p>Ainda disse que t\u00e9cnicos da superintend\u00eancia de Controle e Emerg\u00eancia Ambiental da Semad e da Funda\u00e7\u00e3o Estadual de Meio Ambiente est\u00e3o no local avaliando a extens\u00e3o dos danos ambientais. O secret\u00e1rio de Estado de Meio Ambiente e Desenvolvimento Sustent\u00e1vel, Alceu Torres Marques, sobrevoou o local do acidente na manh\u00e3 desta quarta e afirmou que as equipes do Sistema Estadual de Meio Ambiente (Sisema) tamb\u00e9m ir\u00e3o avaliar se houve alguma a\u00e7\u00e3o ou omiss\u00e3o que teria violado as regras administrativas acerca da regulariza\u00e7\u00e3o ambiental ou extrapolado as autoriza\u00e7\u00f5es concedidas.<\/p>\n<p>A assessoria da Semad ressaltou tamb\u00e9m que, de acordo com a legisla\u00e7\u00e3o ambiental, as atividades dos \u00f3rg\u00e3os com atribui\u00e7\u00f5es de fiscaliza\u00e7\u00e3o n\u00e3o eximem os propriet\u00e1rios de empreendimentos da total responsabilidade pela seguran\u00e7a das barragens e reservat\u00f3rios existentes nos seus empreendimentos, bem como das consequ\u00eancias pelo seu mau funcionamento, que poder\u00e1 ensejar responsabilidade civil, criminal e administrativa.<\/p>\n<p>&#8220;A Semad informa, ainda, que a \u00faltima auditoria na Barragem B1, estrutura que rompeu, foi realizada no dia 27 de setembro de 2013. Na oportunidade, o auditor garantiu a estabilidade da estrutura. As auditorias nas barragens s\u00e3o realizadas por empresas independentes e observam as condi\u00e7\u00f5es f\u00edsicas e hidr\u00e1ulicas para opera\u00e7\u00e3o das estruturas. No caso das barragens da Classe II, como a B1, a auditoria \u00e9 realizada a cada dois anos&#8221;.<\/p>\n<p>Por meio de nota, a Federa\u00e7\u00e3o dos Trabalhadores nas Ind\u00fastrias Extrativas do Estado de Minas Gerais (FTIEMG) disse que o Minist\u00e9rio do Trabalho ir\u00e1 fazer uma fiscaliza\u00e7\u00e3o no local do acidente nesta quinta-feira (11). <\/p>\n<h4>Consequ\u00eancias<\/h4>\n<p>Pelo menos 150 fam\u00edlias de um condom\u00ednio de casas pr\u00f3ximo a cerca de cinco quil\u00f4metros do terreno da mineradora est\u00e3o sem \u00e1gua e chegaram a ficar sem energia el\u00e9trica devido ao acidente. Segundo o gestor do condom\u00ednio Vilabella, Ladislau Oliveira, o rompimento da barragem provocou uma tromba d&#8217;\u00e1gua e atingiu o ribeir\u00e3o da Silva, danificando a esta\u00e7\u00e3o de capta\u00e7\u00e3o de \u00e1gua do condom\u00ednio.<\/p>\n<p>Aproximadamente dois quil\u00f4metros do ribeir\u00e3o passam dentro do residencial, mas a \u00e1gua n\u00e3o chegou a atingir os im\u00f3veis, j\u00e1 que o n\u00edvel das casas \u00e9 mais alto. O condom\u00ednio contratou caminh\u00f5es-pipa, com 7.000 a 10 mil litros de \u00e1gua cada, para abastecer o reservat\u00f3rio do local. Segundo Oliveira, um representante da Herculano Minera\u00e7\u00e3o, informou que empresa ir\u00e1 custear os gastos do condom\u00ednio.<\/p>\n<p>O local ficou sem luz el\u00e9trica das 8h \u00e0s 10h20, j\u00e1 que uma esta\u00e7\u00e3o da Companhia Energ\u00e9tica de Minas Gerais (Cemig) foi danificada com o acidente. <\/p>\n<p>Um seguran\u00e7a do residencial contou que n\u00e3o foi poss\u00edvel ouvir o barulho causado pelo acidente e que perceberam que algo estava errado devido a mudan\u00e7a de cen\u00e1rio da regi\u00e3o montanhosa, com o surgimento de uma cratera.<\/p>\n<h4>Den\u00fancia<\/h4>\n<p>Os moradores da cidade reclamam da falta de informa\u00e7\u00f5es da empresa em rela\u00e7\u00e3o aos trabalhadores. Em contato com a reportagem, os moradores informaram que a rotina da empresa come\u00e7a bem cedo e que, provavelmente, h\u00e1 funcion\u00e1rios presos em uma mina, que funcionaria no local, devido ao acidente. Ainda n\u00e3o h\u00e1 a confirma\u00e7\u00e3o de atividade subterr\u00e2nea na \u00e1rea.<\/p>\n<h4>Mineradora informa que est\u00e1 apurando causas do acidente<\/h4>\n<p>Por meio de nota, em seu primeiro comunicado oficial, a empresa disse lamentar o ocorrido e informou que as causas do acidente ainda est\u00e3o sendo apuradas. Confira o documento, na \u00edntegra:<\/p>\n<p><em>&#8220;A Herculano Minera\u00e7\u00e3o LTDA. lamenta profundamente o acidente ocorrido na manh\u00e3 desta quarta-feira, por volta das 7h30, em sua barragem de rejeitos. A empresa informa que ainda est\u00e3o sendo apuradas as causas do acidente, tanto por seu corpo t\u00e9cnico, como pelas autoridades.<\/p>\n<p>De acordo com essas autoridades, infelizmente, foram confirmadas duas v\u00edtimas fatais e um funcion\u00e1rio ainda n\u00e3o localizado. A empresa est\u00e1 prestando todo o suporte \u00e0s fam\u00edlias dos envolvidos. Todas as medidas est\u00e3o sendo tomadas no sentido de garantir a integridade de seus funcion\u00e1rios e minimizar os preju\u00edzos para a comunidade local e ao meio ambiente.<\/p>\n<p>\u00c0 medida que surgirem novas informa\u00e7\u00f5es, a empresa se manifestar\u00e1 oficialmente \u00e0 imprensa por meio de novo comunicado\u201d.<\/em><\/p>\n<p><strong>(O Tempo)<\/strong><\/p>\n","protected":false},"excerpt":{"rendered":"<p>Barragem de mineradora fica na BR-356, no sentido Ouro Preto. Trabalhadores realizavam manuten\u00e7\u00e3o no local. V\u00e1rias viaturas do Corpo de Bombeiros prestam socorro Tr\u00eas funcion\u00e1rios morreram, um ficou ferido e outros dois sa\u00edram ilesos do rompimento de uma barragem da empresa Herculano Minera\u00e7\u00e3o, em Itabirito, na regi\u00e3o Central de Minas Gerais. Os oper\u00e1rios ficaram soterrados [&hellip;]<\/p>\n","protected":false},"author":1,"featured_media":39645,"comment_status":"open","ping_status":"closed","sticky":false,"template":"","format":"standard","meta":{"amp_status":"","footnotes":""},"categories":[123],"tags":[15776,1018,15775,1499,211,15779,15780,15774,15773,15777,15778],"class_list":["post-39644","post","type-post","status-publish","format-standard","has-post-thumbnail","hentry","category-gerais","tag-acidente-com-barragem-da-herculano-mineracao","tag-destaque","tag-herculano-mineracao","tag-itabirito","tag-ouro-preto","tag-reinaldo-da-costa-melo","tag-topografo-reinaldo-da-costa-melo","tag-tres-operarios-morrem-em-rompimento-de-barragem-de-mineradora-em-itabirito","tag-tres-operarios-morrem-em-rompimento-de-barragem-de-mineradora-em-minas-gerais","tag-tres-operarios-morrem-em-rompimento-de-barragem-no-interior-de-minas-gerais","tag-tres-trabalhadores-morrem-em-rompimento-de-barragem-no-interior-de-minas-gerais"],"_links":{"self":[{"href":"https:\/\/aconteceunovale.com.br\/portal\/index.php?rest_route=\/wp\/v2\/posts\/39644","targetHints":{"allow":["GET"]}}],"collection":[{"href":"https:\/\/aconteceunovale.com.br\/portal\/index.php?rest_route=\/wp\/v2\/posts"}],"about":[{"href":"https:\/\/aconteceunovale.com.br\/portal\/index.php?rest_route=\/wp\/v2\/types\/post"}],"author":[{"embeddable":true,"href":"https:\/\/aconteceunovale.com.br\/portal\/index.php?rest_route=\/wp\/v2\/users\/1"}],"replies":[{"embeddable":true,"href":"https:\/\/aconteceunovale.com.br\/portal\/index.php?rest_route=%2Fwp%2Fv2%2Fcomments&post=39644"}],"version-history":[{"count":0,"href":"https:\/\/aconteceunovale.com.br\/portal\/index.php?rest_route=\/wp\/v2\/posts\/39644\/revisions"}],"wp:featuredmedia":[{"embeddable":true,"href":"https:\/\/aconteceunovale.com.br\/portal\/index.php?rest_route=\/wp\/v2\/media\/39645"}],"wp:attachment":[{"href":"https:\/\/aconteceunovale.com.br\/portal\/index.php?rest_route=%2Fwp%2Fv2%2Fmedia&parent=39644"}],"wp:term":[{"taxonomy":"category","embeddable":true,"href":"https:\/\/aconteceunovale.com.br\/portal\/index.php?rest_route=%2Fwp%2Fv2%2Fcategories&post=39644"},{"taxonomy":"post_tag","embeddable":true,"href":"https:\/\/aconteceunovale.com.br\/portal\/index.php?rest_route=%2Fwp%2Fv2%2Ftags&post=39644"}],"curies":[{"name":"wp","href":"https:\/\/api.w.org\/{rel}","templated":true}]}}