{"id":39631,"date":"2014-09-10T11:59:22","date_gmt":"2014-09-10T14:59:22","guid":{"rendered":"http:\/\/aconteceunovale.com.br\/portal\/?p=39631"},"modified":"2014-09-10T11:59:22","modified_gmt":"2014-09-10T14:59:22","slug":"nova-sede-da-farmacia-popular-do-brasil-sera-inaugurada-em-teofilo-otoni","status":"publish","type":"post","link":"https:\/\/aconteceunovale.com.br\/portal\/?p=39631","title":{"rendered":"Nova sede da Farm\u00e1cia Popular do Brasil ser\u00e1 inaugurada em Te\u00f3filo Otoni"},"content":{"rendered":"<p>Acontecer\u00e1 nesta quinta-feira (11), as 10 horas da manh\u00e3, a reinaugura\u00e7\u00e3o da Farm\u00e1cia Popular do Brasil. A nova sede da farm\u00e1cia, que antes funcionava na Avenida Francisco S\u00e1, ser\u00e1 na rua Dr. Jo\u00e3o Ant\u00f4nio, 251 \u2013 B, (ao lado da Receita Federal), no centro da cidade.<\/p>\n<p>O Programa Farm\u00e1cia Popular do Brasil faz parte da Pol\u00edtica de Assist\u00eancia Farmac\u00eautica do Minist\u00e9rio da Sa\u00fade, que busca ampliar o acesso da popula\u00e7\u00e3o aos medicamentos. O programa atende a toda a popula\u00e7\u00e3o e \u00e9 dirigido, sobretudo, \u00e0s pessoas que interrompem o tratamento por n\u00e3o conseguirem arcar com o pre\u00e7o dos rem\u00e9dios. Hoje o programa facilita o acesso a uma lista de 97 medicamentos classificados como essenciais, al\u00e9m do preservativo masculino.<\/p>\n<p>Hipertens\u00e3o, diabetes, \u00falcera g\u00e1strica, depress\u00e3o, asma, infec\u00e7\u00f5es e verminoses s\u00e3o exemplos de doen\u00e7as para as quais s\u00e3o encontrados medicamentos nas Farm\u00e1cias populares. Tamb\u00e9m est\u00e3o dispon\u00edveis produtos com indica\u00e7\u00f5es para os quadros de c\u00f3licas, enxaqueca, queimadura e inflama\u00e7\u00f5es, al\u00e9m de anticoncepcionais.<\/p>\n<p><img decoding=\"async\" src=\"http:\/\/aconteceunovale.com.br\/portal\/wp-content\/uploads\/2014\/09\/farmacia_popular_teo.jpg\" alt=\"\" \/><em>A Farm\u00e1cia est\u00e1 prontinha para receber a popula\u00e7\u00e3o \u2013 Foto: Divulga\u00e7\u00e3o\/PMTO<\/em><\/p>\n","protected":false},"excerpt":{"rendered":"<p>Acontecer\u00e1 nesta quinta-feira (11), as 10 horas da manh\u00e3, a reinaugura\u00e7\u00e3o da Farm\u00e1cia Popular do Brasil. A nova sede da farm\u00e1cia, que antes funcionava na Avenida Francisco S\u00e1, ser\u00e1 na rua Dr. Jo\u00e3o Ant\u00f4nio, 251 \u2013 B, (ao lado da Receita Federal), no centro da cidade. O Programa Farm\u00e1cia Popular do Brasil faz parte da [&hellip;]<\/p>\n","protected":false},"author":1,"featured_media":39632,"comment_status":"open","ping_status":"closed","sticky":false,"template":"","format":"standard","meta":{"amp_status":"","footnotes":""},"categories":[122],"tags":[15769,15768,164],"class_list":["post-39631","post","type-post","status-publish","format-standard","has-post-thumbnail","hentry","category-mucuri","tag-farmacia-popular-do-brasil-em-teofilo-otoni","tag-nova-sede-da-farmacia-popular-do-brasil-sera-inaugurada-em-teofilo-otoni","tag-teofilo-otoni"],"_links":{"self":[{"href":"https:\/\/aconteceunovale.com.br\/portal\/index.php?rest_route=\/wp\/v2\/posts\/39631","targetHints":{"allow":["GET"]}}],"collection":[{"href":"https:\/\/aconteceunovale.com.br\/portal\/index.php?rest_route=\/wp\/v2\/posts"}],"about":[{"href":"https:\/\/aconteceunovale.com.br\/portal\/index.php?rest_route=\/wp\/v2\/types\/post"}],"author":[{"embeddable":true,"href":"https:\/\/aconteceunovale.com.br\/portal\/index.php?rest_route=\/wp\/v2\/users\/1"}],"replies":[{"embeddable":true,"href":"https:\/\/aconteceunovale.com.br\/portal\/index.php?rest_route=%2Fwp%2Fv2%2Fcomments&post=39631"}],"version-history":[{"count":0,"href":"https:\/\/aconteceunovale.com.br\/portal\/index.php?rest_route=\/wp\/v2\/posts\/39631\/revisions"}],"wp:featuredmedia":[{"embeddable":true,"href":"https:\/\/aconteceunovale.com.br\/portal\/index.php?rest_route=\/wp\/v2\/media\/39632"}],"wp:attachment":[{"href":"https:\/\/aconteceunovale.com.br\/portal\/index.php?rest_route=%2Fwp%2Fv2%2Fmedia&parent=39631"}],"wp:term":[{"taxonomy":"category","embeddable":true,"href":"https:\/\/aconteceunovale.com.br\/portal\/index.php?rest_route=%2Fwp%2Fv2%2Fcategories&post=39631"},{"taxonomy":"post_tag","embeddable":true,"href":"https:\/\/aconteceunovale.com.br\/portal\/index.php?rest_route=%2Fwp%2Fv2%2Ftags&post=39631"}],"curies":[{"name":"wp","href":"https:\/\/api.w.org\/{rel}","templated":true}]}}