{"id":39625,"date":"2014-09-10T11:03:44","date_gmt":"2014-09-10T14:03:44","guid":{"rendered":"http:\/\/aconteceunovale.com.br\/portal\/?p=39625"},"modified":"2014-09-10T11:03:44","modified_gmt":"2014-09-10T14:03:44","slug":"ministerio-publico-denuncia-policial-pela-morte-do-filho-de-vereadora-de-coronel-fabriciano","status":"publish","type":"post","link":"https:\/\/aconteceunovale.com.br\/portal\/?p=39625","title":{"rendered":"Minist\u00e9rio P\u00fablico denuncia policial pela morte do filho de vereadora de Coronel Fabriciano"},"content":{"rendered":"<h4><strong><em>Frederico Alan de Souza Paiva foi morto durante uma blitz da Pol\u00edcia Militar. Segundo a Pol\u00edcia, rapaz n\u00e3o obedeceu ordem de parada e foi atingido.<\/em><\/strong><\/h4>\n<p>O Minist\u00e9rio P\u00fablico de Coronel Fabriciano ofereceu den\u00fancia nessa ter\u00e7a-feira (9) contra o soldado da Pol\u00edcia Militar, Deivid Marcelino dos Santos, acusado da morte do estudante Frederico Alan de Souza Paiva, de 26 anos, filho da vereadora Carmem Rodrigues de Souza Paiva, a Carmem do Sinttrocel (PC do B). O jovem foi morto no dia 4 de julho deste ano, ap\u00f3s desobedecer \u00e0 ordem de parada da pol\u00edcia, resultando em um disparo de arma de fogo, que acabou matando Frederico.<\/p>\n<p>O advogado de defesa, Bruno Luiz de Souza Silva, informou que o MP entendeu a participa\u00e7\u00e3o direta de Deivid na morte de Frederico Alan, e ofereceu den\u00fancia \u00e0 Justi\u00e7a pela pr\u00e1tica do crime de homic\u00eddio qualificado, por motivo f\u00fatil, que dificultou a defesa da v\u00edtima.<\/p>\n<p><img decoding=\"async\" src=\"http:\/\/aconteceunovale.com.br\/portal\/wp-content\/uploads\/2014\/07\/frederico_paiva_morto_fabri.jpg\" alt=\"\" \/><em>Frederico estava no 3\u00ba per\u00edodo de el\u00e9trica e n\u00e3o tinha passagem pela pol\u00edcia (Foto: Arquivo Pessoal)<\/em><br \/>\n<\/br><\/p>\n<p>Por\u00e9m, a Promotoria n\u00e3o configurou a participa\u00e7\u00e3o no crime dos tr\u00eas outros policiais da linha de frente do comando, que tamb\u00e9m haviam sido indiciados na morte do estudante, e pediu o arquivamento do processo para os demais envolvidos.<\/p>\n<p>\u201cA defesa entende que o processo come\u00e7ou a caminhar agora, com o recebimento da den\u00fancia. T\u00ednhamos certeza de que o MP iria ofertar den\u00fancia contra Devid. Mas ficamos surpresos com o pedido de arquivamento do processo em rela\u00e7\u00e3o aos demais policiais. Vamos aguardar agora o posicionamento do juiz em rela\u00e7\u00e3o \u00e0 decis\u00e3o da Promotoria\u201d, disse o advogado.<\/p>\n<h4>Conclus\u00e3o do inqu\u00e9rito<\/h4>\n<p>O inqu\u00e9rito sobre o crime foi conclu\u00eddo no dia 28 de julho. O delegado Jorge Luiz Caldeira indiciou, al\u00e9m do soldado Deivid, outros tr\u00eas militares, todos oficiais na linha de comando.<\/p>\n<p>Dentre os crimes previstos no C\u00f3digo Penal est\u00e3o os artigos 299 \u2013 omitir, em documento p\u00fablico ou particular, declara\u00e7\u00e3o que dele devia constar, ou nele inserir ou fazer inserir declara\u00e7\u00e3o falsa ou diversa da que devia ser escrita, com o fim de prejudicar direito, criar obriga\u00e7\u00e3o ou alterar a verdade sobre fato juridicamente relevante; o artigo 328 &#8211; usurpar o exerc\u00edcio de fun\u00e7\u00e3o p\u00fablica; artigo 330 &#8211; desobedecer \u00e0 ordem legal de funcion\u00e1rio p\u00fablico; e o artigo 348 &#8211; auxiliar a subtrair-se \u00e0 a\u00e7\u00e3o de autoridade p\u00fablica autor de crime a que \u00e9 cominada pena de reclus\u00e3o.<\/p>\n<h4>Entenda o caso<\/h4>\n<p>O crime ocorreu por volta das 21h de uma sexta-feira, em uma estrada que d\u00e1 acesso a um s\u00edtio no bairro Alipinho. Segundo o relat\u00f3rio da Pol\u00edcia Militar, era realizada uma blitz de tr\u00e2nsito no local e a equipe policial deu ordem de parada a Frederico.<\/p>\n<p>O jovem reduziu a velocidade, mas n\u00e3o parou a motocicleta que conduzia, e seguiu em dire\u00e7\u00e3o aos policiais, que tentaram segur\u00e1-lo pelo guid\u00e3o. O soldado Deivid tamb\u00e9m interveio e o condutor acabou \u201cjogando\u201d seu ve\u00edculo em dire\u00e7\u00e3o aos militares.<\/p>\n<p>Um dos policiais foi jogado contra um caminh\u00e3o guincho, que estava estacionado em um dos cantos da via. Frederico conseguiu furar a blitz e o soldado efetuou dois disparos em dire\u00e7\u00e3o ao jovem. Um dos tiros atingiu Frederico, que caiu a cerca de 300 metros do local da blitz. O rapaz foi alvejado nas costas e morreu onde caiu.<\/p>\n<p><em><strong>(Inter TV dos Vales)<\/strong><\/em><\/p>\n","protected":false},"excerpt":{"rendered":"<p>Frederico Alan de Souza Paiva foi morto durante uma blitz da Pol\u00edcia Militar. Segundo a Pol\u00edcia, rapaz n\u00e3o obedeceu ordem de parada e foi atingido. O Minist\u00e9rio P\u00fablico de Coronel Fabriciano ofereceu den\u00fancia nessa ter\u00e7a-feira (9) contra o soldado da Pol\u00edcia Militar, Deivid Marcelino dos Santos, acusado da morte do estudante Frederico Alan de Souza [&hellip;]<\/p>\n","protected":false},"author":1,"featured_media":33912,"comment_status":"open","ping_status":"closed","sticky":false,"template":"","format":"standard","meta":{"amp_status":"","footnotes":""},"categories":[121],"tags":[13927,1524,10396,1018,10394,15760,15761,15762],"class_list":["post-39625","post","type-post","status-publish","format-standard","has-post-thumbnail","hentry","category-leste","tag-carmem-do-sinttrocel","tag-coronel-fabriciano","tag-deivid-marcelino-dos-santos","tag-destaque","tag-frederico-alan-de-souza-paiva","tag-ministerio-publico-denuncia-policial-pela-morte-do-filho-de-vereadora-de-coronel-fabriciano","tag-pm-deivid-marcelino-dos-santos","tag-vereadora-carmem-rodrigues-de-souza-paiva"],"_links":{"self":[{"href":"https:\/\/aconteceunovale.com.br\/portal\/index.php?rest_route=\/wp\/v2\/posts\/39625","targetHints":{"allow":["GET"]}}],"collection":[{"href":"https:\/\/aconteceunovale.com.br\/portal\/index.php?rest_route=\/wp\/v2\/posts"}],"about":[{"href":"https:\/\/aconteceunovale.com.br\/portal\/index.php?rest_route=\/wp\/v2\/types\/post"}],"author":[{"embeddable":true,"href":"https:\/\/aconteceunovale.com.br\/portal\/index.php?rest_route=\/wp\/v2\/users\/1"}],"replies":[{"embeddable":true,"href":"https:\/\/aconteceunovale.com.br\/portal\/index.php?rest_route=%2Fwp%2Fv2%2Fcomments&post=39625"}],"version-history":[{"count":0,"href":"https:\/\/aconteceunovale.com.br\/portal\/index.php?rest_route=\/wp\/v2\/posts\/39625\/revisions"}],"wp:featuredmedia":[{"embeddable":true,"href":"https:\/\/aconteceunovale.com.br\/portal\/index.php?rest_route=\/wp\/v2\/media\/33912"}],"wp:attachment":[{"href":"https:\/\/aconteceunovale.com.br\/portal\/index.php?rest_route=%2Fwp%2Fv2%2Fmedia&parent=39625"}],"wp:term":[{"taxonomy":"category","embeddable":true,"href":"https:\/\/aconteceunovale.com.br\/portal\/index.php?rest_route=%2Fwp%2Fv2%2Fcategories&post=39625"},{"taxonomy":"post_tag","embeddable":true,"href":"https:\/\/aconteceunovale.com.br\/portal\/index.php?rest_route=%2Fwp%2Fv2%2Ftags&post=39625"}],"curies":[{"name":"wp","href":"https:\/\/api.w.org\/{rel}","templated":true}]}}