{"id":39621,"date":"2014-09-10T10:40:24","date_gmt":"2014-09-10T13:40:24","guid":{"rendered":"http:\/\/aconteceunovale.com.br\/portal\/?p=39621"},"modified":"2014-09-10T10:40:24","modified_gmt":"2014-09-10T13:40:24","slug":"plantao-samu-macro-norte-09-de-setembro-montes-clarosmg","status":"publish","type":"post","link":"https:\/\/aconteceunovale.com.br\/portal\/?p=39621","title":{"rendered":"Plant\u00e3o SAMU Macro Norte \u2013 09 de setembro \u2013 Montes Claros\/MG"},"content":{"rendered":"<h4><strong><em>Ter\u00e7a-feira, 09 de setembro de 2014<\/em><\/strong><\/h4>\n<p>A unidade do SAMU de Montes Claros realizou nesta ter\u00e7a-feira, 09 de setembro, 63 atendimentos, sendo 45 casos cl\u00ednicos; 15 atendimentos por acidente de tr\u00e2nsito; 01 ferimento por arma de fogo e 02 por queda de altura.<\/p>\n<p>\u00c0s 23 horas, um homem de 21 anos que transitava de moto na BR-365, pr\u00f3ximo ao posto da PRF, regi\u00e3o rural de Montes Claros, ficou ferido ap\u00f3s colidir contra um animal. Ele apresentava trauma na face, com fratura no nariz e fratura no punho direito.<\/p>\n<p>\u00c0s 21h30, uma mulher de 23 anos, caiu de uma escada no birro Eldorado e se queixava de dor nas pernas e na regi\u00e3o lombar.<\/p>\n<p>Um homem de 25 anos caiu de moto \u00e0s 21 horas, na Avenida Nossa Senhora de F\u00e1tima, bairro Major Prates. Ele conduzia a moto e apresentava corte contuso no joelho direito, escoria\u00e7\u00f5es nos bra\u00e7os e pernas.<\/p>\n<p>\u00c0s 17h15, um homem de 25 anos que transitava de moto na Avenida Jo\u00e3o XXIII, bairro Edgar Pereira, ficou ferido ap\u00f3s colidir contra um carro. Ele se queixava de dor no ombro direito, e dor tor\u00e1cica.<\/p>\n<p>\u00c0s 16h16, um carro e uma moto colidiram na Rua Santa Maria, esquina com Rua S\u00e3o Paulo, bairro Todos os Santos, e um homem de 55 anos, que conduzia a moto, sofreu um corte contuso na m\u00e3o direita, escoria\u00e7\u00f5es no cotovelo e p\u00e9 esquerdos, sem sinais de fratura. No mesmo hor\u00e1rio, um homem de 32 anos caiu de moto na Rua Correa Machado, regi\u00e3o central de Montes Claros, e se queixava de dor no joelho e na coxa esquerdos.<\/p>\n<p>\u00c0s 14h40, um homem de 34 anos ficou ferido ao cair de moto na BR-365, na entrada do bairro S\u00e3o Geraldo II. Ele estava consciente e orientado, apresentando escoria\u00e7\u00f5es no joelho esquerdo, sem nenhum outro ferimento, sendo liberado no local ap\u00f3s avalia\u00e7\u00e3o do m\u00e9dico regulador.<\/p>\n<p>\u00c0s 10h20, um rapaz de 18 anos que transitava de moto no bairro Santa Eug\u00eania, ficou ferido ap\u00f3s colidir contra um carro. Ele relata ter perdido a consci\u00eancia no momento do trauma, mas n\u00e3o apresentava nenhum ferimento aparente ou queixa de dor.<\/p>\n<p>Duas pessoas ficaram feridas em uma colis\u00e3o entre carro e moto ocorrida \u00e0s 10 horas, na Avenida Geraldo Athayde, bairro Alto S\u00e3o Jo\u00e3o. O condutor da moto, de 25 anos, e um homem de 33 anos, que estava na garupa, apresentavam escoria\u00e7\u00f5es nos bra\u00e7os e pernas. <\/p>\n<p>\u00c0s 7h50, um homem de 30 anos que transitava de moto na Pra\u00e7a Pio XII, regi\u00e3o central de Montes Claros, ficou ferido ap\u00f3s colidir contra um carro. Ele apresentava deformidade no tornozelo direito, com poss\u00edvel fratura fechada, e escoria\u00e7\u00f5es nas pernas e bra\u00e7os.<\/p>\n<p>\u00c0s 7h horas, uma mulher de 22 anos que transitava de moto na Rua Sete de Setembro, bairro Maracan\u00e3, ficou ferida ap\u00f3s colidir contra um carro. Ela se queixava de dor no joelho direito e na panturrilha, sem escoria\u00e7\u00f5es ou fraturas.<\/p>\n<p>Em todas as ocorr\u00eancias os feridos receberam os primeiros atendimentos no local e foram encaminhados ao hospital para avalia\u00e7\u00e3o.<\/p>\n","protected":false},"excerpt":{"rendered":"<p>Ter\u00e7a-feira, 09 de setembro de 2014 A unidade do SAMU de Montes Claros realizou nesta ter\u00e7a-feira, 09 de setembro, 63 atendimentos, sendo 45 casos cl\u00ednicos; 15 atendimentos por acidente de tr\u00e2nsito; 01 ferimento por arma de fogo e 02 por queda de altura. \u00c0s 23 horas, um homem de 21 anos que transitava de moto [&hellip;]<\/p>\n","protected":false},"author":1,"featured_media":37592,"comment_status":"open","ping_status":"closed","sticky":false,"template":"","format":"standard","meta":{"amp_status":"","footnotes":""},"categories":[1236],"tags":[13996,210,15754,13995,15755],"class_list":["post-39621","post","type-post","status-publish","format-standard","has-post-thumbnail","hentry","category-norte_de_minas","tag-atendimentos-do-samu-em-montes-claros","tag-montes-claros","tag-ocorrencias-do-samu-em-montes-claros","tag-plantao-samu-macro-norte","tag-plantao-samu-macro-norte-09-de-setembro-montes-clarosmg"],"_links":{"self":[{"href":"https:\/\/aconteceunovale.com.br\/portal\/index.php?rest_route=\/wp\/v2\/posts\/39621","targetHints":{"allow":["GET"]}}],"collection":[{"href":"https:\/\/aconteceunovale.com.br\/portal\/index.php?rest_route=\/wp\/v2\/posts"}],"about":[{"href":"https:\/\/aconteceunovale.com.br\/portal\/index.php?rest_route=\/wp\/v2\/types\/post"}],"author":[{"embeddable":true,"href":"https:\/\/aconteceunovale.com.br\/portal\/index.php?rest_route=\/wp\/v2\/users\/1"}],"replies":[{"embeddable":true,"href":"https:\/\/aconteceunovale.com.br\/portal\/index.php?rest_route=%2Fwp%2Fv2%2Fcomments&post=39621"}],"version-history":[{"count":0,"href":"https:\/\/aconteceunovale.com.br\/portal\/index.php?rest_route=\/wp\/v2\/posts\/39621\/revisions"}],"wp:featuredmedia":[{"embeddable":true,"href":"https:\/\/aconteceunovale.com.br\/portal\/index.php?rest_route=\/wp\/v2\/media\/37592"}],"wp:attachment":[{"href":"https:\/\/aconteceunovale.com.br\/portal\/index.php?rest_route=%2Fwp%2Fv2%2Fmedia&parent=39621"}],"wp:term":[{"taxonomy":"category","embeddable":true,"href":"https:\/\/aconteceunovale.com.br\/portal\/index.php?rest_route=%2Fwp%2Fv2%2Fcategories&post=39621"},{"taxonomy":"post_tag","embeddable":true,"href":"https:\/\/aconteceunovale.com.br\/portal\/index.php?rest_route=%2Fwp%2Fv2%2Ftags&post=39621"}],"curies":[{"name":"wp","href":"https:\/\/api.w.org\/{rel}","templated":true}]}}