{"id":39618,"date":"2014-09-09T22:53:49","date_gmt":"2014-09-10T01:53:49","guid":{"rendered":"http:\/\/aconteceunovale.com.br\/portal\/?p=39618"},"modified":"2014-09-09T22:54:02","modified_gmt":"2014-09-10T01:54:02","slug":"ufvjm-realiza-aula-inaugural-do-curso-de-medicina-em-teofilo-otoni","status":"publish","type":"post","link":"https:\/\/aconteceunovale.com.br\/portal\/?p=39618","title":{"rendered":"UFVJM realiza aula inaugural do curso de medicina em Te\u00f3filo Otoni"},"content":{"rendered":"<h4><strong><em>Os 30 alunos, aprovados atrav\u00e9s do ENEM, foram recepcionados no Audit\u00f3rio da institui\u00e7\u00e3o e assistiram \u00e0 Aula Inaugural, ministrada pelo m\u00e9dico Ademir Camilo<\/em><\/strong><\/h4>\n<p>Priorizar a Aten\u00e7\u00e3o Prim\u00e1ria \u00e0 Sa\u00fade e humanizar a rela\u00e7\u00e3o entre os futuros m\u00e9dicos e pacientes. Estes s\u00e3o alguns dos principais objetivos do curso de Medicina, oferecido pelo Campus do Mucuri da Universidade Federal dos Vales do Jequitinhonha e Mucuri (UFVJM), em Te\u00f3filo Otoni, cujo in\u00edcio aconteceu nesta ter\u00e7a-feira, dia 9 de setembro. Trata-se de um momento hist\u00f3rico, uma vez que esta ser\u00e1 a primeira gradua\u00e7\u00e3o em Medicina oferecida na regi\u00e3o.<\/p>\n<p>Os 30 alunos, aprovados atrav\u00e9s do ENEM, foram recepcionados no Audit\u00f3rio da institui\u00e7\u00e3o e assistiram \u00e0 Aula Inaugural ministrada pelo m\u00e9dico Ademir Camilo.<\/p>\n<p>At\u00e9 o final de 2016, o curso funcionar\u00e1 na estrutura j\u00e1 existente no Campus do Mucuri. Visando melhor atender aos alunos e professores, nos \u00faltimos meses s\u00e3o realizadas algumas adequa\u00e7\u00f5es para a acomoda\u00e7\u00e3o dos laborat\u00f3rios de Anatomia, Fisiologia, Histologia, Embriologia, Bioqu\u00edmica, Gen\u00e9tica, entre outros.<\/p>\n<p>Al\u00e9m do espa\u00e7o atualmente oferecido, o curso de Medicina ainda ter\u00e1 outro pr\u00e9dio com cerca de seis mil metros quadrados. O processo de licita\u00e7\u00e3o j\u00e1 foi aberto e a previs\u00e3o \u00e9 que, a partir de 2017, os discentes possam utilizar a nova estrutura.<\/p>\n<p>A UFVJM tamb\u00e9m fechou conv\u00eanios com a Secretaria Municipal de Sa\u00fade e com o Hospital Santa Ros\u00e1lia, que viabilizam as atividades de resid\u00eancia m\u00e9dica e os est\u00e1gios supervisionados dos acad\u00eamicos.<\/p>\n<p><img decoding=\"async\" src=\"http:\/\/aconteceunovale.com.br\/portal\/wp-content\/uploads\/2014\/09\/campus_mucuri_teo.jpg\" alt=\"\" \/><strong><em>(Foto: Campus do Mucuri da UFVJM \/ Informa\u00e7\u00f5es: Di\u00e1rio de Te\u00f3filo Otoni)<\/em><\/strong><\/p>\n","protected":false},"excerpt":{"rendered":"<p>Os 30 alunos, aprovados atrav\u00e9s do ENEM, foram recepcionados no Audit\u00f3rio da institui\u00e7\u00e3o e assistiram \u00e0 Aula Inaugural, ministrada pelo m\u00e9dico Ademir Camilo Priorizar a Aten\u00e7\u00e3o Prim\u00e1ria \u00e0 Sa\u00fade e humanizar a rela\u00e7\u00e3o entre os futuros m\u00e9dicos e pacientes. Estes s\u00e3o alguns dos principais objetivos do curso de Medicina, oferecido pelo Campus do Mucuri da [&hellip;]<\/p>\n","protected":false},"author":1,"featured_media":39619,"comment_status":"open","ping_status":"closed","sticky":false,"template":"","format":"standard","meta":{"amp_status":"","footnotes":""},"categories":[122],"tags":[15748,15747,15749,15752,15751,15750,1018,164,15753],"class_list":["post-39618","post","type-post","status-publish","format-standard","has-post-thumbnail","hentry","category-mucuri","tag-ademir-camilo","tag-aula-inaugural-do-curso-de-medicina-da-ufvjm-em-teofilo-otoni","tag-aula-inaugural-do-curso-de-medicina-em-teofilo-otoni","tag-campus-do-mucuri-da-ufvjm","tag-campus-do-mucuri-da-universidade-federal-dos-vales-do-jequitinhonha-e-mucuri","tag-curso-de-medicina-do-campus-do-mucuri-da-universidade-federal-dos-vales-do-jequitinhonha-e-mucuri","tag-destaque","tag-teofilo-otoni","tag-ufvjm-realiza-aula-inaugural-do-curso-de-medicina-em-teofilo-otoni"],"_links":{"self":[{"href":"https:\/\/aconteceunovale.com.br\/portal\/index.php?rest_route=\/wp\/v2\/posts\/39618","targetHints":{"allow":["GET"]}}],"collection":[{"href":"https:\/\/aconteceunovale.com.br\/portal\/index.php?rest_route=\/wp\/v2\/posts"}],"about":[{"href":"https:\/\/aconteceunovale.com.br\/portal\/index.php?rest_route=\/wp\/v2\/types\/post"}],"author":[{"embeddable":true,"href":"https:\/\/aconteceunovale.com.br\/portal\/index.php?rest_route=\/wp\/v2\/users\/1"}],"replies":[{"embeddable":true,"href":"https:\/\/aconteceunovale.com.br\/portal\/index.php?rest_route=%2Fwp%2Fv2%2Fcomments&post=39618"}],"version-history":[{"count":0,"href":"https:\/\/aconteceunovale.com.br\/portal\/index.php?rest_route=\/wp\/v2\/posts\/39618\/revisions"}],"wp:featuredmedia":[{"embeddable":true,"href":"https:\/\/aconteceunovale.com.br\/portal\/index.php?rest_route=\/wp\/v2\/media\/39619"}],"wp:attachment":[{"href":"https:\/\/aconteceunovale.com.br\/portal\/index.php?rest_route=%2Fwp%2Fv2%2Fmedia&parent=39618"}],"wp:term":[{"taxonomy":"category","embeddable":true,"href":"https:\/\/aconteceunovale.com.br\/portal\/index.php?rest_route=%2Fwp%2Fv2%2Fcategories&post=39618"},{"taxonomy":"post_tag","embeddable":true,"href":"https:\/\/aconteceunovale.com.br\/portal\/index.php?rest_route=%2Fwp%2Fv2%2Ftags&post=39618"}],"curies":[{"name":"wp","href":"https:\/\/api.w.org\/{rel}","templated":true}]}}