{"id":39613,"date":"2014-09-09T22:12:22","date_gmt":"2014-09-10T01:12:22","guid":{"rendered":"http:\/\/aconteceunovale.com.br\/portal\/?p=39613"},"modified":"2014-09-09T22:12:22","modified_gmt":"2014-09-10T01:12:22","slug":"atuacao-do-judiciario-e-do-ministerio-publico-rende-frutos-em-agua-boa","status":"publish","type":"post","link":"https:\/\/aconteceunovale.com.br\/portal\/?p=39613","title":{"rendered":"Atua\u00e7\u00e3o do Judici\u00e1rio e do Minist\u00e9rio P\u00fablico rende frutos em \u00c1gua Boa"},"content":{"rendered":"<p>Uma a\u00e7\u00e3o conjunta entre o Judici\u00e1rio e o Minist\u00e9rio P\u00fablico garantiu melhorias para a Associa\u00e7\u00e3o de Pais e Amigos dos Excepcionais (Apae) do munic\u00edpio de \u00c1gua Boa, na regi\u00e3o do Rio Doce. Depois de uma visita \u00e0s prec\u00e1rias depend\u00eancias da Apae, o juiz Fernando Lamego Sleumer, da 2\u00aa Vara C\u00edvel, Criminal e da Inf\u00e2ncia e da Juventude, e o promotor de justi\u00e7a Cristiano Moreira Silva, da comarca de Capelinha, \u00e0 qual o munic\u00edpio est\u00e1 ligado, se reuniram com o prefeito para negociar melhorias.<\/p>\n<p>A atua\u00e7\u00e3o conjunta n\u00e3o litigiosa rendeu frutos. Em pouco mais de dois meses, a administra\u00e7\u00e3o municipal alugou um im\u00f3vel com infraestrutura adequada para o atendimento dos 62 alunos da associa\u00e7\u00e3o. \u201cA inaugura\u00e7\u00e3o aconteceu em 28 de agosto. A nova casa \u00e9 linda e ampla, com estrutura bem melhor. A prefeitura arca com o aluguel e com algumas despesas, al\u00e9m de ceder profissionais da \u00e1rea de sa\u00fade. A mobiliza\u00e7\u00e3o do Judici\u00e1rio e do Minist\u00e9rio P\u00fablico foi fundamental para essa conquista\u201d, conta a presidente da Apae, Neurita Alves Ferreira Viana.<\/p>\n<p>Ela explica que as novas instala\u00e7\u00f5es garantiram dignidade ao atendimento dos alunos, com idades entre 5 e 68 anos, com variados tipos de defici\u00eancia. \u201cNa ata da reuni\u00e3o, ficou acordado que a prefeitura vai construir uma nova sede para a associa\u00e7\u00e3o\u201d, diz.<\/p>\n<p>A mobiliza\u00e7\u00e3o do Judici\u00e1rio e do Minist\u00e9rio P\u00fablico permitiu uma atua\u00e7\u00e3o que trouxe resultados para um problema social sem a necessidade de um processo judicial. (TJMG)<\/p>\n","protected":false},"excerpt":{"rendered":"<p>Uma a\u00e7\u00e3o conjunta entre o Judici\u00e1rio e o Minist\u00e9rio P\u00fablico garantiu melhorias para a Associa\u00e7\u00e3o de Pais e Amigos dos Excepcionais (Apae) do munic\u00edpio de \u00c1gua Boa, na regi\u00e3o do Rio Doce. Depois de uma visita \u00e0s prec\u00e1rias depend\u00eancias da Apae, o juiz Fernando Lamego Sleumer, da 2\u00aa Vara C\u00edvel, Criminal e da Inf\u00e2ncia e [&hellip;]<\/p>\n","protected":false},"author":1,"featured_media":30713,"comment_status":"open","ping_status":"closed","sticky":false,"template":"","format":"standard","meta":{"amp_status":"","footnotes":""},"categories":[121],"tags":[130,15742],"class_list":["post-39613","post","type-post","status-publish","format-standard","has-post-thumbnail","hentry","category-leste","tag-agua-boa","tag-atuacao-do-judiciario-e-do-ministerio-publico-rende-frutos-em-agua-boa"],"_links":{"self":[{"href":"https:\/\/aconteceunovale.com.br\/portal\/index.php?rest_route=\/wp\/v2\/posts\/39613","targetHints":{"allow":["GET"]}}],"collection":[{"href":"https:\/\/aconteceunovale.com.br\/portal\/index.php?rest_route=\/wp\/v2\/posts"}],"about":[{"href":"https:\/\/aconteceunovale.com.br\/portal\/index.php?rest_route=\/wp\/v2\/types\/post"}],"author":[{"embeddable":true,"href":"https:\/\/aconteceunovale.com.br\/portal\/index.php?rest_route=\/wp\/v2\/users\/1"}],"replies":[{"embeddable":true,"href":"https:\/\/aconteceunovale.com.br\/portal\/index.php?rest_route=%2Fwp%2Fv2%2Fcomments&post=39613"}],"version-history":[{"count":0,"href":"https:\/\/aconteceunovale.com.br\/portal\/index.php?rest_route=\/wp\/v2\/posts\/39613\/revisions"}],"wp:featuredmedia":[{"embeddable":true,"href":"https:\/\/aconteceunovale.com.br\/portal\/index.php?rest_route=\/wp\/v2\/media\/30713"}],"wp:attachment":[{"href":"https:\/\/aconteceunovale.com.br\/portal\/index.php?rest_route=%2Fwp%2Fv2%2Fmedia&parent=39613"}],"wp:term":[{"taxonomy":"category","embeddable":true,"href":"https:\/\/aconteceunovale.com.br\/portal\/index.php?rest_route=%2Fwp%2Fv2%2Fcategories&post=39613"},{"taxonomy":"post_tag","embeddable":true,"href":"https:\/\/aconteceunovale.com.br\/portal\/index.php?rest_route=%2Fwp%2Fv2%2Ftags&post=39613"}],"curies":[{"name":"wp","href":"https:\/\/api.w.org\/{rel}","templated":true}]}}