{"id":39606,"date":"2014-09-09T21:13:17","date_gmt":"2014-09-10T00:13:17","guid":{"rendered":"http:\/\/aconteceunovale.com.br\/portal\/?p=39606"},"modified":"2014-09-09T21:13:17","modified_gmt":"2014-09-10T00:13:17","slug":"caminhoneiro-com-carteira-de-habilitacao-falsificada-e-preso-em-montes-claros","status":"publish","type":"post","link":"https:\/\/aconteceunovale.com.br\/portal\/?p=39606","title":{"rendered":"Caminhoneiro com carteira de habilita\u00e7\u00e3o falsificada \u00e9 preso em Montes Claros"},"content":{"rendered":"<h4><strong><em>Motorista de 56 anos dirigia um caminh\u00e3o na BR-365. Ve\u00edculo estava com documento irregular e carga n\u00e3o tinha nota fiscal.<\/em><\/strong><\/h4>\n<p>[image src=&#8221;http:\/\/aconteceunovale.com.br\/portal\/wp-content\/uploads\/2014\/09\/caminhao_sem_carteira_mo.jpg&#8221; width=&#8221;300&#8243; height=&#8221;225&#8243; lightbox=&#8221;yes&#8221; align=&#8221;left&#8221; float=&#8221;left&#8221;]Um homem de 56 anos, natural de Pernambuco, foi detido na BR-365, em Montes Claros, por dirigir um caminh\u00e3o ser ter habilita\u00e7\u00e3o. Este foi o segundo caso da semana. A pris\u00e3o ocorreu durante uma fiscaliza\u00e7\u00e3o de rotina, no posto da Pol\u00edcia Rodovi\u00e1ria Federal.<\/p>\n<p>Segundo a PRF, o motorista trabalhava com um caminh\u00e3o transportando cargas. O ve\u00edculo estava com a documenta\u00e7\u00e3o irregular e os dois tratores levados por ele n\u00e3o tinham nota fiscal.<\/p>\n<p>De acordo com a PRF, foi feita uma consulta com os dados do homem que apontou que ele n\u00e3o tinha habilita\u00e7\u00e3o. Al\u00e9m disso, os policiais perceberam alguns ind\u00edcios de falsifica\u00e7\u00e3o na CNH apresentada por ele, principalmente no que diz respeito ao papel utilizado para a confec\u00e7\u00e3o do documento.<\/p>\n<p>O motorista pode ter que pagar multa, al\u00e9m de pegar de dois a seis anos de pris\u00e3o. Ele foi levado para o pres\u00eddio de Montes Claros.<\/p>\n<p><em>(Foto e informa\u00e7\u00f5es da Inter TV Grande Minas)<\/em><\/p>\n","protected":false},"excerpt":{"rendered":"<p>Motorista de 56 anos dirigia um caminh\u00e3o na BR-365. Ve\u00edculo estava com documento irregular e carga n\u00e3o tinha nota fiscal. [image src=&#8221;http:\/\/aconteceunovale.com.br\/portal\/wp-content\/uploads\/2014\/09\/caminhao_sem_carteira_mo.jpg&#8221; width=&#8221;300&#8243; height=&#8221;225&#8243; lightbox=&#8221;yes&#8221; align=&#8221;left&#8221; float=&#8221;left&#8221;]Um homem de 56 anos, natural de Pernambuco, foi detido na BR-365, em Montes Claros, por dirigir um caminh\u00e3o ser ter habilita\u00e7\u00e3o. Este foi o segundo caso da semana. [&hellip;]<\/p>\n","protected":false},"author":1,"featured_media":39607,"comment_status":"open","ping_status":"closed","sticky":false,"template":"","format":"standard","meta":{"amp_status":"","footnotes":""},"categories":[1236],"tags":[15738,15737,210,15736],"class_list":["post-39606","post","type-post","status-publish","format-standard","has-post-thumbnail","hentry","category-norte_de_minas","tag-caminhoneiro-com-carteira-de-habilitacao-falsificada-e-preso-em-montes-claros","tag-homem-inabilitado-que-transportava-tratores-e-preso-em-montes-claros","tag-montes-claros","tag-motorista-inabilitado-que-transportava-tratores-e-preso-em-montes-claros"],"_links":{"self":[{"href":"https:\/\/aconteceunovale.com.br\/portal\/index.php?rest_route=\/wp\/v2\/posts\/39606","targetHints":{"allow":["GET"]}}],"collection":[{"href":"https:\/\/aconteceunovale.com.br\/portal\/index.php?rest_route=\/wp\/v2\/posts"}],"about":[{"href":"https:\/\/aconteceunovale.com.br\/portal\/index.php?rest_route=\/wp\/v2\/types\/post"}],"author":[{"embeddable":true,"href":"https:\/\/aconteceunovale.com.br\/portal\/index.php?rest_route=\/wp\/v2\/users\/1"}],"replies":[{"embeddable":true,"href":"https:\/\/aconteceunovale.com.br\/portal\/index.php?rest_route=%2Fwp%2Fv2%2Fcomments&post=39606"}],"version-history":[{"count":0,"href":"https:\/\/aconteceunovale.com.br\/portal\/index.php?rest_route=\/wp\/v2\/posts\/39606\/revisions"}],"wp:featuredmedia":[{"embeddable":true,"href":"https:\/\/aconteceunovale.com.br\/portal\/index.php?rest_route=\/wp\/v2\/media\/39607"}],"wp:attachment":[{"href":"https:\/\/aconteceunovale.com.br\/portal\/index.php?rest_route=%2Fwp%2Fv2%2Fmedia&parent=39606"}],"wp:term":[{"taxonomy":"category","embeddable":true,"href":"https:\/\/aconteceunovale.com.br\/portal\/index.php?rest_route=%2Fwp%2Fv2%2Fcategories&post=39606"},{"taxonomy":"post_tag","embeddable":true,"href":"https:\/\/aconteceunovale.com.br\/portal\/index.php?rest_route=%2Fwp%2Fv2%2Ftags&post=39606"}],"curies":[{"name":"wp","href":"https:\/\/api.w.org\/{rel}","templated":true}]}}