{"id":39591,"date":"2014-09-09T19:29:27","date_gmt":"2014-09-09T22:29:27","guid":{"rendered":"http:\/\/aconteceunovale.com.br\/portal\/?p=39591"},"modified":"2014-09-09T19:31:49","modified_gmt":"2014-09-09T22:31:49","slug":"governo-reconhece-emergencia-em-cinco-municipios-do-vale-do-jequitinhonha-e-norte-de-minas","status":"publish","type":"post","link":"https:\/\/aconteceunovale.com.br\/portal\/?p=39591","title":{"rendered":"Governo reconhece emerg\u00eancia em cinco munic\u00edpios do Vale do Jequitinhonha e Norte de Minas"},"content":{"rendered":"<h4><strong><em>Situa\u00e7\u00e3o de emerg\u00eancia por causa da seca foi reconhecida em dois munic\u00edpios do Vale do Jequitinhonha e em tr\u00eas do Norte de Minas<\/em><\/strong><\/h4>\n<p>O governo federal reconheceu situa\u00e7\u00e3o de emerg\u00eancia em cinco munic\u00edpios de Minas Gerais, por causa de estiagem. A portaria da Secretaria Nacional de Prote\u00e7\u00e3o e Defesa Civil com essa decis\u00e3o est\u00e1 publicada no Di\u00e1rio Oficial da Uni\u00e3o desta ter\u00e7a-feira (9). A lista inclui Coronel Murta e Leme do Prado, no Vale do Jequitinhonha, e, Gr\u00e3o Mogol, Jana\u00faba e Urucuia, no Norte de Minas.<\/p>\n<p>Conforme o Minist\u00e9rio da Integra\u00e7\u00e3o Nacional, situa\u00e7\u00e3o de emerg\u00eancia \u00e9 uma situa\u00e7\u00e3o anormal, decretada em raz\u00e3o de desastre que, embora n\u00e3o excedendo a capacidade inicial de resposta do munic\u00edpio ou do Estado atingido, requer aux\u00edlio complementar do Estado ou da Uni\u00e3o para as a\u00e7\u00f5es de socorro e de recupera\u00e7\u00e3o.<\/p>\n","protected":false},"excerpt":{"rendered":"<p>Situa\u00e7\u00e3o de emerg\u00eancia por causa da seca foi reconhecida em dois munic\u00edpios do Vale do Jequitinhonha e em tr\u00eas do Norte de Minas O governo federal reconheceu situa\u00e7\u00e3o de emerg\u00eancia em cinco munic\u00edpios de Minas Gerais, por causa de estiagem. A portaria da Secretaria Nacional de Prote\u00e7\u00e3o e Defesa Civil com essa decis\u00e3o est\u00e1 publicada [&hellip;]<\/p>\n","protected":false},"author":1,"featured_media":27132,"comment_status":"open","ping_status":"closed","sticky":false,"template":"","format":"standard","meta":{"amp_status":"","footnotes":""},"categories":[123],"tags":[483,15731,1153,204,480,1813],"class_list":["post-39591","post","type-post","status-publish","format-standard","has-post-thumbnail","hentry","category-gerais","tag-coronel-murta","tag-governo-reconhece-emergencia-em-cinco-municipios-do-vale-do-jequitinhonha-e-norte-de-minas","tag-grao-mogol","tag-janauba","tag-leme-do-prado","tag-urucuia"],"_links":{"self":[{"href":"https:\/\/aconteceunovale.com.br\/portal\/index.php?rest_route=\/wp\/v2\/posts\/39591","targetHints":{"allow":["GET"]}}],"collection":[{"href":"https:\/\/aconteceunovale.com.br\/portal\/index.php?rest_route=\/wp\/v2\/posts"}],"about":[{"href":"https:\/\/aconteceunovale.com.br\/portal\/index.php?rest_route=\/wp\/v2\/types\/post"}],"author":[{"embeddable":true,"href":"https:\/\/aconteceunovale.com.br\/portal\/index.php?rest_route=\/wp\/v2\/users\/1"}],"replies":[{"embeddable":true,"href":"https:\/\/aconteceunovale.com.br\/portal\/index.php?rest_route=%2Fwp%2Fv2%2Fcomments&post=39591"}],"version-history":[{"count":0,"href":"https:\/\/aconteceunovale.com.br\/portal\/index.php?rest_route=\/wp\/v2\/posts\/39591\/revisions"}],"wp:featuredmedia":[{"embeddable":true,"href":"https:\/\/aconteceunovale.com.br\/portal\/index.php?rest_route=\/wp\/v2\/media\/27132"}],"wp:attachment":[{"href":"https:\/\/aconteceunovale.com.br\/portal\/index.php?rest_route=%2Fwp%2Fv2%2Fmedia&parent=39591"}],"wp:term":[{"taxonomy":"category","embeddable":true,"href":"https:\/\/aconteceunovale.com.br\/portal\/index.php?rest_route=%2Fwp%2Fv2%2Fcategories&post=39591"},{"taxonomy":"post_tag","embeddable":true,"href":"https:\/\/aconteceunovale.com.br\/portal\/index.php?rest_route=%2Fwp%2Fv2%2Ftags&post=39591"}],"curies":[{"name":"wp","href":"https:\/\/api.w.org\/{rel}","templated":true}]}}