{"id":39588,"date":"2014-09-09T19:15:57","date_gmt":"2014-09-09T22:15:57","guid":{"rendered":"http:\/\/aconteceunovale.com.br\/portal\/?p=39588"},"modified":"2014-09-09T19:15:57","modified_gmt":"2014-09-09T22:15:57","slug":"projeto-leva-arte-circense-para-cidades-do-norte-de-minas-gerais","status":"publish","type":"post","link":"https:\/\/aconteceunovale.com.br\/portal\/?p=39588","title":{"rendered":"Projeto leva arte circense para cidades do Norte de Minas Gerais"},"content":{"rendered":"<h4><strong><em>Pirapora, Buritizeiro e V\u00e1rzea da Palma receber\u00e3o interven\u00e7\u00f5es art\u00edsticas. Circo SESI abordar\u00e1 seguran\u00e7a no trabalho e a import\u00e2ncia da ind\u00fastria.<\/em><\/strong><\/h4>\n<p>Come\u00e7am nesta ter\u00e7a-feira (9), as interven\u00e7\u00f5es art\u00edsticas do projeto Circo SESI no Norte de Minas Gerais. As cidades de Pirapora, Buritizeiro e V\u00e1rzea da Palma receber\u00e3o a interven\u00e7\u00e3o teatral &#8220;Ind\u00fastria e Mercado de Trabalho&#8221;, entre os dias 9 e 12 de setembro.<\/p>\n<p>Iniciado em 2013, o Circo SESI prev\u00ea apresenta\u00e7\u00f5es em pra\u00e7as, escolas e ind\u00fastrias com o objetivo de conscientizar a popula\u00e7\u00e3o sobre temas relacionados a seguran\u00e7a e ind\u00fastria, relata o gerente de cultura do Sesi, Thiago Ara\u00fajo Maia.<\/p>\n<p><img decoding=\"async\" src=\"http:\/\/aconteceunovale.com.br\/portal\/wp-content\/uploads\/2014\/09\/circo_sesi_norte_minas.jpg\" alt=\"\" \/><em>Apresenta\u00e7\u00e3o do projeto Circo SESI (Foto: Netum Lima\/Divulga\u00e7\u00e3o)<\/em><br \/>\n<\/br><\/p>\n<p>Este ano, o projeto dialoga sobre sa\u00fade e seguran\u00e7a no trabalho. &#8220;Resolvemos utilizar a arte aplicada, que engloba a m\u00fasica, artes pl\u00e1sticas e o teatro para trabalhar temas s\u00e9rios de forma l\u00fadica e criativa. Pensamos em algo diferente: o que \u00e9 comum a todo brasileiro? O espa\u00e7o circense est\u00e1 presente em nosso imagin\u00e1rio&#8221;, diz Maia.<\/p>\n<p>O projeto j\u00e1 realizou 362 interven\u00e7\u00f5es, 28 espet\u00e1culos circense, contemplando mais de 55 mil pessoas em 60 munic\u00edpios mineiros. &#8220;Nestas cidades, vamos discutir a import\u00e2ncia da ind\u00fastria na vida das pessoas&#8221;, completa gerente de cultura do Sesi.<\/p>\n<p>Servi\u00e7o:<\/p>\n<p><strong>Pirapora\/MG<\/strong><br \/>\nEspet\u00e1culo \u201cInd\u00fastria e Mercado de Trabalho\u201d \u2013 Circo SESI<br \/>\nLocal: Centro de Conven\u00e7\u00f5es Jos\u00e9 Geraldo Honorato Vieira<br \/>\nEndere\u00e7o: Av. Salmeron, 91 \u2013 Pirapora-MG<br \/>\nDatas: 09 e 10 de setembro<br \/>\nHor\u00e1rio: 19h<\/p>\n<p><strong>Buritizeiro\/MG<\/strong><br \/>\nEspet\u00e1culo \u201cInd\u00fastria e Mercado de Trabalho\u201d \u2013 Circo SESI<br \/>\nLocal: Pra\u00e7a Coronel Jos\u00e9 Geraldo \u2013 Buritizeiro &#8211; MG<br \/>\nData: 11 de setembro<br \/>\nHor\u00e1rio: 19h<\/p>\n<p><strong>V\u00e1rzea da Palma\/MG<\/strong><br \/>\nEspet\u00e1culo \u201cInd\u00fastria e Mercado de Trabalho\u201d \u2013 Circo SESI<br \/>\nData: 12 de setembro<br \/>\nHor\u00e1rio: 14h<br \/>\nLocal: Sal\u00e3o de Eventos da Secretaria de Educa\u00e7\u00e3o e Cultura \u2013 Rua Tiradentes, 190 \u2013 Bairro Pilar.<br \/>\nHor\u00e1rio: 19h30<br \/>\nLocal: Pra\u00e7a de Eventos \u2013 Feirinha de Artesanato<\/p>\n<p><strong>(Inter TV Grande Minas)<\/strong><\/p>\n","protected":false},"excerpt":{"rendered":"<p>Pirapora, Buritizeiro e V\u00e1rzea da Palma receber\u00e3o interven\u00e7\u00f5es art\u00edsticas. Circo SESI abordar\u00e1 seguran\u00e7a no trabalho e a import\u00e2ncia da ind\u00fastria. Come\u00e7am nesta ter\u00e7a-feira (9), as interven\u00e7\u00f5es art\u00edsticas do projeto Circo SESI no Norte de Minas Gerais. As cidades de Pirapora, Buritizeiro e V\u00e1rzea da Palma receber\u00e3o a interven\u00e7\u00e3o teatral &#8220;Ind\u00fastria e Mercado de Trabalho&#8221;, entre [&hellip;]<\/p>\n","protected":false},"author":1,"featured_media":39589,"comment_status":"open","ping_status":"closed","sticky":false,"template":"","format":"standard","meta":{"amp_status":"","footnotes":""},"categories":[1236],"tags":[15729,1535,15730,254,15728,1340],"class_list":["post-39588","post","type-post","status-publish","format-standard","has-post-thumbnail","hentry","category-norte_de_minas","tag-apresentacao-do-projeto-circo-sesi","tag-buritizeiro","tag-espetaculo-industria-e-mercado-de-trabalho-circo-sesi","tag-pirapora","tag-projeto-leva-arte-circense-para-cidades-do-norte-de-minas-gerais","tag-varzea-da-palma"],"_links":{"self":[{"href":"https:\/\/aconteceunovale.com.br\/portal\/index.php?rest_route=\/wp\/v2\/posts\/39588","targetHints":{"allow":["GET"]}}],"collection":[{"href":"https:\/\/aconteceunovale.com.br\/portal\/index.php?rest_route=\/wp\/v2\/posts"}],"about":[{"href":"https:\/\/aconteceunovale.com.br\/portal\/index.php?rest_route=\/wp\/v2\/types\/post"}],"author":[{"embeddable":true,"href":"https:\/\/aconteceunovale.com.br\/portal\/index.php?rest_route=\/wp\/v2\/users\/1"}],"replies":[{"embeddable":true,"href":"https:\/\/aconteceunovale.com.br\/portal\/index.php?rest_route=%2Fwp%2Fv2%2Fcomments&post=39588"}],"version-history":[{"count":0,"href":"https:\/\/aconteceunovale.com.br\/portal\/index.php?rest_route=\/wp\/v2\/posts\/39588\/revisions"}],"wp:featuredmedia":[{"embeddable":true,"href":"https:\/\/aconteceunovale.com.br\/portal\/index.php?rest_route=\/wp\/v2\/media\/39589"}],"wp:attachment":[{"href":"https:\/\/aconteceunovale.com.br\/portal\/index.php?rest_route=%2Fwp%2Fv2%2Fmedia&parent=39588"}],"wp:term":[{"taxonomy":"category","embeddable":true,"href":"https:\/\/aconteceunovale.com.br\/portal\/index.php?rest_route=%2Fwp%2Fv2%2Fcategories&post=39588"},{"taxonomy":"post_tag","embeddable":true,"href":"https:\/\/aconteceunovale.com.br\/portal\/index.php?rest_route=%2Fwp%2Fv2%2Ftags&post=39588"}],"curies":[{"name":"wp","href":"https:\/\/api.w.org\/{rel}","templated":true}]}}