{"id":39583,"date":"2014-09-09T18:53:07","date_gmt":"2014-09-09T21:53:07","guid":{"rendered":"http:\/\/aconteceunovale.com.br\/portal\/?p=39583"},"modified":"2014-09-10T12:08:59","modified_gmt":"2014-09-10T15:08:59","slug":"foragido-da-justica-e-preso-pela-policia-civil-em-ipatinga","status":"publish","type":"post","link":"https:\/\/aconteceunovale.com.br\/portal\/?p=39583","title":{"rendered":"Foragido da justi\u00e7a \u00e9 preso pela Pol\u00edcia Civil em Ipatinga"},"content":{"rendered":"<h4><strong><em>Clemilson Silva de Oliveira \u00e9 acusado de crimes contra o patrim\u00f4nio p\u00fablico. Ele teria cometido os crimes em Governador Valadares e Galil\u00e9ia. <\/em><\/strong><\/h4>\n<p>Clemilson Silva de Oliveira, considerado fugitivo da justi\u00e7a, foi preso na noite dessa segunda-feira (08) no Centro em Ipatinga, Leste de Minas Gerais. De acordo com a Pol\u00edcia Civil, um denunciante informou que ele estava na cidade h\u00e1 mais de seis meses.<\/p>\n<p><img decoding=\"async\" src=\"http:\/\/aconteceunovale.com.br\/portal\/wp-content\/uploads\/2014\/09\/clemilson_preso_ipatinga.jpg\" alt=\"\" \/><em>Clemilson estava em Ipatinga h\u00e1 mais de seis meses &#8211; Foto: Divulga\u00e7\u00e3o\/Pol\u00edcia Civil<\/em><br \/>\n<\/br><\/p>\n<p>Segundo informa\u00e7\u00f5es da pol\u00edcia, o suspeito \u00e9 procurado por diversos crimes cometidos em Governador Valadares e Galil\u00e9ia, onde teria um mandado de pris\u00e3o em aberto por crime contra o patrim\u00f4nio p\u00fablico.<\/p>\n<p>A pol\u00edcia informou ainda que ele n\u00e3o portava os documentos, e toda vez que algu\u00e9m perguntava seu nome ele mentia dizendo o nome do irm\u00e3o. A pol\u00edcia investiga agora se o suspeito tem envolvimento com algum crime cometido na cidade. (G1)<\/p>\n","protected":false},"excerpt":{"rendered":"<p>Clemilson Silva de Oliveira \u00e9 acusado de crimes contra o patrim\u00f4nio p\u00fablico. Ele teria cometido os crimes em Governador Valadares e Galil\u00e9ia. Clemilson Silva de Oliveira, considerado fugitivo da justi\u00e7a, foi preso na noite dessa segunda-feira (08) no Centro em Ipatinga, Leste de Minas Gerais. De acordo com a Pol\u00edcia Civil, um denunciante informou que [&hellip;]<\/p>\n","protected":false},"author":1,"featured_media":39636,"comment_status":"open","ping_status":"closed","sticky":false,"template":"","format":"standard","meta":{"amp_status":"","footnotes":""},"categories":[121],"tags":[15724,15723,292,247,201],"class_list":["post-39583","post","type-post","status-publish","format-standard","has-post-thumbnail","hentry","category-leste","tag-clemilson-silva-de-oliveira","tag-foragido-da-justica-e-preso-pela-policia-civil-em-ipatinga","tag-galileia","tag-governador-valadares","tag-ipatinga"],"_links":{"self":[{"href":"https:\/\/aconteceunovale.com.br\/portal\/index.php?rest_route=\/wp\/v2\/posts\/39583","targetHints":{"allow":["GET"]}}],"collection":[{"href":"https:\/\/aconteceunovale.com.br\/portal\/index.php?rest_route=\/wp\/v2\/posts"}],"about":[{"href":"https:\/\/aconteceunovale.com.br\/portal\/index.php?rest_route=\/wp\/v2\/types\/post"}],"author":[{"embeddable":true,"href":"https:\/\/aconteceunovale.com.br\/portal\/index.php?rest_route=\/wp\/v2\/users\/1"}],"replies":[{"embeddable":true,"href":"https:\/\/aconteceunovale.com.br\/portal\/index.php?rest_route=%2Fwp%2Fv2%2Fcomments&post=39583"}],"version-history":[{"count":0,"href":"https:\/\/aconteceunovale.com.br\/portal\/index.php?rest_route=\/wp\/v2\/posts\/39583\/revisions"}],"wp:featuredmedia":[{"embeddable":true,"href":"https:\/\/aconteceunovale.com.br\/portal\/index.php?rest_route=\/wp\/v2\/media\/39636"}],"wp:attachment":[{"href":"https:\/\/aconteceunovale.com.br\/portal\/index.php?rest_route=%2Fwp%2Fv2%2Fmedia&parent=39583"}],"wp:term":[{"taxonomy":"category","embeddable":true,"href":"https:\/\/aconteceunovale.com.br\/portal\/index.php?rest_route=%2Fwp%2Fv2%2Fcategories&post=39583"},{"taxonomy":"post_tag","embeddable":true,"href":"https:\/\/aconteceunovale.com.br\/portal\/index.php?rest_route=%2Fwp%2Fv2%2Ftags&post=39583"}],"curies":[{"name":"wp","href":"https:\/\/api.w.org\/{rel}","templated":true}]}}