{"id":39580,"date":"2014-09-09T13:25:04","date_gmt":"2014-09-09T16:25:04","guid":{"rendered":"http:\/\/aconteceunovale.com.br\/portal\/?p=39580"},"modified":"2014-09-09T13:25:04","modified_gmt":"2014-09-09T16:25:04","slug":"morre-a-empresaria-capelinhense-vanda-da-construvale","status":"publish","type":"post","link":"https:\/\/aconteceunovale.com.br\/portal\/?p=39580","title":{"rendered":"Morre a empres\u00e1ria capelinhense Vanda da Construvale"},"content":{"rendered":"<p>[image src=&#8221;http:\/\/aconteceunovale.com.br\/portal\/wp-content\/uploads\/2014\/09\/vanda_duarte_construvale.jpg&#8221; width=&#8221;263&#8243; height=&#8221;415&#8243; lightbox=&#8221;yes&#8221; align=&#8221;left&#8221; float=&#8221;left&#8221;]Faleceu na manh\u00e3 desta ter\u00e7a-feira, 9 de setembro, a empres\u00e1ria capelinhense Vanda Duarte. Vanda era propriet\u00e1ria das empresas Construvale e Planalto Material de Constru\u00e7\u00e3o, localizadas em Capelinha, no Vale do Jequitinhonha.<\/p>\n<p>Ela morreu ap\u00f3s complica\u00e7\u00f5es em decorr\u00eancia de um Acidente Vascular Cerebral (AVC). A empres\u00e1ria foi hospitalizada no \u00faltimo domingo (7) na Funda\u00e7\u00e3o Hospitalar S\u00e3o Vicente de Paula, em Capelinha, e posteriormente foi transferida para a Santa Casa de Diamantina, onde os m\u00e9dicos constaram a sua morte cerebral nessa segunda-feira (8).<\/p>\n<p>Vanda estava sendo mantida por aparelhos, mas na manh\u00e3 de hoje, foi comunicado oficialmente seu falecimento. Os familiares decidiram doar \u00f3rg\u00e3os e tecidos.<\/p>\n<p>Pelas redes sociais amigos e familiares lamentam a perda e relembram o quanto a empres\u00e1ria era alegre, generosa e prestativa. &#8220;Que Deus aben\u00e7oe toda fam\u00edlia, dando conforto&#8230; Vanda Duarte foi uma grande mulher.&#8221;, disse uma amiga. &#8220;Vanda vai fazer muita falta&#8230; Mulher guerreira&#8230; Deus conforte a fam\u00edlia.&#8221;, lamentou outra amiga.<\/p>\n<p>O local do vel\u00f3rio e hor\u00e1rio do sepultamento ainda n\u00e3o foram divulgados. Nossos sinceros sentimentos a fam\u00edlia e amigos enlutados.<\/p>\n","protected":false},"excerpt":{"rendered":"<p>[image src=&#8221;http:\/\/aconteceunovale.com.br\/portal\/wp-content\/uploads\/2014\/09\/vanda_duarte_construvale.jpg&#8221; width=&#8221;263&#8243; height=&#8221;415&#8243; lightbox=&#8221;yes&#8221; align=&#8221;left&#8221; float=&#8221;left&#8221;]Faleceu na manh\u00e3 desta ter\u00e7a-feira, 9 de setembro, a empres\u00e1ria capelinhense Vanda Duarte. Vanda era propriet\u00e1ria das empresas Construvale e Planalto Material de Constru\u00e7\u00e3o, localizadas em Capelinha, no Vale do Jequitinhonha. Ela morreu ap\u00f3s complica\u00e7\u00f5es em decorr\u00eancia de um Acidente Vascular Cerebral (AVC). A empres\u00e1ria foi hospitalizada no \u00faltimo [&hellip;]<\/p>\n","protected":false},"author":1,"featured_media":39581,"comment_status":"open","ping_status":"closed","sticky":false,"template":"","format":"standard","meta":{"amp_status":"","footnotes":""},"categories":[120],"tags":[132,15722,198,15719,15720,15721],"class_list":["post-39580","post","type-post","status-publish","format-standard","has-post-thumbnail","hentry","category-jequi","tag-capelinha","tag-construvale","tag-diamantina","tag-morre-a-empresaria-capelinhense-vanda-da-construvale","tag-vanda-da-construvale","tag-vanda-duarte"],"_links":{"self":[{"href":"https:\/\/aconteceunovale.com.br\/portal\/index.php?rest_route=\/wp\/v2\/posts\/39580","targetHints":{"allow":["GET"]}}],"collection":[{"href":"https:\/\/aconteceunovale.com.br\/portal\/index.php?rest_route=\/wp\/v2\/posts"}],"about":[{"href":"https:\/\/aconteceunovale.com.br\/portal\/index.php?rest_route=\/wp\/v2\/types\/post"}],"author":[{"embeddable":true,"href":"https:\/\/aconteceunovale.com.br\/portal\/index.php?rest_route=\/wp\/v2\/users\/1"}],"replies":[{"embeddable":true,"href":"https:\/\/aconteceunovale.com.br\/portal\/index.php?rest_route=%2Fwp%2Fv2%2Fcomments&post=39580"}],"version-history":[{"count":0,"href":"https:\/\/aconteceunovale.com.br\/portal\/index.php?rest_route=\/wp\/v2\/posts\/39580\/revisions"}],"wp:featuredmedia":[{"embeddable":true,"href":"https:\/\/aconteceunovale.com.br\/portal\/index.php?rest_route=\/wp\/v2\/media\/39581"}],"wp:attachment":[{"href":"https:\/\/aconteceunovale.com.br\/portal\/index.php?rest_route=%2Fwp%2Fv2%2Fmedia&parent=39580"}],"wp:term":[{"taxonomy":"category","embeddable":true,"href":"https:\/\/aconteceunovale.com.br\/portal\/index.php?rest_route=%2Fwp%2Fv2%2Fcategories&post=39580"},{"taxonomy":"post_tag","embeddable":true,"href":"https:\/\/aconteceunovale.com.br\/portal\/index.php?rest_route=%2Fwp%2Fv2%2Ftags&post=39580"}],"curies":[{"name":"wp","href":"https:\/\/api.w.org\/{rel}","templated":true}]}}