{"id":39578,"date":"2014-09-09T08:29:24","date_gmt":"2014-09-09T11:29:24","guid":{"rendered":"http:\/\/aconteceunovale.com.br\/portal\/?p=39578"},"modified":"2014-09-09T08:29:24","modified_gmt":"2014-09-09T11:29:24","slug":"plantao-samu-macro-norte-08-de-setembro-montes-clarosmg","status":"publish","type":"post","link":"https:\/\/aconteceunovale.com.br\/portal\/?p=39578","title":{"rendered":"Plant\u00e3o SAMU Macro Norte \u2013 08 de setembro \u2013 Montes Claros\/MG"},"content":{"rendered":"<h4><strong><em>Segunda-feira, 08 de setembro de 2014<\/em><\/strong><\/h4>\n<p>A unidade do SAMU de Montes Claros realizou nesta segunda-feira, 08 de setembro, 37 atendimentos, sendo 27 casos cl\u00ednicos e 10 atendimentos por acidente de tr\u00e2nsito.<\/p>\n<p>\u00c0s 22 horas, um homem de 23 anos que transitava de moto no bairro Maracan\u00e3 ficou ferido ap\u00f3s colidir contra um carro, se queixando de dor ao movimentar a perna direita e apresentando escoria\u00e7\u00f5es nas pernas e bra\u00e7os.<\/p>\n<p>\u00c0s 22 horas, uma mulher de 51 anos, que transitava de moto na Avenida do C\u00f3rrego das Melancias, bairro Monte Carmelo, ficou ferida ap\u00f3s contra um carro que seguia em sentido contr\u00e1rio. Ela foi encontrada pelos socorristas sentada no meio-fio, se queixando de dor tor\u00e1cica e na regi\u00e3o cervical, apresentando escoria\u00e7\u00f5es no nariz.<\/p>\n<p>Um rapaz de 19 anos ficou ferido em um acidente envolvendo tr\u00eas motocicletas, ocorrido \u00e0s 21 horas, na Avenida |Bio Lopes, bairro Renascen\u00e7a. Ele conduzia uma das motos e apresentava corte nos superc\u00edlios e na regi\u00e3o nasal, e perda de denti\u00e7\u00e3o superior.<\/p>\n<p>\u00c0s 20 horas, uma mulher de 37 anos caiu de moto no bairro Cristo Rey e apresentava ferimento no joelho direito.<\/p>\n<p>\u00c0s 16h16, um carro e um \u00f4nibus colidiram na Rua Manoel Bandeira, bairro Planalto II, e um menino de 2 anos, caiu do colo da m\u00e3e, no \u00f4nibus, sendo encaminhado ao hospital para avalia\u00e7\u00e3o.<\/p>\n<p>\u00c0s 15h40, um homem de 69 anos que transitava de bicicleta na Rua Domiciano Pimenta, bairro Melo, ficou ferido ap\u00f3s colidir contra uma moto. Ele estava consciente e orientado, apresentando corte contuso em superc\u00edlio esquerdo e ferimento na testa.<\/p>\n<p>Um rapaz de 22 anos que transitava de moto na Rua Jo\u00e3o Ferreira, bairro Eldorado, ficou ferido ap\u00f3s colidir contra um carro, \u00e0s 10h30, sofrendo escoria\u00e7\u00f5es nos bra\u00e7os e pernas.<\/p>\n<p>Um homem de 50 anos caiu de moto \u00e0s 8h10 na Avenida Jo\u00e3o XXIII, bairro Santos Reis. Ele foi encontrado sentado, se queixando de dor em regi\u00e3o dorsal, sem suspeita de fraturas.<\/p>\n<p>\u00c0s 6h41, um ve\u00edculo capotou na MG-135, pr\u00f3ximo \u00e0 entrada da comunidade de Ermidinha, regi\u00e3o rural de Montes Claros, e uma mulher de 32 anos ficou ferida. Ela conduzia o ve\u00edculo e apresentava corte e fratura exposta na perna direita e se queixava de dor tor\u00e1cica. Uma passageira, que estava no banco traseiro, sofreu ferimentos leves.<\/p>\n<p>Em todas as ocorr\u00eancias os feridos receberam os primeiros atendimentos no local e foram encaminhados ao hospital para avalia\u00e7\u00e3o.<\/p>\n","protected":false},"excerpt":{"rendered":"<p>Segunda-feira, 08 de setembro de 2014 A unidade do SAMU de Montes Claros realizou nesta segunda-feira, 08 de setembro, 37 atendimentos, sendo 27 casos cl\u00ednicos e 10 atendimentos por acidente de tr\u00e2nsito. \u00c0s 22 horas, um homem de 23 anos que transitava de moto no bairro Maracan\u00e3 ficou ferido ap\u00f3s colidir contra um carro, se [&hellip;]<\/p>\n","protected":false},"author":1,"featured_media":37592,"comment_status":"open","ping_status":"closed","sticky":false,"template":"","format":"standard","meta":{"amp_status":"","footnotes":""},"categories":[1236],"tags":[210,13995,15718],"class_list":["post-39578","post","type-post","status-publish","format-standard","has-post-thumbnail","hentry","category-norte_de_minas","tag-montes-claros","tag-plantao-samu-macro-norte","tag-plantao-samu-macro-norte-08-de-setembro-montes-clarosmg"],"_links":{"self":[{"href":"https:\/\/aconteceunovale.com.br\/portal\/index.php?rest_route=\/wp\/v2\/posts\/39578","targetHints":{"allow":["GET"]}}],"collection":[{"href":"https:\/\/aconteceunovale.com.br\/portal\/index.php?rest_route=\/wp\/v2\/posts"}],"about":[{"href":"https:\/\/aconteceunovale.com.br\/portal\/index.php?rest_route=\/wp\/v2\/types\/post"}],"author":[{"embeddable":true,"href":"https:\/\/aconteceunovale.com.br\/portal\/index.php?rest_route=\/wp\/v2\/users\/1"}],"replies":[{"embeddable":true,"href":"https:\/\/aconteceunovale.com.br\/portal\/index.php?rest_route=%2Fwp%2Fv2%2Fcomments&post=39578"}],"version-history":[{"count":0,"href":"https:\/\/aconteceunovale.com.br\/portal\/index.php?rest_route=\/wp\/v2\/posts\/39578\/revisions"}],"wp:featuredmedia":[{"embeddable":true,"href":"https:\/\/aconteceunovale.com.br\/portal\/index.php?rest_route=\/wp\/v2\/media\/37592"}],"wp:attachment":[{"href":"https:\/\/aconteceunovale.com.br\/portal\/index.php?rest_route=%2Fwp%2Fv2%2Fmedia&parent=39578"}],"wp:term":[{"taxonomy":"category","embeddable":true,"href":"https:\/\/aconteceunovale.com.br\/portal\/index.php?rest_route=%2Fwp%2Fv2%2Fcategories&post=39578"},{"taxonomy":"post_tag","embeddable":true,"href":"https:\/\/aconteceunovale.com.br\/portal\/index.php?rest_route=%2Fwp%2Fv2%2Ftags&post=39578"}],"curies":[{"name":"wp","href":"https:\/\/api.w.org\/{rel}","templated":true}]}}