{"id":39565,"date":"2014-09-08T22:05:51","date_gmt":"2014-09-09T01:05:51","guid":{"rendered":"http:\/\/aconteceunovale.com.br\/portal\/?p=39565"},"modified":"2014-09-08T22:05:51","modified_gmt":"2014-09-09T01:05:51","slug":"prefeitura-comemora-161-anos-de-fundacao-de-teofilo-otoni-e-independencia-do-brasil","status":"publish","type":"post","link":"https:\/\/aconteceunovale.com.br\/portal\/?p=39565","title":{"rendered":"Prefeitura comemora 161 anos de funda\u00e7\u00e3o de Te\u00f3filo Otoni e Independ\u00eancia do Brasil"},"content":{"rendered":"<p>As comemora\u00e7\u00f5es da Semana da P\u00e1tria foram encerradas nesse domingo (7), reunindo milhares de pessoas que foram ao centro da cidade para acompanhar ao desfile c\u00edvico, organizado pela Secretaria Municipal de Educa\u00e7\u00e3o. Desde o dia 1\u00ba de setembro uma vasta programa\u00e7\u00e3o reuniu autoridades, professores e alunos de v\u00e1rias escolas do munic\u00edpio, em torno das comemora\u00e7\u00f5es dos 161 anos de funda\u00e7\u00e3o da cidade de Te\u00f3filo Otoni e da Independ\u00eancia do Brasil. Nos distritos de Brej\u00e3o e Maravilha ocorreu desfile c\u00edvico no dia 3 e no dia 5, foi a vez das escolas de Top\u00e1zio se apresentarem.<\/p>\n<p>A solenidade do dia 7 de setembro teve in\u00edcio \u00e0s 8 h 30 com hasteamento das bandeiras com participa\u00e7\u00e3o do Tiro de Guerra 04\/018 e apresenta\u00e7\u00e3o da Banda de M\u00fasica da 15\u00aa Regi\u00e3o de pol\u00edcia Militar. O prefeito Get\u00falio Neiva, acompanhado por diversas autoridades de seguran\u00e7a do munic\u00edpio, da primeira-dama Ana Paula, de secret\u00e1rios municipais e vereadores ocupou o palanque de autoridades. Em seu discurso o prefeito relembrou o fundador Te\u00f3filo Benedito Otoni como homem \u00e0 frente de seu tempo e grande pol\u00edtico. Cumprimentou as for\u00e7as policiais e de justi\u00e7a, aos alunos e professores e p\u00fablico presentes.<\/p>\n<p>Numa demonstra\u00e7\u00e3o de patriotismo escolas, entidades filantr\u00f3picas e for\u00e7as de seguran\u00e7a desfilaram pela Avenida Get\u00falio Vargas relembrando a Independ\u00eancia do Brasil e aos 161 anos de funda\u00e7\u00e3o da cidade de Te\u00f3filo Otoni. Durante o desfile, o prefeito Get\u00falio Neiva desceu do palanque e, mais perto dos alunos, levou seu cumprimento. <\/p>\n<p><img decoding=\"async\" src=\"http:\/\/aconteceunovale.com.br\/portal\/wp-content\/uploads\/2014\/09\/desfile_teo_1.jpg\" alt=\"\" \/><em>O Tiro de Guera 04\/018 abrilhantou o desfile c\u00edvico &#8211; Foto: Kledson Moreira\/Divulga\u00e7\u00e3o Prefeitura Municipal de Te\u00f3filo Otoni<\/em><br \/>\n<\/br><\/p>\n<p><img decoding=\"async\" src=\"http:\/\/aconteceunovale.com.br\/portal\/wp-content\/uploads\/2014\/09\/desfile_teo_2.jpg\" alt=\"\" \/><em>Os vereadores Marcinho da Serraria e Nilo Rodas, o Secret\u00e1rio de Governo Cl\u00e9lio Gosling &#8220;Pel\u00e9&#8221; &#8211; Foto: Kledson Moreira\/Divulga\u00e7\u00e3o Prefeitura Municipal de Te\u00f3filo Otoni<\/em><br \/>\n<\/br><\/p>\n<p><img decoding=\"async\" src=\"http:\/\/aconteceunovale.com.br\/portal\/wp-content\/uploads\/2014\/09\/desfile_teo_3.jpg\" alt=\"\" \/><em>A Pol\u00edcia Militar do Estado de Minas Gerais al\u00e9m de fazer a seguran\u00e7a do evento, tamb\u00e9m desfilou &#8211; Foto: Kledson Moreira\/Divulga\u00e7\u00e3o Prefeitura Municipal de Te\u00f3filo Otoni<\/em><br \/>\n<\/br><\/p>\n<p><img decoding=\"async\" src=\"http:\/\/aconteceunovale.com.br\/portal\/wp-content\/uploads\/2014\/09\/desfile_teo_4.jpg\" alt=\"\" \/><em>A equipe do SAMU foi para a Avenida Get\u00falio Vargas com sua equipe &#8211; Foto: Kledson Moreira\/Divulga\u00e7\u00e3o Prefeitura Municipal de Te\u00f3filo Otoni<\/em><br \/>\n<\/br><\/p>\n<p><img decoding=\"async\" src=\"http:\/\/aconteceunovale.com.br\/portal\/wp-content\/uploads\/2014\/09\/desfile_teo_5.jpg\" alt=\"\" \/><em>O Prefeito &#8220;quebrou o protocolo&#8221; e foi cumprimentar os pais, dire\u00e7\u00e3o e alunos da Escola Municipal Doralice Arruda &#8211; Foto: Kledson Moreira\/Divulga\u00e7\u00e3o Prefeitura Municipal de Te\u00f3filo Otoni<\/em><br \/>\n<\/br><\/p>\n<p><img decoding=\"async\" src=\"http:\/\/aconteceunovale.com.br\/portal\/wp-content\/uploads\/2014\/09\/desfile_teo_6.jpg\" alt=\"\" \/><em>Belas artes e carros aleg\u00f3ricos fizeram parte do tradicional desfile &#8211; Foto: Kledson Moreira\/Divulga\u00e7\u00e3o Prefeitura Municipal de Te\u00f3filo Otoni<\/em><br \/>\n<\/br><\/p>\n<p><img decoding=\"async\" src=\"http:\/\/aconteceunovale.com.br\/portal\/wp-content\/uploads\/2014\/09\/desfile_teo_7.jpg\" alt=\"\" \/><em>Os novos &#8220;guarda mirins&#8221; da FUNAPES FATEG\u00cdDIO fizeram sua primeira apresenta\u00e7\u00e3o &#8211; Foto: Kledson Moreira\/Divulga\u00e7\u00e3o Prefeitura Municipal de Te\u00f3filo Otoni<\/em><br \/>\n<\/br><\/p>\n<p><img decoding=\"async\" src=\"http:\/\/aconteceunovale.com.br\/portal\/wp-content\/uploads\/2014\/09\/desfile_teo_8.jpg\" alt=\"\" \/><em>A Escola Municipal Irm\u00e3 Maria Am\u00e1lia foi uma das dezenas de escolas que desfilaram na Avenida &#8211; Foto: Kledson Moreira\/Divulga\u00e7\u00e3o Prefeitura Municipal de Te\u00f3filo Otoni<\/em><\/p>\n","protected":false},"excerpt":{"rendered":"<p>As comemora\u00e7\u00f5es da Semana da P\u00e1tria foram encerradas nesse domingo (7), reunindo milhares de pessoas que foram ao centro da cidade para acompanhar ao desfile c\u00edvico, organizado pela Secretaria Municipal de Educa\u00e7\u00e3o. Desde o dia 1\u00ba de setembro uma vasta programa\u00e7\u00e3o reuniu autoridades, professores e alunos de v\u00e1rias escolas do munic\u00edpio, em torno das comemora\u00e7\u00f5es [&hellip;]<\/p>\n","protected":false},"author":1,"featured_media":39569,"comment_status":"open","ping_status":"closed","sticky":false,"template":"","format":"standard","meta":{"amp_status":"","footnotes":""},"categories":[122],"tags":[15717,1018,15716,164],"class_list":["post-39565","post","type-post","status-publish","format-standard","has-post-thumbnail","hentry","category-mucuri","tag-161-anos-de-fundacao-de-teofilo-otoni","tag-destaque","tag-prefeitura-comemora-161-anos-de-fundacao-de-teofilo-otoni-e-independencia-do-brasil","tag-teofilo-otoni"],"_links":{"self":[{"href":"https:\/\/aconteceunovale.com.br\/portal\/index.php?rest_route=\/wp\/v2\/posts\/39565","targetHints":{"allow":["GET"]}}],"collection":[{"href":"https:\/\/aconteceunovale.com.br\/portal\/index.php?rest_route=\/wp\/v2\/posts"}],"about":[{"href":"https:\/\/aconteceunovale.com.br\/portal\/index.php?rest_route=\/wp\/v2\/types\/post"}],"author":[{"embeddable":true,"href":"https:\/\/aconteceunovale.com.br\/portal\/index.php?rest_route=\/wp\/v2\/users\/1"}],"replies":[{"embeddable":true,"href":"https:\/\/aconteceunovale.com.br\/portal\/index.php?rest_route=%2Fwp%2Fv2%2Fcomments&post=39565"}],"version-history":[{"count":0,"href":"https:\/\/aconteceunovale.com.br\/portal\/index.php?rest_route=\/wp\/v2\/posts\/39565\/revisions"}],"wp:featuredmedia":[{"embeddable":true,"href":"https:\/\/aconteceunovale.com.br\/portal\/index.php?rest_route=\/wp\/v2\/media\/39569"}],"wp:attachment":[{"href":"https:\/\/aconteceunovale.com.br\/portal\/index.php?rest_route=%2Fwp%2Fv2%2Fmedia&parent=39565"}],"wp:term":[{"taxonomy":"category","embeddable":true,"href":"https:\/\/aconteceunovale.com.br\/portal\/index.php?rest_route=%2Fwp%2Fv2%2Fcategories&post=39565"},{"taxonomy":"post_tag","embeddable":true,"href":"https:\/\/aconteceunovale.com.br\/portal\/index.php?rest_route=%2Fwp%2Fv2%2Ftags&post=39565"}],"curies":[{"name":"wp","href":"https:\/\/api.w.org\/{rel}","templated":true}]}}