{"id":39562,"date":"2014-09-08T21:40:01","date_gmt":"2014-09-09T00:40:01","guid":{"rendered":"http:\/\/aconteceunovale.com.br\/portal\/?p=39562"},"modified":"2014-09-08T21:40:01","modified_gmt":"2014-09-09T00:40:01","slug":"curvelo-ja-possui-centro-judiciario-de-solucao-de-conflitos-e-cidadania","status":"publish","type":"post","link":"https:\/\/aconteceunovale.com.br\/portal\/?p=39562","title":{"rendered":"Curvelo j\u00e1 possui Centro Judici\u00e1rio de Solu\u00e7\u00e3o de Conflitos e Cidadania"},"content":{"rendered":"<h4><strong><em>O TJMG firmou parceria com a Faculdade Arquidiocesana de Curvelo para instala\u00e7\u00e3o do Cejus<\/em><\/strong><\/h4>\n<p>O 3\u00ba vice-presidente do Tribunal de Justi\u00e7a de Minas Gerais (TJMG), desembargador Wander Marotta, inaugurou nesta sexta-feira, 5 de setembro, o Centro Judici\u00e1rio de Solu\u00e7\u00e3o de Conflitos e Cidadania (Cejus) na comarca de Curvelo. O Cejus da comarca de Curvelo \u00e9 a d\u00e9cima quinta unidade a ser instalada em Minas Gerais e tem como objetivo oferecer tratamento adequado aos conflitos de interesses no Poder Judici\u00e1rio. \u00c9 integrado pelos setores de Cidadania, Pr\u00e9-Processual e Processual.<\/p>\n<p>Al\u00e9m do 3\u00ba vice-presidente, estiveram presente ao evento, representando a Faculdade Arquidiocesana de Curvelo (FAC), que \u00e9 parceira do TJMG, o arcebispo de Diamantina, Dom Jo\u00e3o Bosco Oliver de Faria, a ju\u00edza diretora do Foro da comarca, em exerc\u00edcio, Mariana Siani, a coordenadora do Cejus, ju\u00edza Andr\u00e9ia M\u00e1rcia Marinho de Oliveira, a ju\u00edza diretora do Foro da comarca, Erl\u00e2nia Zica e Silva Lucas Pereira, representando a Associa\u00e7\u00e3o dos Magistrados Mineiros (Amagis), o juiz auxiliar da 3\u00aa Vice-Presid\u00eancia, Carlos Donizetti Ferreira da Silva, prefeito municipal de Curvelo, Maur\u00edcio Soares Guimar\u00e3es, entre outros.<\/p>\n<p><img decoding=\"async\" src=\"http:\/\/aconteceunovale.com.br\/portal\/wp-content\/uploads\/2014\/09\/inauguracao_cejus_curvelo.jpg\" alt=\"\" \/><em>Em solenidade concorrida, diversas autoridades de Curvelo implantaram o Cejus &#8211; Foto: TJMG\/Divulga\u00e7\u00e3o<\/em><br \/>\n<\/br><\/p>\n<p>O desembargador Wander Marotta ressaltou que a quest\u00e3o do acesso \u00e0 Justi\u00e7a \u00e9 um tema que sempre est\u00e1 em pauta nas discuss\u00f5es entre os operadores do Direito. Para o magistrado, a concilia\u00e7\u00e3o vem ganhando espa\u00e7o na busca da resolu\u00e7\u00e3o dos conflitos porque o cidad\u00e3o quer uma resposta r\u00e1pida da Justi\u00e7a. \u201cEle quer entrar na Justi\u00e7a e ter uma resposta \u00e1gil. Hoje, pelo acervo crescente, uma demanda litigiosa pode demorar anos. A op\u00e7\u00e3o pela concilia\u00e7\u00e3o que confere informalidade \u00e0 discuss\u00e3o \u00e9 a sa\u00edda para solu\u00e7\u00e3o de conflitos\u201d.<\/p>\n<p>O arcebispo Dom Jo\u00e3o Bosco Oliver de Faria disse que os conflitos s\u00e3o o resultado do comportamento de pessoas que n\u00e3o se aceitam e por consequ\u00eancia n\u00e3o aceitam o diferente. Com a ado\u00e7\u00e3o da concilia\u00e7\u00e3o, o arcebispo acredita que os cora\u00e7\u00f5es ser\u00e3o amaciados e as diferen\u00e7as ser\u00e3o acertadas. Dom Jo\u00e3o Bosco afirmou que a iniciativa da implanta\u00e7\u00e3o do Cejus possibilita que a vis\u00e3o humanista do Direito se sobreponha \u00e0 ret\u00f3rica das palavras. Da\u00ed, segundo ele, a import\u00e2ncia de se ouvir e buscar a concilia\u00e7\u00e3o, via di\u00e1logo.<\/p>\n<p>A ju\u00edza Mariana Siani afirmou que a instala\u00e7\u00e3o do Cejus na comarca de Curvelo vai inaugurar uma nova era na regi\u00e3o na busca da paz e da solu\u00e7\u00e3o amig\u00e1vel dos conflitos. \u201cDevemos institucionalizar a cultura da concilia\u00e7\u00e3o\u201d.<\/p>\n<p>A coordenadora do Cejus, Andr\u00e9ia M\u00e1rcia Marinho de Oliveira, afirmou que a busca de novas solu\u00e7\u00f5es para solucionar os lit\u00edgios deve ser uma obstina\u00e7\u00e3o do Poder Judici\u00e1rio. \u201c\u00c9 necess\u00e1rio encontrar solu\u00e7\u00f5es alternativas para que a sociedade cultive a paz, que predomine a gentileza e toler\u00e2ncia.<\/p>\n<p>A ju\u00edza disse que, com essa unidade em Curvelo, busca-se uma alternativa pautada no di\u00e1logo e na coopera\u00e7\u00e3o entre as pessoas\/partes para supera\u00e7\u00e3o da diverg\u00eancias de interesse e conflito. O objetivo \u00e9 chegar a um acordo e \u00e0 paz social.<\/p>\n<p>Os integrantes do Cejus v\u00e3o trabalhar em parceria com o N\u00facleo de Pr\u00e1tica Jur\u00eddica (NPJ) da Faculdade Arquidiocesana de Curvelo (FAC) que fica na rua Jo\u00e3o Pessoa, centro de Curvelo.<\/p>\n","protected":false},"excerpt":{"rendered":"<p>O TJMG firmou parceria com a Faculdade Arquidiocesana de Curvelo para instala\u00e7\u00e3o do Cejus O 3\u00ba vice-presidente do Tribunal de Justi\u00e7a de Minas Gerais (TJMG), desembargador Wander Marotta, inaugurou nesta sexta-feira, 5 de setembro, o Centro Judici\u00e1rio de Solu\u00e7\u00e3o de Conflitos e Cidadania (Cejus) na comarca de Curvelo. O Cejus da comarca de Curvelo \u00e9 [&hellip;]<\/p>\n","protected":false},"author":1,"featured_media":39563,"comment_status":"open","ping_status":"closed","sticky":false,"template":"","format":"standard","meta":{"amp_status":"","footnotes":""},"categories":[123],"tags":[15715,15714,197,15713],"class_list":["post-39562","post","type-post","status-publish","format-standard","has-post-thumbnail","hentry","category-gerais","tag-cejus-de-curvelo","tag-centro-judiciario-de-solucao-de-conflitos-e-cidadania-de-curvelo","tag-curvelo","tag-curvelo-ja-possui-centro-judiciario-de-solucao-de-conflitos-e-cidadania"],"_links":{"self":[{"href":"https:\/\/aconteceunovale.com.br\/portal\/index.php?rest_route=\/wp\/v2\/posts\/39562","targetHints":{"allow":["GET"]}}],"collection":[{"href":"https:\/\/aconteceunovale.com.br\/portal\/index.php?rest_route=\/wp\/v2\/posts"}],"about":[{"href":"https:\/\/aconteceunovale.com.br\/portal\/index.php?rest_route=\/wp\/v2\/types\/post"}],"author":[{"embeddable":true,"href":"https:\/\/aconteceunovale.com.br\/portal\/index.php?rest_route=\/wp\/v2\/users\/1"}],"replies":[{"embeddable":true,"href":"https:\/\/aconteceunovale.com.br\/portal\/index.php?rest_route=%2Fwp%2Fv2%2Fcomments&post=39562"}],"version-history":[{"count":0,"href":"https:\/\/aconteceunovale.com.br\/portal\/index.php?rest_route=\/wp\/v2\/posts\/39562\/revisions"}],"wp:featuredmedia":[{"embeddable":true,"href":"https:\/\/aconteceunovale.com.br\/portal\/index.php?rest_route=\/wp\/v2\/media\/39563"}],"wp:attachment":[{"href":"https:\/\/aconteceunovale.com.br\/portal\/index.php?rest_route=%2Fwp%2Fv2%2Fmedia&parent=39562"}],"wp:term":[{"taxonomy":"category","embeddable":true,"href":"https:\/\/aconteceunovale.com.br\/portal\/index.php?rest_route=%2Fwp%2Fv2%2Fcategories&post=39562"},{"taxonomy":"post_tag","embeddable":true,"href":"https:\/\/aconteceunovale.com.br\/portal\/index.php?rest_route=%2Fwp%2Fv2%2Ftags&post=39562"}],"curies":[{"name":"wp","href":"https:\/\/api.w.org\/{rel}","templated":true}]}}