{"id":39549,"date":"2014-09-08T20:37:17","date_gmt":"2014-09-08T23:37:17","guid":{"rendered":"http:\/\/aconteceunovale.com.br\/portal\/?p=39549"},"modified":"2014-09-08T20:37:27","modified_gmt":"2014-09-08T23:37:27","slug":"falta-de-estabilidade-na-carreira-gera-tensao-entre-agentes-penitenciarios-de-minas-gerais","status":"publish","type":"post","link":"https:\/\/aconteceunovale.com.br\/portal\/?p=39549","title":{"rendered":"Falta de estabilidade na carreira gera tens\u00e3o entre agentes penitenci\u00e1rios de Minas Gerais"},"content":{"rendered":"<h4><strong><em>Servidores denunciam clima ruim entre contratados que podem perder emprego a qualquer momento. Agente penitenci\u00e1rio escreve carta em protesto contra situa\u00e7\u00e3o de contratados e se mata em seguida<\/em><\/strong><\/h4>\n<p>Um conflito entre agentes penitenci\u00e1rios pode estar comprometendo o funcionamento de pres\u00eddios de todo o Estado de Minas Gerais. Servidores denunciam que t\u00eam trabalhado sob uma press\u00e3o que vai muito al\u00e9m do fato de lidar diariamente com criminosos de alta periculosidade. A falta de estabilidade na carreira, com amea\u00e7as de demiss\u00e3o, tem transformado o trabalho nas penitenci\u00e1rias mineiras em um campo de disputa em que colegas concorrem para n\u00e3o estar na pr\u00f3xima lista de dispensados. S\u00e3o v\u00e1rias as den\u00fancias de trabalhadores com problemas psicol\u00f3gicos devido ao estresse a que s\u00e3o submetidos no trabalho. No caso mais extremo, um agente se suicidou em Muria\u00e9, na Zona da Mata.<\/p>\n<p>Com 53 mil detentos, o sistema prisional de Minas conta com 15,5 mil agentes, 85% deles n\u00e3o efetivados, segundo o Sindicato dos Agentes de Seguran\u00e7a Penitenci\u00e1ria do Estado (Sindasp-MG). Esses funcion\u00e1rios s\u00e3o contratados, seguem as regras de um trabalhador comum, mas n\u00e3o contam com os benef\u00edcios dos servidores efetivos da \u00e1rea. A partir de 2012, o Estado come\u00e7ou a fazer concursos para substitu\u00ed-los, e hoje, a cada agente efetivado, um contratado \u00e9 demitido. Segundo os servidores, n\u00e3o h\u00e1 um crit\u00e9rio objetivo para o desligamento. Os nomes dos demitidos s\u00e3o definidos pela coordena\u00e7\u00e3o da unidade, portanto, qualquer contratado pode ser o pr\u00f3ximo da lista.<\/p>\n<p><img decoding=\"async\" src=\"http:\/\/aconteceunovale.com.br\/portal\/wp-content\/uploads\/2014\/09\/agentes_penitenciarios.jpg\" alt=\"\" \/><em>Entre as grades. Segundo sindicato, agentes est\u00e3o em uma disputa interna para evitar a substitui\u00e7\u00e3o imediata por servidores efetivos &#8211; Foto: Alex de Jesus \/ Jornal O Tempo<\/em><\/p>\n<p>\u201cEssa situa\u00e7\u00e3o deixou o clima insustent\u00e1vel. A todo momento um colega seu quer te dar uma rasteira. N\u00e3o fazemos o nosso trabalho da melhor maneira. Com a dispensa iminente, os mais \u2018fracos\u2019 ficam mais suscet\u00edveis a ser corrompidos pelos bandidos\u201d, contou um agente penitenci\u00e1rio, que pediu para n\u00e3o ser identificado.<\/p>\n<p>Outro agente reclama que os dispensados voltam para o mercado de trabalho sem nenhuma qualifica\u00e7\u00e3o. \u201cVoc\u00ea dedica seis anos de sua vida a um servi\u00e7o que poucas pessoas querem fazer. Depois voc\u00ea \u00e9 demitido, e qual \u00e9 a experi\u00eancia que voc\u00ea tem? Ter sido agente penitenci\u00e1rio n\u00e3o vale nada no meu curr\u00edculo. E mesmo fora do sistema, voc\u00ea continua a sofrer amea\u00e7as de ex-detentos\u201d, reclama.<\/p>\n<p>A Secretaria de Estado de Defesa Social (Seds) afirma que todos os agentes contratados pela Subsecretaria de Administra\u00e7\u00e3o Prisional (Suapi) s\u00e3o empossados no regime tempor\u00e1rio e t\u00eam informa\u00e7\u00f5es acerca do contrato.<\/p>\n<h4>Medo contribuiu para suic\u00eddio<\/h4>\n<p>O medo de perder o emprego, a concorr\u00eancia dos colegas e um quadro de depress\u00e3o levaram o agente penitenci\u00e1rio Jefferson An\u00edsio Gon\u00e7alves de Avelar, 29, ao n\u00edvel m\u00e1ximo de desespero, que culminou com o suic\u00eddio. Ele trabalhava no pres\u00eddio de Muria\u00e9, na Zona da Mata, e se matou no \u00faltimo dia 13. O jovem estava em tratamento com antidepressivos, mas os pais dele acreditam que o estresse gerado pela situa\u00e7\u00e3o que vivia no sistema prisional foi o ponto decisivo que o levou a tomar essa atitude.<\/p>\n<p>Agente penitenci\u00e1rio contratado, Avelar era entusiasmado e orgulhoso com a profiss\u00e3o. Por\u00e9m, a ideia de ser demitido o aterrorizava. Ele tentou por duas vezes ser aprovado no concurso, mas fracassou. Antes de cometer o suic\u00eddio, o agente gravou um v\u00eddeo, com o uniforme de trabalho, dizendo que o que estava fazendo era um protesto contra a demiss\u00e3o dos servidores contratados do sistema prisional.<\/p>\n<p>Com a fam\u00edlia, as reclama\u00e7\u00f5es da situa\u00e7\u00e3o eram constantes. A m\u00e3e de Jefferson Avelar, a aposentada Maria Nilc\u00e9ia Gon\u00e7alves, 63, conta que o filho estava aflito para ser aprovado no concurso. \u201cEle estava com uma obsess\u00e3o em passar no concurso. Acordava \u00e0s 5h todos os dias para estudar\u201d, contou. Apesar de conhecer o quadro depressivo do filho, ela n\u00e3o imaginava que ele teria a atitude extrema. \u201cEle estava em um momento mais tranquilo. Tinha acabado de sair de f\u00e9rias e iria aproveitar o tempo livre para intensificar os estudos. Se n\u00e3o fosse a press\u00e3o que ele vivia no trabalho, n\u00e3o teria se matado\u201d, desabafou.<\/p>\n<p><strong>(O Tempo)<\/strong><\/p>\n","protected":false},"excerpt":{"rendered":"<p>Servidores denunciam clima ruim entre contratados que podem perder emprego a qualquer momento. Agente penitenci\u00e1rio escreve carta em protesto contra situa\u00e7\u00e3o de contratados e se mata em seguida Um conflito entre agentes penitenci\u00e1rios pode estar comprometendo o funcionamento de pres\u00eddios de todo o Estado de Minas Gerais. Servidores denunciam que t\u00eam trabalhado sob uma press\u00e3o [&hellip;]<\/p>\n","protected":false},"author":1,"featured_media":39550,"comment_status":"open","ping_status":"closed","sticky":false,"template":"","format":"standard","meta":{"amp_status":"","footnotes":""},"categories":[123],"tags":[15705,15706,15699,15703,1018,15702,15698,15700,1502,15701,15704],"class_list":["post-39549","post","type-post","status-publish","format-standard","has-post-thumbnail","hentry","category-gerais","tag-agente-penitenciario-comete-o-suicidio-em-muriae","tag-agente-penitenciario-grava-video-antes-de-cometer-o-suicidio","tag-agente-penitenciario-jefferson-anisio-goncalves-de-avelar","tag-ameacas-de-demissao-a-agentes-penitenciarios","tag-destaque","tag-falta-de-estabilidade-na-carreira-de-agente-penitenciario","tag-falta-de-estabilidade-na-carreira-gera-tensao-entre-agentes-penitenciarios-de-minas-gerais","tag-jefferson-anisio-goncalves-de-avelar","tag-muriae","tag-presidio-de-muriae","tag-video-de-agente-penitenciario-gravado-antes-de-cometer-o-suicidio"],"_links":{"self":[{"href":"https:\/\/aconteceunovale.com.br\/portal\/index.php?rest_route=\/wp\/v2\/posts\/39549","targetHints":{"allow":["GET"]}}],"collection":[{"href":"https:\/\/aconteceunovale.com.br\/portal\/index.php?rest_route=\/wp\/v2\/posts"}],"about":[{"href":"https:\/\/aconteceunovale.com.br\/portal\/index.php?rest_route=\/wp\/v2\/types\/post"}],"author":[{"embeddable":true,"href":"https:\/\/aconteceunovale.com.br\/portal\/index.php?rest_route=\/wp\/v2\/users\/1"}],"replies":[{"embeddable":true,"href":"https:\/\/aconteceunovale.com.br\/portal\/index.php?rest_route=%2Fwp%2Fv2%2Fcomments&post=39549"}],"version-history":[{"count":0,"href":"https:\/\/aconteceunovale.com.br\/portal\/index.php?rest_route=\/wp\/v2\/posts\/39549\/revisions"}],"wp:featuredmedia":[{"embeddable":true,"href":"https:\/\/aconteceunovale.com.br\/portal\/index.php?rest_route=\/wp\/v2\/media\/39550"}],"wp:attachment":[{"href":"https:\/\/aconteceunovale.com.br\/portal\/index.php?rest_route=%2Fwp%2Fv2%2Fmedia&parent=39549"}],"wp:term":[{"taxonomy":"category","embeddable":true,"href":"https:\/\/aconteceunovale.com.br\/portal\/index.php?rest_route=%2Fwp%2Fv2%2Fcategories&post=39549"},{"taxonomy":"post_tag","embeddable":true,"href":"https:\/\/aconteceunovale.com.br\/portal\/index.php?rest_route=%2Fwp%2Fv2%2Ftags&post=39549"}],"curies":[{"name":"wp","href":"https:\/\/api.w.org\/{rel}","templated":true}]}}