{"id":39546,"date":"2014-09-08T20:20:33","date_gmt":"2014-09-08T23:20:33","guid":{"rendered":"http:\/\/aconteceunovale.com.br\/portal\/?p=39546"},"modified":"2014-09-08T20:20:33","modified_gmt":"2014-09-08T23:20:33","slug":"prf-apreende-800-quilos-de-produtos-de-laticinios-transportados-irregularmente-na-br-116","status":"publish","type":"post","link":"https:\/\/aconteceunovale.com.br\/portal\/?p=39546","title":{"rendered":"PRF apreende 800 quilos de produtos de latic\u00ednios transportados irregularmente na BR-116"},"content":{"rendered":"<h4><strong><em>O material estava na carroceria de uma caminhonete sem refrigera\u00e7\u00e3o. O motorista foi parado durante uma fiscaliza\u00e7\u00e3o de rotina em Leopoldina<\/em><\/strong><\/h4>\n<p>O motorista de uma caminhonete foi detido por transportar irregularmente 800 quilos de produtos de latic\u00ednios na BR-116, em Leopoldina, na Regi\u00e3o da Zona da Mata mineira, na tarde desta segunda-feira. A carga foi encaminhada para o Instituto Mineiro de Agropecu\u00e1ria (IMA). <\/p>\n<p>O ve\u00edculo foi parado durante uma opera\u00e7\u00e3o de rotina na rodovia. \u201cAbordamos o motorista quando passava pelo km 774. Ao verificar o compartimento de carga, o que \u00e9 praxe, encontramos diversos produtos, como queijos e manteigas, sendo transportados sem refrigera\u00e7\u00e3o\u201d, explicou o agente da Pol\u00edcia Rodovi\u00e1ria Federal (PRF), Rodrigo Ladeira. <\/p>\n<p>O condutor, que n\u00e3o teve o nome divulgado, chegou a apresentar uma nota fiscal dos produtos, mas o documento estava irregular. \u201cNa nota constava um valor de apenas 100 quilos de material, sendo que no carro haviam aproximadamente 800 quilos\u201d, diz o agente. <\/p>\n<p>O material foi apreendido e encaminhado para o IMA. A Receita Federal tamb\u00e9m ser\u00e1 acionada e o motorista est\u00e1 sujeito a multa.<\/p>\n<p><img decoding=\"async\" src=\"http:\/\/aconteceunovale.com.br\/portal\/wp-content\/uploads\/2014\/09\/queijo_irregular.jpg\" alt=\"\" \/><em>Queijos e manteigas estavam na carroceria de um ve\u00edculo sem refrigera\u00e7\u00e3o &#8211; Foto: Divulga\u00e7\u00e3o\/PRF<\/em><br \/>\n<\/br><\/p>\n<p><strong>(Estado de Minas)<\/strong><\/p>\n","protected":false},"excerpt":{"rendered":"<p>O material estava na carroceria de uma caminhonete sem refrigera\u00e7\u00e3o. O motorista foi parado durante uma fiscaliza\u00e7\u00e3o de rotina em Leopoldina O motorista de uma caminhonete foi detido por transportar irregularmente 800 quilos de produtos de latic\u00ednios na BR-116, em Leopoldina, na Regi\u00e3o da Zona da Mata mineira, na tarde desta segunda-feira. A carga foi [&hellip;]<\/p>\n","protected":false},"author":1,"featured_media":39547,"comment_status":"open","ping_status":"closed","sticky":false,"template":"","format":"standard","meta":{"amp_status":"","footnotes":""},"categories":[123],"tags":[1018,208,15697],"class_list":["post-39546","post","type-post","status-publish","format-standard","has-post-thumbnail","hentry","category-gerais","tag-destaque","tag-leopoldina","tag-prf-apreende-800-quilos-de-produtos-de-laticinios-transportados-irregularmente-na-br-116"],"_links":{"self":[{"href":"https:\/\/aconteceunovale.com.br\/portal\/index.php?rest_route=\/wp\/v2\/posts\/39546","targetHints":{"allow":["GET"]}}],"collection":[{"href":"https:\/\/aconteceunovale.com.br\/portal\/index.php?rest_route=\/wp\/v2\/posts"}],"about":[{"href":"https:\/\/aconteceunovale.com.br\/portal\/index.php?rest_route=\/wp\/v2\/types\/post"}],"author":[{"embeddable":true,"href":"https:\/\/aconteceunovale.com.br\/portal\/index.php?rest_route=\/wp\/v2\/users\/1"}],"replies":[{"embeddable":true,"href":"https:\/\/aconteceunovale.com.br\/portal\/index.php?rest_route=%2Fwp%2Fv2%2Fcomments&post=39546"}],"version-history":[{"count":0,"href":"https:\/\/aconteceunovale.com.br\/portal\/index.php?rest_route=\/wp\/v2\/posts\/39546\/revisions"}],"wp:featuredmedia":[{"embeddable":true,"href":"https:\/\/aconteceunovale.com.br\/portal\/index.php?rest_route=\/wp\/v2\/media\/39547"}],"wp:attachment":[{"href":"https:\/\/aconteceunovale.com.br\/portal\/index.php?rest_route=%2Fwp%2Fv2%2Fmedia&parent=39546"}],"wp:term":[{"taxonomy":"category","embeddable":true,"href":"https:\/\/aconteceunovale.com.br\/portal\/index.php?rest_route=%2Fwp%2Fv2%2Fcategories&post=39546"},{"taxonomy":"post_tag","embeddable":true,"href":"https:\/\/aconteceunovale.com.br\/portal\/index.php?rest_route=%2Fwp%2Fv2%2Ftags&post=39546"}],"curies":[{"name":"wp","href":"https:\/\/api.w.org\/{rel}","templated":true}]}}