{"id":39542,"date":"2014-09-08T19:54:45","date_gmt":"2014-09-08T22:54:45","guid":{"rendered":"http:\/\/aconteceunovale.com.br\/portal\/?p=39542"},"modified":"2014-09-08T19:54:45","modified_gmt":"2014-09-08T22:54:45","slug":"nanuquense-e-destaque-na-semana-de-moda-de-nova-york","status":"publish","type":"post","link":"https:\/\/aconteceunovale.com.br\/portal\/?p=39542","title":{"rendered":"Nanuquense \u00e9 destaque na Semana de Moda de Nova York"},"content":{"rendered":"<h4><strong><em>Marcello Costa, 30 anos, atua de forma direta na produ\u00e7\u00e3o das modelos. Top model Maria Borges chama o mineiro carinhosamente de irm\u00e3o.<\/em><\/strong><\/h4>\n<p>Na imensid\u00e3o de desfiles e apresenta\u00e7\u00e3o de cole\u00e7\u00f5es da Semana de Moda em Nova York, um mineiro da cidade de Nanuque, no Vale do Mucuri, se destaca e representa a regi\u00e3o no universo da moda. O hair staylist e make-up artist, Marcello Costa, 30 anos, atua na produ\u00e7\u00e3o das modelos que participam dos desfiles, inclusive as que t\u00eam como suas clientes.<\/p>\n<p>Da inf\u00e2ncia humilde no Vale do Mucuri ao glamour de Manhattan, Marcello saiu do Brasil e desenvolveu nos Estados Unidos toda a sua habilidade. \u201cComo cabeleireiro e maquiador tenho orgulho de ter marcado presen\u00e7a em grandes eventos da moda nos Estados Unidos e Europa, e de ter feito trabalhos na produ\u00e7\u00e3o do Oscar, Cannes, Tony Awards, Brazilian Day, entre outros. Trabalhar na Semana da Moda de Nova York \u00e9 mais um orgulho que tenho na minha carreira\u201d, destaca o mineiro.<\/p>\n<p><img decoding=\"async\" src=\"http:\/\/aconteceunovale.com.br\/portal\/wp-content\/uploads\/2014\/09\/marcelo_costa_nanuque.jpg\" alt=\"\" \/><em>Marcello Costa e a top model angolana Maria Borges (Foto: Arquivo Pessoal)<\/em><br \/>\n<\/br><\/p>\n<p>Com seu trabalho, Marcello conquistou v\u00e1rias modelos como clientes e muitas delas t\u00eam com ele uma rela\u00e7\u00e3o de fidelidade, amizade e fraternidade. \u00c9 o caso da top model angolana Maria Borges que o chama de \u201cirm\u00e3o\u201d no back stage do evento.<\/p>\n<p>\u201cQuando chega uma rotina de grandes eventos, para mim fica f\u00e1cil desfilar, porque tenho um tratamento de rotina com o Marcello. A gente se encontra e ele sabe como eu devo ser produzida. \u00c9 uma sintonia perfeita\u201d, diz a modelo angolana que al\u00e9m de ser uma angel da Victoria Secrets, j\u00e1 desfilou para a Lacoste, DVF, ZEC Posen e Desigual, neste fim de semana.<\/p>\n<p>Al\u00e9m do seu trabalho na produ\u00e7\u00e3o das top models na passarela, Marcello Costa atua tamb\u00e9m como correspondente de moda para o canal Telemundo, onde d\u00e1 dicas para cabelos, maquiagem e aponta as tend\u00eancias para o mundo da moda.<\/p>\n<p>A dupla Maria Borges e Marcello Costa volta a se encontrar na Semana da Moda de Mil\u00e3o (It\u00e1lia), que ser\u00e1 realizada entre os dias 17 e 23 deste m\u00eas. (G1)<\/p>\n","protected":false},"excerpt":{"rendered":"<p>Marcello Costa, 30 anos, atua de forma direta na produ\u00e7\u00e3o das modelos. Top model Maria Borges chama o mineiro carinhosamente de irm\u00e3o. Na imensid\u00e3o de desfiles e apresenta\u00e7\u00e3o de cole\u00e7\u00f5es da Semana de Moda em Nova York, um mineiro da cidade de Nanuque, no Vale do Mucuri, se destaca e representa a regi\u00e3o no universo [&hellip;]<\/p>\n","protected":false},"author":1,"featured_media":39543,"comment_status":"open","ping_status":"closed","sticky":false,"template":"","format":"standard","meta":{"amp_status":"","footnotes":""},"categories":[122],"tags":[15690,15688,15694,15692,252,15696,15695,15687,15691,15689,15693],"class_list":["post-39542","post","type-post","status-publish","format-standard","has-post-thumbnail","hentry","category-mucuri","tag-brazilian-day","tag-cannes","tag-marcello-costa","tag-maria-borges","tag-nanuque","tag-nanuquense-e-destaque-na-semana-de-moda-de-nova-york","tag-nova-york","tag-oscar","tag-semana-da-moda-de-nova-york","tag-tony-awards","tag-top-model-angolana-maria-borges"],"_links":{"self":[{"href":"https:\/\/aconteceunovale.com.br\/portal\/index.php?rest_route=\/wp\/v2\/posts\/39542","targetHints":{"allow":["GET"]}}],"collection":[{"href":"https:\/\/aconteceunovale.com.br\/portal\/index.php?rest_route=\/wp\/v2\/posts"}],"about":[{"href":"https:\/\/aconteceunovale.com.br\/portal\/index.php?rest_route=\/wp\/v2\/types\/post"}],"author":[{"embeddable":true,"href":"https:\/\/aconteceunovale.com.br\/portal\/index.php?rest_route=\/wp\/v2\/users\/1"}],"replies":[{"embeddable":true,"href":"https:\/\/aconteceunovale.com.br\/portal\/index.php?rest_route=%2Fwp%2Fv2%2Fcomments&post=39542"}],"version-history":[{"count":0,"href":"https:\/\/aconteceunovale.com.br\/portal\/index.php?rest_route=\/wp\/v2\/posts\/39542\/revisions"}],"wp:featuredmedia":[{"embeddable":true,"href":"https:\/\/aconteceunovale.com.br\/portal\/index.php?rest_route=\/wp\/v2\/media\/39543"}],"wp:attachment":[{"href":"https:\/\/aconteceunovale.com.br\/portal\/index.php?rest_route=%2Fwp%2Fv2%2Fmedia&parent=39542"}],"wp:term":[{"taxonomy":"category","embeddable":true,"href":"https:\/\/aconteceunovale.com.br\/portal\/index.php?rest_route=%2Fwp%2Fv2%2Fcategories&post=39542"},{"taxonomy":"post_tag","embeddable":true,"href":"https:\/\/aconteceunovale.com.br\/portal\/index.php?rest_route=%2Fwp%2Fv2%2Ftags&post=39542"}],"curies":[{"name":"wp","href":"https:\/\/api.w.org\/{rel}","templated":true}]}}