{"id":39534,"date":"2014-09-08T19:24:32","date_gmt":"2014-09-08T22:24:32","guid":{"rendered":"http:\/\/aconteceunovale.com.br\/portal\/?p=39534"},"modified":"2014-09-08T19:24:32","modified_gmt":"2014-09-08T22:24:32","slug":"samu-participa-de-desfile-civico-em-montes-claros","status":"publish","type":"post","link":"https:\/\/aconteceunovale.com.br\/portal\/?p=39534","title":{"rendered":"Samu participa de desfile c\u00edvico em Montes Claros"},"content":{"rendered":"<h4><strong><em>Neste ano, o destaque foram \u00e0s crian\u00e7as, filhos dos socorristas, demonstrando a import\u00e2ncia da fam\u00edlia na qualidade de vida deste profissional cujo trabalho \u00e9 cuidar de pessoas, muitas vezes no limite entre a vida e a morte<\/em><\/strong><\/h4>\n<p>Comemorando a Independ\u00eancia do Brasil, o dia Sete de Setembro, em Montes Claros, foi marcado pelo tradicional desfile na Avenida Deputado Esteves Rodrigues, que contou com participa\u00e7\u00e3o expressiva da comunidade. <\/p>\n<p>Um dos destaques do desfile foi a apresenta\u00e7\u00e3o do Servi\u00e7o de Atendimento M\u00f3vel de Urg\u00eancia (SAMU) que, neste ano, levou as crian\u00e7as, filhos dos socorristas, demonstrando a import\u00e2ncia da fam\u00edlia na harmonia e qualidade de vida deste profissional cujo trabalho exige um grande desprendimento, j\u00e1 que sua rotina \u00e9 lidar com situa\u00e7\u00f5es extremas, no cuidado de pessoas muitas vezes no limite entre a vida e a morte.<\/p>\n<p>Para Ricardo Afonso Veloso, presidente do Cons\u00f3rcio Intermunicipal de Sa\u00fade da Rede de Urg\u00eancia e Emerg\u00eancia (Cisrun), o desfile c\u00edvico \u00e9 uma oportunidade de relembrar as lutas e atos heroicos que resultaram na independ\u00eancia do Brasil, na liberdade do seu povo. \u201cO SAMU \u00e9 uma conquista do povo norte mineiro, que passou a contar com atendimento de urg\u00eancia e emerg\u00eancia, com igualdade de acesso, o que representa um importante cap\u00edtulo da hist\u00f3ria da regi\u00e3o\u201d, destaca o prefeito.<\/p>\n<p>A unidade do SAMU de Mato Verde tamb\u00e9m participou do desfile c\u00edvico, que foi realizado no munic\u00edpio no dia 04 de setembro. J\u00e1 a unidade de Gameleiras desfilou na sexta-feira, dia 05 de setembro.<\/p>\n<p><img decoding=\"async\" src=\"http:\/\/aconteceunovale.com.br\/portal\/wp-content\/uploads\/2014\/09\/desfile_samu_moc_2.jpg\" alt=\"\" \/><em>(Samu participa de desfile c\u00edvico em Montes Claros &#8211; Foto: Jerusia Arruda \/ Divulga\u00e7\u00e3o)<\/em><br \/>\n<\/br><\/p>\n<p><img decoding=\"async\" src=\"http:\/\/aconteceunovale.com.br\/portal\/wp-content\/uploads\/2014\/09\/desfile_samu_moc_1.jpg\" alt=\"\" \/><em>(Samu participa de desfile c\u00edvico em Montes Claros &#8211; Foto: Jerusia Arruda \/ Divulga\u00e7\u00e3o)<\/em><br \/>\n<\/br><\/p>\n<p><img decoding=\"async\" src=\"http:\/\/aconteceunovale.com.br\/portal\/wp-content\/uploads\/2014\/09\/desfile_samu_moc_3.jpg\" alt=\"\" \/><em>(Samu participa de desfile c\u00edvico em Montes Claros &#8211; Foto: Jerusia Arruda \/ Divulga\u00e7\u00e3o)<\/em><\/p>\n","protected":false},"excerpt":{"rendered":"<p>Neste ano, o destaque foram \u00e0s crian\u00e7as, filhos dos socorristas, demonstrando a import\u00e2ncia da fam\u00edlia na qualidade de vida deste profissional cujo trabalho \u00e9 cuidar de pessoas, muitas vezes no limite entre a vida e a morte Comemorando a Independ\u00eancia do Brasil, o dia Sete de Setembro, em Montes Claros, foi marcado pelo tradicional desfile [&hellip;]<\/p>\n","protected":false},"author":1,"featured_media":39536,"comment_status":"open","ping_status":"closed","sticky":false,"template":"","format":"standard","meta":{"amp_status":"","footnotes":""},"categories":[1236],"tags":[210,4040,15678],"class_list":["post-39534","post","type-post","status-publish","format-standard","has-post-thumbnail","hentry","category-norte_de_minas","tag-montes-claros","tag-samu-macro-norte","tag-samu-participa-de-desfile-civico-em-montes-claros"],"_links":{"self":[{"href":"https:\/\/aconteceunovale.com.br\/portal\/index.php?rest_route=\/wp\/v2\/posts\/39534","targetHints":{"allow":["GET"]}}],"collection":[{"href":"https:\/\/aconteceunovale.com.br\/portal\/index.php?rest_route=\/wp\/v2\/posts"}],"about":[{"href":"https:\/\/aconteceunovale.com.br\/portal\/index.php?rest_route=\/wp\/v2\/types\/post"}],"author":[{"embeddable":true,"href":"https:\/\/aconteceunovale.com.br\/portal\/index.php?rest_route=\/wp\/v2\/users\/1"}],"replies":[{"embeddable":true,"href":"https:\/\/aconteceunovale.com.br\/portal\/index.php?rest_route=%2Fwp%2Fv2%2Fcomments&post=39534"}],"version-history":[{"count":0,"href":"https:\/\/aconteceunovale.com.br\/portal\/index.php?rest_route=\/wp\/v2\/posts\/39534\/revisions"}],"wp:featuredmedia":[{"embeddable":true,"href":"https:\/\/aconteceunovale.com.br\/portal\/index.php?rest_route=\/wp\/v2\/media\/39536"}],"wp:attachment":[{"href":"https:\/\/aconteceunovale.com.br\/portal\/index.php?rest_route=%2Fwp%2Fv2%2Fmedia&parent=39534"}],"wp:term":[{"taxonomy":"category","embeddable":true,"href":"https:\/\/aconteceunovale.com.br\/portal\/index.php?rest_route=%2Fwp%2Fv2%2Fcategories&post=39534"},{"taxonomy":"post_tag","embeddable":true,"href":"https:\/\/aconteceunovale.com.br\/portal\/index.php?rest_route=%2Fwp%2Fv2%2Ftags&post=39534"}],"curies":[{"name":"wp","href":"https:\/\/api.w.org\/{rel}","templated":true}]}}