{"id":39529,"date":"2014-09-08T15:39:37","date_gmt":"2014-09-08T18:39:37","guid":{"rendered":"http:\/\/aconteceunovale.com.br\/portal\/?p=39529"},"modified":"2014-09-08T15:45:48","modified_gmt":"2014-09-08T18:45:48","slug":"machacalis-recebe-o-1-simposio-de-leite-no-vale-do-mucuri","status":"publish","type":"post","link":"https:\/\/aconteceunovale.com.br\/portal\/?p=39529","title":{"rendered":"Machacalis recebe o 1\u00b0 Simp\u00f3sio de Leite no Vale do Mucuri"},"content":{"rendered":"<h4><em><strong>Evento ser\u00e1 realizado no dia 19 de setembro, no Clube Ajoma. Para inscri\u00e7\u00e3o \u00e9 cobrado um quilo de alimento n\u00e3o perec\u00edvel.<\/strong><\/em><\/h4>\n<p>Machacalis, no Vale do Mucuri, recebe o Primeiro Simp\u00f3sio de Leite da regi\u00e3o no dia 19 de setembro, a partir de 12h30, no Clube Ajoma. S\u00e3o convidados a participar do evento, produtores rurais de leite, m\u00e9dicos veterin\u00e1rios, zootecnistas, agr\u00f4nomos e profissionais da \u00e1rea da regi\u00e3o. Al\u00e9m de palestras, os participantes poder\u00e3o conhecer mais sobre as novidades da produ\u00e7\u00e3o leiteira, al\u00e9m de novas possibilidades para alavancar neg\u00f3cios.<\/p>\n<p>As inscri\u00e7\u00f5es podem ser feitas at\u00e9 momentos antes do evento. De acordo com o presidente do Sindicado dos Produtores Rurais de Machacalis, Gerenaldo de Souza Porto, para efetuar a inscri\u00e7\u00e3o o produtor rural ter\u00e1 que doar 1 quilo de alimento n\u00e3o perec\u00edvel. \u201cEstamos cobrando esta doa\u00e7\u00e3o para ajudar o hospital Cura D&#8217;Ars, que enfrenta dificuldades neste momento. Pedimos apenas que n\u00e3o sejam doados sal e farinha\u201d, explica Gerenaldo Sousa.<\/p>\n<p><img decoding=\"async\" src=\"http:\/\/aconteceunovale.com.br\/portal\/wp-content\/uploads\/2014\/09\/simposio_leite_machacalis.jpg\" alt=\"\" \/><em>Gerenaldo de Sousa Porto, presidente do Sindicato dos Produtores Rurais de Machacalis, ao lado de Celso Furtado J\u00fanior, Assessor de Planejamento da Faemg (Foto: Ulisses Silveira Costa)<\/em><br \/>\n<\/br><\/p>\n<p>Ainda de acordo com o presidente, a ideia da realiza\u00e7\u00e3o do simp\u00f3sio j\u00e1 existia antes mesmo dele assumir a dire\u00e7\u00e3o do sindicato. \u201cCerca de 80% dos produtores rurais da nossa regi\u00e3o trabalham com o leite, e mesmo aqueles que trabalham com o gado de corte, tamb\u00e9m acabam trabalhando com vacas e a produ\u00e7\u00e3o de leite. Por isso tinha a ideia de fazer algo relacionado ao leite, mesmo quando ainda era mobilizador, no entanto, s\u00f3 ap\u00f3s assumir a presid\u00eancia do sindicato conseguir fechar as parcerias para a realiza\u00e7\u00e3o do simp\u00f3sio em Machacalis.\u201d<\/p>\n<p>O evento \u00e9 uma realiza\u00e7\u00e3o do Sindicato dos Produtores Rurais de Machacalis, em parceria com a Federa\u00e7\u00e3o da Agricultura e Pecu\u00e1ria do Estado de Minas Gerais (Faemg), Servi\u00e7o Nacional de Aprendizagem Rural (Senar Minas), Empresa de Assist\u00eancia T\u00e9cnica e Extens\u00e3o Rural do Estado de Minas Gerais (Emater), Servi\u00e7o de Apoio \u00e0s Micro e Pequenas Empresas de Minas Gerais (Sebrae) Sicoob e C\u00e2mara Municipal.<\/p>\n<p>\u201cEste \u00e9 o primeiro simp\u00f3sio que envolve todas as \u00e1reas da produ\u00e7\u00e3o de leite. N\u00f3s buscamos alternativas para aumentar a efici\u00eancia na produ\u00e7\u00e3o leiteira e fazer com que o produtor se sinta cada vez mais valorizado, tendo mais seguran\u00e7a naquilo que faz\u201d, declara Gerenaldo.<\/p>\n<h4>Veja as palestras programadas:<\/h4>\n<p>&#8211; Gest\u00e3o no Campo, ministrada pela instrutora do Senar Minas, Te\u00ed Gazzinelli; &#8211; Manejo do pastejo como forma de intensificar a produ\u00e7\u00e3o de leite em pastos tropicais &#8211; com Sila Carneiro da Silva do Sebrae; &#8211; Cadastro Ambiental Rural &#8211; conduzida por um representante da Faemg. Outras informa\u00e7\u00f5es poder\u00e3o ser obtidas pelo telefone (33) 3627-1353.<\/p>\n<p><strong><em>(Fonte: Inter TV dos Vales)<\/em><\/strong><\/p>\n","protected":false},"excerpt":{"rendered":"<p>Evento ser\u00e1 realizado no dia 19 de setembro, no Clube Ajoma. Para inscri\u00e7\u00e3o \u00e9 cobrado um quilo de alimento n\u00e3o perec\u00edvel. Machacalis, no Vale do Mucuri, recebe o Primeiro Simp\u00f3sio de Leite da regi\u00e3o no dia 19 de setembro, a partir de 12h30, no Clube Ajoma. S\u00e3o convidados a participar do evento, produtores rurais de [&hellip;]<\/p>\n","protected":false},"author":1,"featured_media":39530,"comment_status":"open","ping_status":"closed","sticky":false,"template":"","format":"standard","meta":{"amp_status":"","footnotes":""},"categories":[125],"tags":[15676,15677,2236,15675],"class_list":["post-39529","post","type-post","status-publish","format-standard","has-post-thumbnail","hentry","category-noticias","tag-1-simposio-de-leite-no-vale-do-mucuri","tag-1-simposio-de-leite-no-vale-do-mucuri-em-machacalis","tag-machacalis","tag-machacalis-recebe-o-1-simposio-de-leite-no-vale-do-mucuri"],"_links":{"self":[{"href":"https:\/\/aconteceunovale.com.br\/portal\/index.php?rest_route=\/wp\/v2\/posts\/39529","targetHints":{"allow":["GET"]}}],"collection":[{"href":"https:\/\/aconteceunovale.com.br\/portal\/index.php?rest_route=\/wp\/v2\/posts"}],"about":[{"href":"https:\/\/aconteceunovale.com.br\/portal\/index.php?rest_route=\/wp\/v2\/types\/post"}],"author":[{"embeddable":true,"href":"https:\/\/aconteceunovale.com.br\/portal\/index.php?rest_route=\/wp\/v2\/users\/1"}],"replies":[{"embeddable":true,"href":"https:\/\/aconteceunovale.com.br\/portal\/index.php?rest_route=%2Fwp%2Fv2%2Fcomments&post=39529"}],"version-history":[{"count":0,"href":"https:\/\/aconteceunovale.com.br\/portal\/index.php?rest_route=\/wp\/v2\/posts\/39529\/revisions"}],"wp:featuredmedia":[{"embeddable":true,"href":"https:\/\/aconteceunovale.com.br\/portal\/index.php?rest_route=\/wp\/v2\/media\/39530"}],"wp:attachment":[{"href":"https:\/\/aconteceunovale.com.br\/portal\/index.php?rest_route=%2Fwp%2Fv2%2Fmedia&parent=39529"}],"wp:term":[{"taxonomy":"category","embeddable":true,"href":"https:\/\/aconteceunovale.com.br\/portal\/index.php?rest_route=%2Fwp%2Fv2%2Fcategories&post=39529"},{"taxonomy":"post_tag","embeddable":true,"href":"https:\/\/aconteceunovale.com.br\/portal\/index.php?rest_route=%2Fwp%2Fv2%2Ftags&post=39529"}],"curies":[{"name":"wp","href":"https:\/\/api.w.org\/{rel}","templated":true}]}}