{"id":39286,"date":"2014-09-04T20:22:13","date_gmt":"2014-09-04T23:22:13","guid":{"rendered":"http:\/\/aconteceunovale.com.br\/portal\/?p=39286"},"modified":"2014-09-04T20:36:17","modified_gmt":"2014-09-04T23:36:17","slug":"resultado-das-investigacoes-da-operacao-violencia-invisivel-serao-divulgados-nesta-sexta","status":"publish","type":"post","link":"https:\/\/aconteceunovale.com.br\/portal\/?p=39286","title":{"rendered":"Resultado das investiga\u00e7\u00f5es da Opera\u00e7\u00e3o Viol\u00eancia Invis\u00edvel ser\u00e1 divulgado nesta sexta"},"content":{"rendered":"<p>O Minist\u00e9rio P\u00fablico do Estado de Minas Gerais vai apresentar nesta sexta-feira, 5 de setembro, em coletiva marcada para as 13 horas, em Montes Claros, no Norte de Minas Gerais, os resultados das investiga\u00e7\u00f5es desencadeadas a partir da Opera\u00e7\u00e3o Viol\u00eancia Invis\u00edvel. <\/p>\n<p>A Opera\u00e7\u00e3o foi deflagrada na manh\u00e3 do dia 2 de julho de 2013, pela Pol\u00edcia Federal com a participa\u00e7\u00e3o do Minist\u00e9rio P\u00fablico de Minas Gerais e da Receita Federal, com o objetivo de desarticular organiza\u00e7\u00e3o criminosa que desviava recursos p\u00fablicos de mais de uma centena de cidades dos estados de Minas Gerais, Esp\u00edrito Santo, S\u00e3o Paulo, Par\u00e1, Sergipe, Santa Catarina, Rio de Janeiro, Pernambuco, Para\u00edba, Maranh\u00e3o e Bahia, por meio de fraudes em processos licitat\u00f3rios destinados \u00e0 aquisi\u00e7\u00e3o de precat\u00f3rios judiciais.<\/p>\n<p>A quadrilha, formada por empresas, pessoas f\u00edsicas, servidores p\u00fablicos e ex-prefeitos, fraudava processos licitat\u00f3rios, direcionando as contrata\u00e7\u00f5es a uma das empresas integrantes da organiza\u00e7\u00e3o criminosa. Essa empresa vencia as licita\u00e7\u00f5es com o compromisso de fazer a compensa\u00e7\u00e3o entre precat\u00f3rios judiciais e as d\u00edvidas das prefeituras, sob o argumento de uma economia de at\u00e9 30% sobre os valores devidos ao INSS, pr\u00e1tica proibida expressamente pela lei.<\/p>\n<p>Os munic\u00edpios mineiros que sofreram com a a\u00e7\u00e3o do grupo criminoso foram: \u00c1guas Vermelhas\/MG, Capelinha\/MG, Caratinga\/MG, Ipatinga\/MG, Itambacuri\/MG, Jana\u00faba\/MG, Montes Claros\/MG, Pirapora\/MG, Rio Pardo de Minas\/MG, V\u00e1rzea da Palma\/MG, Varzel\u00e2ndia\/MG, al\u00e9m do CISRUN \u2013 Cons\u00f3rcio intermunicipal de Sa\u00fade da Rede de Urg\u00eancia do Norte de Minas. Somente em Minas Gerais foram desviados mais de R$ 70 milh\u00f5es.<\/p>\n<p>Durante a coletiva marcada para amanh\u00e3, os MPMG dever\u00e1 anunciar os nomes dos indiciados, que a partir da den\u00fancia ficar\u00e3o \u00e0 disposi\u00e7\u00e3o da Justi\u00e7a. Os denunciados responder\u00e3o por crimes contra a administra\u00e7\u00e3o p\u00fablica, forma\u00e7\u00e3o de quadrilha, falsidade ideol\u00f3gica e lavagem de dinheiro, fraude \u00e0s licita\u00e7\u00f5es, corrup\u00e7\u00e3o ativa e passiva, dentre outros.<\/p>\n<p><em>(Informa\u00e7\u00f5es e imagem da Ag\u00eancia de Not\u00edcias da Pol\u00edcia Federal)<\/em><\/p>\n","protected":false},"excerpt":{"rendered":"<p>O Minist\u00e9rio P\u00fablico do Estado de Minas Gerais vai apresentar nesta sexta-feira, 5 de setembro, em coletiva marcada para as 13 horas, em Montes Claros, no Norte de Minas Gerais, os resultados das investiga\u00e7\u00f5es desencadeadas a partir da Opera\u00e7\u00e3o Viol\u00eancia Invis\u00edvel. A Opera\u00e7\u00e3o foi deflagrada na manh\u00e3 do dia 2 de julho de 2013, pela [&hellip;]<\/p>\n","protected":false},"author":1,"featured_media":23465,"comment_status":"open","ping_status":"closed","sticky":false,"template":"","format":"standard","meta":{"amp_status":"","footnotes":""},"categories":[123],"tags":[4202,2379,132,237,4484,201,188,204,15365,131,210,15361,15362,15364,12300,254,15366,15360,1104,421,15363,2382,6532,1340,1713],"class_list":["post-39286","post","type-post","status-publish","format-standard","has-post-thumbnail","hentry","category-gerais","tag-aguas-vermelhas","tag-bahia","tag-capelinha","tag-caratinga","tag-espirito-santo","tag-ipatinga","tag-itambacuri","tag-janauba","tag-maranhao","tag-minas-gerais","tag-montes-claros","tag-operacao-violencia-invisivel","tag-para","tag-paraiba","tag-pernambuco","tag-pirapora","tag-resultado-das-investigacoes-da-operacao-violencia-invisivel-sera-divulgado-nesta-sexta","tag-resultado-das-investigacoes-da-operacao-violencia-invisivel-serao-divulgados-nesta-sexta","tag-rio-de-janeiro","tag-rio-pardo-de-minas","tag-santa-catarina","tag-sao-paulo","tag-sergipe","tag-varzea-da-palma","tag-varzelandia"],"_links":{"self":[{"href":"https:\/\/aconteceunovale.com.br\/portal\/index.php?rest_route=\/wp\/v2\/posts\/39286","targetHints":{"allow":["GET"]}}],"collection":[{"href":"https:\/\/aconteceunovale.com.br\/portal\/index.php?rest_route=\/wp\/v2\/posts"}],"about":[{"href":"https:\/\/aconteceunovale.com.br\/portal\/index.php?rest_route=\/wp\/v2\/types\/post"}],"author":[{"embeddable":true,"href":"https:\/\/aconteceunovale.com.br\/portal\/index.php?rest_route=\/wp\/v2\/users\/1"}],"replies":[{"embeddable":true,"href":"https:\/\/aconteceunovale.com.br\/portal\/index.php?rest_route=%2Fwp%2Fv2%2Fcomments&post=39286"}],"version-history":[{"count":0,"href":"https:\/\/aconteceunovale.com.br\/portal\/index.php?rest_route=\/wp\/v2\/posts\/39286\/revisions"}],"wp:featuredmedia":[{"embeddable":true,"href":"https:\/\/aconteceunovale.com.br\/portal\/index.php?rest_route=\/wp\/v2\/media\/23465"}],"wp:attachment":[{"href":"https:\/\/aconteceunovale.com.br\/portal\/index.php?rest_route=%2Fwp%2Fv2%2Fmedia&parent=39286"}],"wp:term":[{"taxonomy":"category","embeddable":true,"href":"https:\/\/aconteceunovale.com.br\/portal\/index.php?rest_route=%2Fwp%2Fv2%2Fcategories&post=39286"},{"taxonomy":"post_tag","embeddable":true,"href":"https:\/\/aconteceunovale.com.br\/portal\/index.php?rest_route=%2Fwp%2Fv2%2Ftags&post=39286"}],"curies":[{"name":"wp","href":"https:\/\/api.w.org\/{rel}","templated":true}]}}