{"id":39283,"date":"2014-09-04T19:15:45","date_gmt":"2014-09-04T22:15:45","guid":{"rendered":"http:\/\/aconteceunovale.com.br\/portal\/?p=39283"},"modified":"2014-09-04T19:15:45","modified_gmt":"2014-09-04T22:15:45","slug":"associacao-dos-pracas-do-nordeste-mineiro-faz-campanha-no-dia-do-soldado","status":"publish","type":"post","link":"https:\/\/aconteceunovale.com.br\/portal\/?p=39283","title":{"rendered":"Associa\u00e7\u00e3o dos Pra\u00e7as do Nordeste Mineiro faz campanha no Dia do Soldado"},"content":{"rendered":"<p>No dia 25 de Agosto, \u00e9 comemorado o dia do Soldado. Comemora-se o dia daquele a quem se d\u00e1 a miss\u00e3o de defender a P\u00e1tria, o que imp\u00f5e a cada soldado servid\u00f5es que transcendem sua pr\u00f3pria exist\u00eancia, e que s\u00f3 encontram abrigo em profissionais vocacionados. Isso exige amor \u00e0 profiss\u00e3o e dedica\u00e7\u00e3o integral, por\u00e9m ao longo do tempo o Dia do Soldado foi perdendo sua popularidade e n\u00e3o mais \u00e9 um dia p\u00fablico de festividades, no entanto esse ano a data foi muito bem lembrada e comemorada pela Associa\u00e7\u00e3o dos Pra\u00e7as do Nordeste Mineiro, que prestou homenagem \u00e0 classe atrav\u00e9s de v\u00e1rios outdoors e faixas espalhados pela cidade. <\/p>\n<p><img decoding=\"async\" src=\"http:\/\/aconteceunovale.com.br\/portal\/wp-content\/uploads\/2014\/09\/dia_do_soldado_apnm.jpg\" alt=\"\" \/><em>(Outdoors e faixas espalhados pela cidade &#8211; Foto: Divulga\u00e7\u00e3o)<\/em><br \/>\n<\/br><\/p>\n<p>Os artigos publicit\u00e1rios puderam contar com os pr\u00f3prios militares como modelos, sendo eles de v\u00e1rios setores da seguran\u00e7a p\u00fablica. Uma iniciativa inovadora, e que nunca antes havia sido feita de tal forma. O presidente da associa\u00e7\u00e3o, o SD Nathan ainda ressaltou \u201cTudo isso foi feito para mostrar a import\u00e2ncia e o valor de tal fun\u00e7\u00e3o daqueles que, da mais simples gradua\u00e7\u00e3o ao mais alto posto militar est\u00e3o sempre empenhados em cumprir da melhor forma poss\u00edvel o seu dever.\u201d Sendo assim deixamos aqui expresso o nosso reconhecimento aos bravos soldados que arriscam suas vidas por nossa seguran\u00e7a. Parab\u00e9ns!<\/p>\n","protected":false},"excerpt":{"rendered":"<p>No dia 25 de Agosto, \u00e9 comemorado o dia do Soldado. Comemora-se o dia daquele a quem se d\u00e1 a miss\u00e3o de defender a P\u00e1tria, o que imp\u00f5e a cada soldado servid\u00f5es que transcendem sua pr\u00f3pria exist\u00eancia, e que s\u00f3 encontram abrigo em profissionais vocacionados. Isso exige amor \u00e0 profiss\u00e3o e dedica\u00e7\u00e3o integral, por\u00e9m ao [&hellip;]<\/p>\n","protected":false},"author":1,"featured_media":39284,"comment_status":"open","ping_status":"closed","sticky":false,"template":"","format":"standard","meta":{"amp_status":"","footnotes":""},"categories":[122],"tags":[5191,15358,15359],"class_list":["post-39283","post","type-post","status-publish","format-standard","has-post-thumbnail","hentry","category-mucuri","tag-associacao-dos-pracas-do-nordeste-mineiro","tag-associacao-dos-pracas-do-nordeste-mineiro-faz-campanha-no-dia-do-soldado","tag-dia-do-soldado"],"_links":{"self":[{"href":"https:\/\/aconteceunovale.com.br\/portal\/index.php?rest_route=\/wp\/v2\/posts\/39283","targetHints":{"allow":["GET"]}}],"collection":[{"href":"https:\/\/aconteceunovale.com.br\/portal\/index.php?rest_route=\/wp\/v2\/posts"}],"about":[{"href":"https:\/\/aconteceunovale.com.br\/portal\/index.php?rest_route=\/wp\/v2\/types\/post"}],"author":[{"embeddable":true,"href":"https:\/\/aconteceunovale.com.br\/portal\/index.php?rest_route=\/wp\/v2\/users\/1"}],"replies":[{"embeddable":true,"href":"https:\/\/aconteceunovale.com.br\/portal\/index.php?rest_route=%2Fwp%2Fv2%2Fcomments&post=39283"}],"version-history":[{"count":0,"href":"https:\/\/aconteceunovale.com.br\/portal\/index.php?rest_route=\/wp\/v2\/posts\/39283\/revisions"}],"wp:featuredmedia":[{"embeddable":true,"href":"https:\/\/aconteceunovale.com.br\/portal\/index.php?rest_route=\/wp\/v2\/media\/39284"}],"wp:attachment":[{"href":"https:\/\/aconteceunovale.com.br\/portal\/index.php?rest_route=%2Fwp%2Fv2%2Fmedia&parent=39283"}],"wp:term":[{"taxonomy":"category","embeddable":true,"href":"https:\/\/aconteceunovale.com.br\/portal\/index.php?rest_route=%2Fwp%2Fv2%2Fcategories&post=39283"},{"taxonomy":"post_tag","embeddable":true,"href":"https:\/\/aconteceunovale.com.br\/portal\/index.php?rest_route=%2Fwp%2Fv2%2Ftags&post=39283"}],"curies":[{"name":"wp","href":"https:\/\/api.w.org\/{rel}","templated":true}]}}