{"id":39280,"date":"2014-09-04T19:07:57","date_gmt":"2014-09-04T22:07:57","guid":{"rendered":"http:\/\/aconteceunovale.com.br\/portal\/?p=39280"},"modified":"2014-09-05T11:06:59","modified_gmt":"2014-09-05T14:06:59","slug":"motociclista-morre-em-acidente-na-br-381-em-belo-oriente","status":"publish","type":"post","link":"https:\/\/aconteceunovale.com.br\/portal\/?p=39280","title":{"rendered":"Motociclista morre em acidente na BR-381, em Belo Oriente"},"content":{"rendered":"<h4><em><strong>Motocicleta s\u00f3 parou aproximadamente 70 metros do corpo da v\u00edtima. V\u00edtima morreu na hora.<\/strong><\/em><\/h4>\n<p>Na manh\u00e3 dessa quinta-feira (4), um motociclista de 37 anos morreu ap\u00f3s sofrer um acidente na BR-381, pr\u00f3ximo a cidade de Belo Oriente, no Leste de Minas Gerais. <\/p>\n<p>De acordo com a Pol\u00edcia Rodovi\u00e1ria Federal, provavelmente o condutor Robson Santos Neres, natural de Ara\u00e7ua\u00ed, no Vale do Jequitinhonha, estava em alta velocidade e perdeu o controle da motocicleta ao entrar em uma canaleta \u00e0s margens da via.<\/p>\n<p>Ainda segundo informa\u00e7\u00f5es da PRF, para que um acidente desse aconte\u00e7a, o condutor tem que estar com uma velocidade muito acima da permitida da via. A motocicleta ficou destru\u00edda, ela s\u00f3 parou aproximadamente 70 metros do corpo da v\u00edtima.<\/p>\n<p>A per\u00edcia esteve no local e depois dos trabalhos de praxe, liberou o corpo para o Instituto M\u00e9dico Legal de Ipatinga.<\/p>\n<p><img decoding=\"async\" src=\"http:\/\/aconteceunovale.com.br\/portal\/wp-content\/uploads\/2014\/09\/acidente_moto_belo_oriente.jpg\" alt=\"\" \/><em>Motocicleta s\u00f3 parou aproximadamente 70 metros do corpo da v\u00edtima (Foto: Reprodu\u00e7\u00e3o \/ Inter TV dos Vales)<\/em><br \/>\n<\/br><\/p>\n<p><strong>(Inter TV dos Vales)<\/strong><\/p>\n","protected":false},"excerpt":{"rendered":"<p>Motocicleta s\u00f3 parou aproximadamente 70 metros do corpo da v\u00edtima. V\u00edtima morreu na hora. Na manh\u00e3 dessa quinta-feira (4), um motociclista de 37 anos morreu ap\u00f3s sofrer um acidente na BR-381, pr\u00f3ximo a cidade de Belo Oriente, no Leste de Minas Gerais. De acordo com a Pol\u00edcia Rodovi\u00e1ria Federal, provavelmente o condutor Robson Santos Neres, [&hellip;]<\/p>\n","protected":false},"author":1,"featured_media":39281,"comment_status":"open","ping_status":"closed","sticky":false,"template":"","format":"standard","meta":{"amp_status":"","footnotes":""},"categories":[121],"tags":[186,350,201,15357,15387],"class_list":["post-39280","post","type-post","status-publish","format-standard","has-post-thumbnail","hentry","category-leste","tag-aracuai","tag-belo-oriente","tag-ipatinga","tag-motociclista-morre-em-acidente-na-br-381-em-belo-oriente","tag-robson-santos-neres"],"_links":{"self":[{"href":"https:\/\/aconteceunovale.com.br\/portal\/index.php?rest_route=\/wp\/v2\/posts\/39280","targetHints":{"allow":["GET"]}}],"collection":[{"href":"https:\/\/aconteceunovale.com.br\/portal\/index.php?rest_route=\/wp\/v2\/posts"}],"about":[{"href":"https:\/\/aconteceunovale.com.br\/portal\/index.php?rest_route=\/wp\/v2\/types\/post"}],"author":[{"embeddable":true,"href":"https:\/\/aconteceunovale.com.br\/portal\/index.php?rest_route=\/wp\/v2\/users\/1"}],"replies":[{"embeddable":true,"href":"https:\/\/aconteceunovale.com.br\/portal\/index.php?rest_route=%2Fwp%2Fv2%2Fcomments&post=39280"}],"version-history":[{"count":0,"href":"https:\/\/aconteceunovale.com.br\/portal\/index.php?rest_route=\/wp\/v2\/posts\/39280\/revisions"}],"wp:featuredmedia":[{"embeddable":true,"href":"https:\/\/aconteceunovale.com.br\/portal\/index.php?rest_route=\/wp\/v2\/media\/39281"}],"wp:attachment":[{"href":"https:\/\/aconteceunovale.com.br\/portal\/index.php?rest_route=%2Fwp%2Fv2%2Fmedia&parent=39280"}],"wp:term":[{"taxonomy":"category","embeddable":true,"href":"https:\/\/aconteceunovale.com.br\/portal\/index.php?rest_route=%2Fwp%2Fv2%2Fcategories&post=39280"},{"taxonomy":"post_tag","embeddable":true,"href":"https:\/\/aconteceunovale.com.br\/portal\/index.php?rest_route=%2Fwp%2Fv2%2Ftags&post=39280"}],"curies":[{"name":"wp","href":"https:\/\/api.w.org\/{rel}","templated":true}]}}