{"id":39278,"date":"2014-09-04T19:01:23","date_gmt":"2014-09-04T22:01:23","guid":{"rendered":"http:\/\/aconteceunovale.com.br\/portal\/?p=39278"},"modified":"2014-09-04T19:01:23","modified_gmt":"2014-09-04T22:01:23","slug":"policial-rodoviario-federal-e-condenado-por-corrupcao-durante-fiscalizacao-em-caratinga","status":"publish","type":"post","link":"https:\/\/aconteceunovale.com.br\/portal\/?p=39278","title":{"rendered":"Policial Rodovi\u00e1rio Federal \u00e9 condenado por corrup\u00e7\u00e3o durante fiscaliza\u00e7\u00e3o em Caratinga"},"content":{"rendered":"<h4><em><strong>Justi\u00e7a tamb\u00e9m decretou a perda do cargo p\u00fablico exercido. Esta \u00e9 a 3\u00aa condena\u00e7\u00e3o do policial por crimes cometidos em sua fun\u00e7\u00e3o.<\/strong><\/em><\/h4>\n<p>O Minist\u00e9rio P\u00fablico Federal (MPF) decidiu nessa ter\u00e7a-feira (3) pela condena\u00e7\u00e3o do policial rodovi\u00e1rio federal L\u00e1saro Daniel Rosa Dias pelo crime de corrup\u00e7\u00e3o passiva, previsto no artigo 317 do C\u00f3digo Penal. Ele ter\u00e1 de cumprir pena de quatro anos e seis meses de pris\u00e3o, al\u00e9m de pagar multa no valor de R$ 36.784,80.<\/p>\n<p>A Justi\u00e7a Federal tamb\u00e9m decretou a perda do cargo p\u00fablico exercido pelo condenado, o que dever\u00e1 ocorrer a partir do tr\u00e2nsito em julgado da senten\u00e7a. Esta \u00e9 a terceira condena\u00e7\u00e3o de L\u00e1saro Daniel Rosa Dias, todas por crimes cometidos no exerc\u00edcio de suas fun\u00e7\u00f5es de policial rodovi\u00e1rio federal.<\/p>\n<p>Na a\u00e7\u00e3o penal n\u00ba 1474-73.2013.4.01.3819, ele foi condenado a quatro anos e dois meses de pris\u00e3o pelos crimes de associa\u00e7\u00e3o criminosa e corrup\u00e7\u00e3o passiva. A senten\u00e7a tamb\u00e9m determinou o seu afastamento das atividades funcionais. Na a\u00e7\u00e3o penal ele recebeu pena de cinco anos e quatro meses de pris\u00e3o pelo crime de extors\u00e3o.<\/p>\n<h4>Crime<\/h4>\n<p>De acordo com a den\u00fancia do Minist\u00e9rio P\u00fablico Federal, no dia 17 de setembro de 2005, quando, no exerc\u00edcio de fiscaliza\u00e7\u00e3o de rotina na BR-116, no munic\u00edpio de Caratinga, regi\u00e3o Sudeste de Minas Gerais, o acusado parou um \u00f4nibus de turismo que seguia de Ipatinga para a cidade do Rio de Janeiro.<\/p>\n<p>O policial teria alegado ter encontrado supostas irregularidades no tac\u00f3grafo e no seguro do ve\u00edculo. O L\u00e1saro Daniel Rosa Dias teria dito ao motorista que para liberar o \u00f4nibus naquelas condi\u00e7\u00f5es ele teria de receber uma quantia de R$ 1 mil. O motorista se negou a pagar o valor solicitado, porque s\u00f3 possu\u00eda R$ 70,00 na carteira, e acabou tendo o ve\u00edculo retido.<\/p>\n<p>Posteriormente, o propriet\u00e1rio da empresa de transporte coletivo procurou a Corregedoria da Pol\u00edcia Rodovi\u00e1ria Federal e denunciou o ocorrido.<\/p>\n<h4>Senten\u00e7a<\/h4>\n<p>Na senten\u00e7a, o magistrado ressaltou que a gravidade da conduta do acusado decorre do abuso de poder e da viola\u00e7\u00e3o do dever inerente ao cargo de policial, eis que o crime foi cometido \u201cno exerc\u00edcio das fun\u00e7\u00f5es de prote\u00e7\u00e3o \u00e0 comunidade e fiscaliza\u00e7\u00e3o das rodovias federais\u201d.<\/p>\n<p>Por isso, ao fixar a pena, o juiz considerou que as circunst\u00e2ncias e consequ\u00eancias do crime indicavam a necessidade de majora\u00e7\u00e3o da pena-base que, segundo o artigo 317 do C\u00f3digo Penal, \u00e9 de apenas dois anos em dois anos e seis meses, o que levou a pena definitiva ao patamar de quatro anos e seis meses.<\/p>\n<p>At\u00e9 o fim da tarde desta quinta-feira, a Pol\u00edcia Rodovi\u00e1ria Federal n\u00e3o se pronunciou oficialmente sobre o caso.<\/p>\n<p><strong><em>(Fonte: Minist\u00e9rio P\u00fablico Federal)<\/em><\/strong><\/p>\n","protected":false},"excerpt":{"rendered":"<p>Justi\u00e7a tamb\u00e9m decretou a perda do cargo p\u00fablico exercido. Esta \u00e9 a 3\u00aa condena\u00e7\u00e3o do policial por crimes cometidos em sua fun\u00e7\u00e3o. O Minist\u00e9rio P\u00fablico Federal (MPF) decidiu nessa ter\u00e7a-feira (3) pela condena\u00e7\u00e3o do policial rodovi\u00e1rio federal L\u00e1saro Daniel Rosa Dias pelo crime de corrup\u00e7\u00e3o passiva, previsto no artigo 317 do C\u00f3digo Penal. Ele ter\u00e1 [&hellip;]<\/p>\n","protected":false},"author":1,"featured_media":21319,"comment_status":"open","ping_status":"closed","sticky":false,"template":"","format":"standard","meta":{"amp_status":"","footnotes":""},"categories":[121],"tags":[237,201,15355,15356,1104],"class_list":["post-39278","post","type-post","status-publish","format-standard","has-post-thumbnail","hentry","category-leste","tag-caratinga","tag-ipatinga","tag-lasaro-daniel-rosa-dias","tag-policial-rodoviario-federal-e-condenado-por-corrupcao-durante-fiscalizacao-em-caratinga","tag-rio-de-janeiro"],"_links":{"self":[{"href":"https:\/\/aconteceunovale.com.br\/portal\/index.php?rest_route=\/wp\/v2\/posts\/39278","targetHints":{"allow":["GET"]}}],"collection":[{"href":"https:\/\/aconteceunovale.com.br\/portal\/index.php?rest_route=\/wp\/v2\/posts"}],"about":[{"href":"https:\/\/aconteceunovale.com.br\/portal\/index.php?rest_route=\/wp\/v2\/types\/post"}],"author":[{"embeddable":true,"href":"https:\/\/aconteceunovale.com.br\/portal\/index.php?rest_route=\/wp\/v2\/users\/1"}],"replies":[{"embeddable":true,"href":"https:\/\/aconteceunovale.com.br\/portal\/index.php?rest_route=%2Fwp%2Fv2%2Fcomments&post=39278"}],"version-history":[{"count":0,"href":"https:\/\/aconteceunovale.com.br\/portal\/index.php?rest_route=\/wp\/v2\/posts\/39278\/revisions"}],"wp:featuredmedia":[{"embeddable":true,"href":"https:\/\/aconteceunovale.com.br\/portal\/index.php?rest_route=\/wp\/v2\/media\/21319"}],"wp:attachment":[{"href":"https:\/\/aconteceunovale.com.br\/portal\/index.php?rest_route=%2Fwp%2Fv2%2Fmedia&parent=39278"}],"wp:term":[{"taxonomy":"category","embeddable":true,"href":"https:\/\/aconteceunovale.com.br\/portal\/index.php?rest_route=%2Fwp%2Fv2%2Fcategories&post=39278"},{"taxonomy":"post_tag","embeddable":true,"href":"https:\/\/aconteceunovale.com.br\/portal\/index.php?rest_route=%2Fwp%2Fv2%2Ftags&post=39278"}],"curies":[{"name":"wp","href":"https:\/\/api.w.org\/{rel}","templated":true}]}}