{"id":39245,"date":"2014-09-04T17:52:41","date_gmt":"2014-09-04T20:52:41","guid":{"rendered":"http:\/\/aconteceunovale.com.br\/portal\/?p=39245"},"modified":"2014-09-04T17:53:38","modified_gmt":"2014-09-04T20:53:38","slug":"comissao-de-direitos-humanos-da-almg-realiza-audiencia-publica-sobre-apac-de-aimores","status":"publish","type":"post","link":"https:\/\/aconteceunovale.com.br\/portal\/?p=39245","title":{"rendered":"Comiss\u00e3o de Direitos Humanos da ALMG realiza audi\u00eancia p\u00fablica sobre Apac de Aimor\u00e9s"},"content":{"rendered":"<h4><em><strong>Audi\u00eancia p\u00fablica vai abordar o m\u00e9todo de ressocializa\u00e7\u00e3o de presos da Apac do munic\u00edpio<\/strong><\/em><\/h4>\n<p>A Comiss\u00e3o de Direitos Humanos da Assembleia Legislativa de Minas Gerais (ALMG) vai realizar, na pr\u00f3xima segunda-feira (8\/9\/14), \u00e0s 18 horas, em Aimor\u00e9s (Vale do Rio Doce), audi\u00eancia p\u00fablica sobre a Associa\u00e7\u00e3o de Prote\u00e7\u00e3o e Assist\u00eancia aos Condenados (Apac). O objetivo \u00e9 debater o sistema prisional e o m\u00e9todo Apac no munic\u00edpio. A reuni\u00e3o ser\u00e1 realizada no F\u00f3rum Deputado \u00c1lvaro Sales (Avenida Raul Soares, 456, Centro).<\/p>\n<p><img decoding=\"async\" src=\"http:\/\/aconteceunovale.com.br\/portal\/wp-content\/uploads\/2014\/09\/apac_aimores.jpg\" alt=\"\" \/><em>A Comiss\u00e3o de Direitos Humanos esteve na Apac de Alfenas em 13\/8 &#8211; Foto: Guilherme Dardanhan<\/em><br \/>\n<\/br><\/p>\n<p>A comiss\u00e3o j\u00e1 visitou v\u00e1rias unidades da Apac e tem discutido a situa\u00e7\u00e3o do sistema prisional em v\u00e1rios munic\u00edpios. O autor do requerimento para a reuni\u00e3o, deputado Durval \u00c2ngelo (PT), afirma que o objetivo da Apac \u00e9 \u201cproteger a comunidade, socializando os infratores condenados pela Justi\u00e7a, tornando-os cidad\u00e3os \u00fateis, cumpridores de seus deveres e obriga\u00e7\u00f5es\u201d.<\/p>\n<p>A Apac \u00e9 uma entidade civil de direito privado, dedicada \u00e0 recupera\u00e7\u00e3o e reintegra\u00e7\u00e3o social dos condenados a penas privativas de liberdade. Opera como entidade auxiliar dos poderes Judici\u00e1rio e Executivo, respectivamente, na execu\u00e7\u00e3o penal e na administra\u00e7\u00e3o do cumprimento das penas nos regimes fechado, semi-aberto e aberto. O objetivo da entidade \u00e9 promover a humaniza\u00e7\u00e3o das pris\u00f5es, sem perder de vista a finalidade punitiva da pena. Seu prop\u00f3sito \u00e9 evitar a reincid\u00eancia no crime e oferecer alternativas para o condenado se recuperar.<\/p>\n<h4>Convidados<\/h4>\n<p>Foram convidadas para a audi\u00eancia p\u00fablica as seguintes autoridades de Aimor\u00e9s: o prefeito Alaerte da Silva; o presidente da C\u00e2mara Municipal, Sebasti\u00e3o Ferreira de Souza; juiz diretor do foro da comarca, Braulino Corr\u00eaa da Rocha Neto; o comandante em exerc\u00edcio da 49\u00ba Companhia da Pol\u00edcia Militar, 1\u00ba tenente Gledson Vidal Pedroni; o delegado-chefe da Pol\u00edcia Civil, Andr\u00e9 Dias Nunes; o promotor Felipe Valente Vasconcelos Sousa; a presidente da 153\u00aa Subse\u00e7\u00e3o da Ordem dos Advogados do Brasil (OAB-MG), Maria da Gl\u00f3ria Rabello Teixeira Rezende; o coordenador do curso de Direito da Unipac Aimor\u00e9s, Andr\u00e9 Vidal de Freitas; o  coordenador da Pastoral Carcer\u00e1ria, Luiz Melchiades Costa; e o deputado federal Leonardo Monteiro. (ALMG)<\/p>\n","protected":false},"excerpt":{"rendered":"<p>Audi\u00eancia p\u00fablica vai abordar o m\u00e9todo de ressocializa\u00e7\u00e3o de presos da Apac do munic\u00edpio A Comiss\u00e3o de Direitos Humanos da Assembleia Legislativa de Minas Gerais (ALMG) vai realizar, na pr\u00f3xima segunda-feira (8\/9\/14), \u00e0s 18 horas, em Aimor\u00e9s (Vale do Rio Doce), audi\u00eancia p\u00fablica sobre a Associa\u00e7\u00e3o de Prote\u00e7\u00e3o e Assist\u00eancia aos Condenados (Apac). O objetivo [&hellip;]<\/p>\n","protected":false},"author":1,"featured_media":39246,"comment_status":"open","ping_status":"closed","sticky":false,"template":"","format":"standard","meta":{"amp_status":"","footnotes":""},"categories":[121],"tags":[273,15350,15349],"class_list":["post-39245","post","type-post","status-publish","format-standard","has-post-thumbnail","hentry","category-leste","tag-aimores","tag-comissao-de-direitos-humanos-da-almg-realiza-audiencia-publica-sobre-apac-de-aimores","tag-comissao-de-direitos-humanos-da-almg-realiza-audiencia-publica-sobre-o-sistema-prisional-de-aimores"],"_links":{"self":[{"href":"https:\/\/aconteceunovale.com.br\/portal\/index.php?rest_route=\/wp\/v2\/posts\/39245","targetHints":{"allow":["GET"]}}],"collection":[{"href":"https:\/\/aconteceunovale.com.br\/portal\/index.php?rest_route=\/wp\/v2\/posts"}],"about":[{"href":"https:\/\/aconteceunovale.com.br\/portal\/index.php?rest_route=\/wp\/v2\/types\/post"}],"author":[{"embeddable":true,"href":"https:\/\/aconteceunovale.com.br\/portal\/index.php?rest_route=\/wp\/v2\/users\/1"}],"replies":[{"embeddable":true,"href":"https:\/\/aconteceunovale.com.br\/portal\/index.php?rest_route=%2Fwp%2Fv2%2Fcomments&post=39245"}],"version-history":[{"count":0,"href":"https:\/\/aconteceunovale.com.br\/portal\/index.php?rest_route=\/wp\/v2\/posts\/39245\/revisions"}],"wp:featuredmedia":[{"embeddable":true,"href":"https:\/\/aconteceunovale.com.br\/portal\/index.php?rest_route=\/wp\/v2\/media\/39246"}],"wp:attachment":[{"href":"https:\/\/aconteceunovale.com.br\/portal\/index.php?rest_route=%2Fwp%2Fv2%2Fmedia&parent=39245"}],"wp:term":[{"taxonomy":"category","embeddable":true,"href":"https:\/\/aconteceunovale.com.br\/portal\/index.php?rest_route=%2Fwp%2Fv2%2Fcategories&post=39245"},{"taxonomy":"post_tag","embeddable":true,"href":"https:\/\/aconteceunovale.com.br\/portal\/index.php?rest_route=%2Fwp%2Fv2%2Ftags&post=39245"}],"curies":[{"name":"wp","href":"https:\/\/api.w.org\/{rel}","templated":true}]}}