{"id":39239,"date":"2014-09-04T17:27:51","date_gmt":"2014-09-04T20:27:51","guid":{"rendered":"http:\/\/aconteceunovale.com.br\/portal\/?p=39239"},"modified":"2014-09-04T17:28:04","modified_gmt":"2014-09-04T20:28:04","slug":"prefeito-de-sao-goncalo-do-rio-preto-cancela-festa-da-cidade-e-alega-problemas-financeiros","status":"publish","type":"post","link":"https:\/\/aconteceunovale.com.br\/portal\/?p=39239","title":{"rendered":"Prefeito de S\u00e3o Gon\u00e7alo do Rio Preto cancela festa da cidade e alega problemas financeiros"},"content":{"rendered":"<p>O prefeito da cidade de S\u00e3o Gon\u00e7alo do Rio Preto, no Vale do Jequitinhonha, divulgou no in\u00edcio desta semana, uma nota cancelando o evento &#8220;2\u00ba Rio Preto Fest Show&#8221;. A justificativa para o cancelamento da festa, de acordo M\u00e1rcio Manoel Moura, seriam fatos relacionados \u00e0 atua\u00e7\u00e3o de for\u00e7as pol\u00edticas parlamentares opositoras a realiza\u00e7\u00e3o do evento, recorr\u00eancia de den\u00fancias infundadas, burocracia enfrentada na contrata\u00e7\u00e3o de shows e o alto custo de investimento.<\/p>\n<p><img decoding=\"async\" src=\"http:\/\/aconteceunovale.com.br\/portal\/wp-content\/uploads\/2014\/09\/sao_goncalo_do_rio_preto.jpg\" alt=\"\" \/><em>Igreja do Ros\u00e1rio, um dos pontos tur\u00edsticos de S\u00e3o Gon\u00e7alo do Rio Preto &#8211; Foto: S\u00e9rgio Mour\u00e3o\/Reprodu\u00e7\u00e3o<\/em><br \/>\n<\/br><\/p>\n<p><strong>Leia na \u00edntegra, o comunicado divulgado a popula\u00e7\u00e3o:<\/strong><\/p>\n<p><em>A Prefeitura Municipal de S\u00e3o Gon\u00e7alo do Rio Preto informa a toda popula\u00e7\u00e3o, com pesar, que n\u00e3o realizar\u00e1, na data agendada, o aguardado &#8220;2\u00ba Rio Preto Fest Show&#8221;, inicialmente previsto para os dias 11 a 14 de setembro de 2014.<\/p>\n<p>As raz\u00f5es que fundamentam a medida s\u00e3o diversas e se justificam por fatos relacionados \u00e0 atua\u00e7\u00e3o de for\u00e7as pol\u00edticas parlamentares opositoras \u00e0 realiza\u00e7\u00e3o do evento, recorr\u00eancia de den\u00fancias infundadas, que promovem consider\u00e1vel desgaste p\u00fablico, burocracia enfrentada pela municipalidade na realiza\u00e7\u00e3o de contratos com shows e empresas de estrutura de eventos, al\u00e9m, por fim do alto custo de investimento, de dif\u00edcil realiza\u00e7\u00e3o no momento financeiro pelo qual atravessa a Prefeitura Municipal, o Estado de Minas Gerais, sen\u00e3o o pr\u00f3prio pa\u00eds. <\/p>\n<p>De toda forma, atua\u00e7\u00e3o p\u00fablica do munic\u00edpio de S\u00e3o Gon\u00e7alo do Rio Preto ocorrer\u00e1 com primazia no fomento \u00e0 sa\u00fade e educa\u00e7\u00e3o, conforme determina a Constitui\u00e7\u00e3o Federal, sendo certo que o evento festivo, permanecer\u00e1 na agenda p\u00fablica e ser\u00e1 realizado em data futura, com a devida organiza\u00e7\u00e3o e divulga\u00e7\u00e3o a toda popula\u00e7\u00e3o riopretana.<\/em><\/p>\n","protected":false},"excerpt":{"rendered":"<p>O prefeito da cidade de S\u00e3o Gon\u00e7alo do Rio Preto, no Vale do Jequitinhonha, divulgou no in\u00edcio desta semana, uma nota cancelando o evento &#8220;2\u00ba Rio Preto Fest Show&#8221;. A justificativa para o cancelamento da festa, de acordo M\u00e1rcio Manoel Moura, seriam fatos relacionados \u00e0 atua\u00e7\u00e3o de for\u00e7as pol\u00edticas parlamentares opositoras a realiza\u00e7\u00e3o do evento, [&hellip;]<\/p>\n","protected":false},"author":1,"featured_media":39240,"comment_status":"open","ping_status":"closed","sticky":false,"template":"","format":"standard","meta":{"amp_status":"","footnotes":""},"categories":[120],"tags":[15345,15344,15343,783],"class_list":["post-39239","post","type-post","status-publish","format-standard","has-post-thumbnail","hentry","category-jequi","tag-2o-rio-preto-fest-show","tag-marcio-manoel-moura","tag-prefeito-de-sao-goncalo-do-rio-preto-cancela-festa-da-cidade-e-alega-problemas-financeiros","tag-sao-goncalo-do-rio-preto"],"_links":{"self":[{"href":"https:\/\/aconteceunovale.com.br\/portal\/index.php?rest_route=\/wp\/v2\/posts\/39239","targetHints":{"allow":["GET"]}}],"collection":[{"href":"https:\/\/aconteceunovale.com.br\/portal\/index.php?rest_route=\/wp\/v2\/posts"}],"about":[{"href":"https:\/\/aconteceunovale.com.br\/portal\/index.php?rest_route=\/wp\/v2\/types\/post"}],"author":[{"embeddable":true,"href":"https:\/\/aconteceunovale.com.br\/portal\/index.php?rest_route=\/wp\/v2\/users\/1"}],"replies":[{"embeddable":true,"href":"https:\/\/aconteceunovale.com.br\/portal\/index.php?rest_route=%2Fwp%2Fv2%2Fcomments&post=39239"}],"version-history":[{"count":0,"href":"https:\/\/aconteceunovale.com.br\/portal\/index.php?rest_route=\/wp\/v2\/posts\/39239\/revisions"}],"wp:featuredmedia":[{"embeddable":true,"href":"https:\/\/aconteceunovale.com.br\/portal\/index.php?rest_route=\/wp\/v2\/media\/39240"}],"wp:attachment":[{"href":"https:\/\/aconteceunovale.com.br\/portal\/index.php?rest_route=%2Fwp%2Fv2%2Fmedia&parent=39239"}],"wp:term":[{"taxonomy":"category","embeddable":true,"href":"https:\/\/aconteceunovale.com.br\/portal\/index.php?rest_route=%2Fwp%2Fv2%2Fcategories&post=39239"},{"taxonomy":"post_tag","embeddable":true,"href":"https:\/\/aconteceunovale.com.br\/portal\/index.php?rest_route=%2Fwp%2Fv2%2Ftags&post=39239"}],"curies":[{"name":"wp","href":"https:\/\/api.w.org\/{rel}","templated":true}]}}