{"id":39139,"date":"2014-09-03T12:23:18","date_gmt":"2014-09-03T15:23:18","guid":{"rendered":"http:\/\/aconteceunovale.com.br\/portal\/?p=39139"},"modified":"2014-09-03T12:23:18","modified_gmt":"2014-09-03T15:23:18","slug":"fenics-2014-deve-movimentar-r-100-milhoes-em-montes-claros","status":"publish","type":"post","link":"https:\/\/aconteceunovale.com.br\/portal\/?p=39139","title":{"rendered":"FENICS 2014 deve movimentar R$ 100 milh\u00f5es em Montes Claros"},"content":{"rendered":"<h4><em><strong>Feira come\u00e7a nesta quinta-feira (4) e vai at\u00e9 o domingo (7). 250 estandes est\u00e3o sendo montados.<\/strong><\/em><\/h4>\n<p>Come\u00e7a nesta quinta-feira (4) a 19\u00aa edi\u00e7\u00e3o da Feira Nacional da Ind\u00fastria, Com\u00e9rcio e Servi\u00e7os de Montes Claros (Fenics). A expectativa dos organizadores \u00e9 de que sejam gerados R$ 100 milh\u00f5es em neg\u00f3cios. 250 estandes de 12 segmentos empresariais est\u00e3o sendo montados. Neste ano h\u00e1 algumas novidades; os espa\u00e7os destinados \u00e0 pesca, \u00e0s formaturas e \u00e0 moda. O evento \u00e9 realizado at\u00e9 o domingo (7).<\/p>\n<p>&#8220;A Fenics \u00e9 uma vitrine, podemos mostrar o que temos na regi\u00e3o para o Brasil inteiro&#8221;, afirma Edilson Torquato. O Presidente da Associa\u00e7\u00e3o Comercial Industrial e de Servi\u00e7os de Montes Claros, que promove a feira, tamb\u00e9m destaca que a cria\u00e7\u00e3o de novos espa\u00e7os nesta edi\u00e7\u00e3o tem como objetivos auxiliar no fortalecimento destes segmentos e tamb\u00e9m atrair mais visitantes.<\/p>\n<p>Ernandes Ferreira tem uma loja de m\u00f3veis e participa a 14 anos da Fenics. Com a proximidade da feira ele conta que refor\u00e7a o estoque. &#8220;Todos os anos temos conseguido um crescimento de 10% a 15% em neg\u00f3cios gerados na feira.&#8221;<\/p>\n<p>O diretor de uma concession\u00e1ria que tamb\u00e9m participa h\u00e1 v\u00e1rios anos do evento espera um aumento entre 10% e 20% em neg\u00f3cios fechados durante a Fenics. &#8220;A feira atrai visitantes de toda a regi\u00e3o e tem dado bons resultados, estamos muitos satisfeitos. Se o n\u00famero de expositores aumenta, teremos mais p\u00fablico e mais neg\u00f3cios gerados&#8221;, fala Paulo Santiago.<\/p>\n<p>Ros\u00e2ngela Ruas, que montou uma loja h\u00e1 um ano na cidade, tamb\u00e9m est\u00e1 otimista com a estreia na feira. &#8220;A Fenics \u00e9 uma oportunidade para mostrarmos nossos produtos e para gera\u00e7\u00e3o de neg\u00f3cios.&#8221;<\/p>\n<h4><strong>Agenda de shows<\/strong><\/h4>\n<p>04\/09 (Quinta-feira)<br \/>\n&#8211; 21h &#8211; Marcos Paracatu e Banda<\/p>\n<p>05\/09 (Sexta-feira)<br \/>\n&#8211; 20h &#8211; Lucas Raniere<br \/>\n&#8211; 22h &#8211; Quarteto Matul\u00e3o<\/p>\n<p>06\/09 (S\u00e1bado)<br \/>\n&#8211; 20h &#8211; Tatarana Trio<br \/>\n&#8211; 22h &#8211; Banda Maracutaia<\/p>\n<p>07\/09 (Domingo)<br \/>\n&#8211; 20h &#8211; Acad\u00eamicos do Samba (Samba)<\/p>\n<p>A entrada da Fenics custa R$ 6 e pode ser adquirida no local do evento, no parque de Exposi\u00e7\u00f5es Jo\u00e3o Alencar Athayde, ou na sede da ACI na Rua Carlos Gomes, n\u00famero 110 no Centro. (G1)<\/p>\n","protected":false},"excerpt":{"rendered":"<p>Feira come\u00e7a nesta quinta-feira (4) e vai at\u00e9 o domingo (7). 250 estandes est\u00e3o sendo montados. Come\u00e7a nesta quinta-feira (4) a 19\u00aa edi\u00e7\u00e3o da Feira Nacional da Ind\u00fastria, Com\u00e9rcio e Servi\u00e7os de Montes Claros (Fenics). A expectativa dos organizadores \u00e9 de que sejam gerados R$ 100 milh\u00f5es em neg\u00f3cios. 250 estandes de 12 segmentos empresariais [&hellip;]<\/p>\n","protected":false},"author":1,"featured_media":19404,"comment_status":"open","ping_status":"closed","sticky":false,"template":"","format":"standard","meta":{"amp_status":"","footnotes":""},"categories":[1236],"tags":[15270,15269,15271,210],"class_list":["post-39139","post","type-post","status-publish","format-standard","has-post-thumbnail","hentry","category-norte_de_minas","tag-19a-fenics","tag-fenics-2014","tag-fenics-2014-deve-movimentar-r-100-milhoes-em-montes-claros","tag-montes-claros"],"_links":{"self":[{"href":"https:\/\/aconteceunovale.com.br\/portal\/index.php?rest_route=\/wp\/v2\/posts\/39139","targetHints":{"allow":["GET"]}}],"collection":[{"href":"https:\/\/aconteceunovale.com.br\/portal\/index.php?rest_route=\/wp\/v2\/posts"}],"about":[{"href":"https:\/\/aconteceunovale.com.br\/portal\/index.php?rest_route=\/wp\/v2\/types\/post"}],"author":[{"embeddable":true,"href":"https:\/\/aconteceunovale.com.br\/portal\/index.php?rest_route=\/wp\/v2\/users\/1"}],"replies":[{"embeddable":true,"href":"https:\/\/aconteceunovale.com.br\/portal\/index.php?rest_route=%2Fwp%2Fv2%2Fcomments&post=39139"}],"version-history":[{"count":0,"href":"https:\/\/aconteceunovale.com.br\/portal\/index.php?rest_route=\/wp\/v2\/posts\/39139\/revisions"}],"wp:featuredmedia":[{"embeddable":true,"href":"https:\/\/aconteceunovale.com.br\/portal\/index.php?rest_route=\/wp\/v2\/media\/19404"}],"wp:attachment":[{"href":"https:\/\/aconteceunovale.com.br\/portal\/index.php?rest_route=%2Fwp%2Fv2%2Fmedia&parent=39139"}],"wp:term":[{"taxonomy":"category","embeddable":true,"href":"https:\/\/aconteceunovale.com.br\/portal\/index.php?rest_route=%2Fwp%2Fv2%2Fcategories&post=39139"},{"taxonomy":"post_tag","embeddable":true,"href":"https:\/\/aconteceunovale.com.br\/portal\/index.php?rest_route=%2Fwp%2Fv2%2Ftags&post=39139"}],"curies":[{"name":"wp","href":"https:\/\/api.w.org\/{rel}","templated":true}]}}