{"id":39137,"date":"2014-09-03T12:12:03","date_gmt":"2014-09-03T15:12:03","guid":{"rendered":"http:\/\/aconteceunovale.com.br\/portal\/?p=39137"},"modified":"2014-09-03T12:12:03","modified_gmt":"2014-09-03T15:12:03","slug":"homem-e-morto-a-tiros-em-bar-de-governador-valadares","status":"publish","type":"post","link":"https:\/\/aconteceunovale.com.br\/portal\/?p=39137","title":{"rendered":"Homem \u00e9 morto a tiros em bar de Governador Valadares"},"content":{"rendered":"<h4><em><strong>Suspeito pediu informa\u00e7\u00e3o no bar, foi em dire\u00e7\u00e3o \u00e0 v\u00edtima e efetuou os disparos. N\u00famero de homic\u00eddios em GV chega a 90, em nove meses.<\/strong><\/em><\/h4>\n<p>Um homem de 33 anos foi morto a tiros na noite dessa ter\u00e7a-feira (02), no Bairro Jardim do Trevo, em Governador Valadares, no Leste de Minas. De acordo com a Pol\u00edcia Militar, Edmar Mendes da Silva estava em um bar quando foi surpreendida pelo autor do crime, que fez cinco disparos \u00e0 queima roupa.<\/p>\n<p>O propriet\u00e1rio do bar disse para pol\u00edcia que o suspeito chegou perguntando se ali fazia recarga de celular, e assim que ouviu a resposta o homem foi em dire\u00e7\u00e3o \u00e0 v\u00edtima, efetuou os disparos e  fugiu do local em um carro.<\/p>\n<p>O SAMU prestou os primeiros socorros, mas a v\u00edtima j\u00e1 estava sem vida. Um perito constatou que o homem teve cinco perfura\u00e7\u00f5es no corpo, sendo uma na cabe\u00e7a.<\/p>\n<p>A pol\u00edcia realiza rastreamentos com intuito de localizar o autor, por\u00e9m, sem \u00eaxito at\u00e9 o momento. Segundo a PM, a v\u00edtima tinha passagem por tr\u00e1fico de drogas e furto. Com este crime, chega a 90 o n\u00famero de homic\u00eddios em Governador Valadares, nos primeiros noves meses de 2014. (G1)<\/p>\n","protected":false},"excerpt":{"rendered":"<p>Suspeito pediu informa\u00e7\u00e3o no bar, foi em dire\u00e7\u00e3o \u00e0 v\u00edtima e efetuou os disparos. N\u00famero de homic\u00eddios em GV chega a 90, em nove meses. Um homem de 33 anos foi morto a tiros na noite dessa ter\u00e7a-feira (02), no Bairro Jardim do Trevo, em Governador Valadares, no Leste de Minas. De acordo com a [&hellip;]<\/p>\n","protected":false},"author":1,"featured_media":12845,"comment_status":"open","ping_status":"closed","sticky":false,"template":"","format":"standard","meta":{"amp_status":"","footnotes":""},"categories":[121],"tags":[15266,247,15265,15268,15267],"class_list":["post-39137","post","type-post","status-publish","format-standard","has-post-thumbnail","hentry","category-leste","tag-edmar-mendes-da-silva","tag-governador-valadares","tag-homem-e-morto-a-tiros-em-bar-de-governador-valadares","tag-homicidio-no-bairro-jardim-trevo-em-valadares","tag-morte-no-bairro-jardim-trevo-em-valadares"],"_links":{"self":[{"href":"https:\/\/aconteceunovale.com.br\/portal\/index.php?rest_route=\/wp\/v2\/posts\/39137","targetHints":{"allow":["GET"]}}],"collection":[{"href":"https:\/\/aconteceunovale.com.br\/portal\/index.php?rest_route=\/wp\/v2\/posts"}],"about":[{"href":"https:\/\/aconteceunovale.com.br\/portal\/index.php?rest_route=\/wp\/v2\/types\/post"}],"author":[{"embeddable":true,"href":"https:\/\/aconteceunovale.com.br\/portal\/index.php?rest_route=\/wp\/v2\/users\/1"}],"replies":[{"embeddable":true,"href":"https:\/\/aconteceunovale.com.br\/portal\/index.php?rest_route=%2Fwp%2Fv2%2Fcomments&post=39137"}],"version-history":[{"count":0,"href":"https:\/\/aconteceunovale.com.br\/portal\/index.php?rest_route=\/wp\/v2\/posts\/39137\/revisions"}],"wp:featuredmedia":[{"embeddable":true,"href":"https:\/\/aconteceunovale.com.br\/portal\/index.php?rest_route=\/wp\/v2\/media\/12845"}],"wp:attachment":[{"href":"https:\/\/aconteceunovale.com.br\/portal\/index.php?rest_route=%2Fwp%2Fv2%2Fmedia&parent=39137"}],"wp:term":[{"taxonomy":"category","embeddable":true,"href":"https:\/\/aconteceunovale.com.br\/portal\/index.php?rest_route=%2Fwp%2Fv2%2Fcategories&post=39137"},{"taxonomy":"post_tag","embeddable":true,"href":"https:\/\/aconteceunovale.com.br\/portal\/index.php?rest_route=%2Fwp%2Fv2%2Ftags&post=39137"}],"curies":[{"name":"wp","href":"https:\/\/api.w.org\/{rel}","templated":true}]}}