{"id":39125,"date":"2014-09-03T11:07:31","date_gmt":"2014-09-03T14:07:31","guid":{"rendered":"http:\/\/aconteceunovale.com.br\/portal\/?p=39125"},"modified":"2014-09-03T11:10:39","modified_gmt":"2014-09-03T14:10:39","slug":"camara-de-ipatinga-decidira-nesta-quarta-se-vereador-sera-investigado-por-fraude-em-programa-federal","status":"publish","type":"post","link":"https:\/\/aconteceunovale.com.br\/portal\/?p=39125","title":{"rendered":"C\u00e2mara de Ipatinga decidir\u00e1 nesta quarta se vereador ser\u00e1 investigado por fraude em programa federal"},"content":{"rendered":"<p>A C\u00e2mara Municipal de Ipatinga decide nesta quarta-feira (03) se investigar\u00e1 o vereador Saulo Manoel da Silveira (PT), que teve a pris\u00e3o pedida pela Pol\u00edcia Civil. Ele \u00e9 acusado de fraudar o programa federal Minha Casa, Minha Vida, cobrando um \u201cmensal\u00e3o\u201d de poss\u00edveis benefici\u00e1rios. <\/p>\n<p>Se o Legislativo optar pela instala\u00e7\u00e3o de uma Comiss\u00e3o Parlamentar de Inqu\u00e9rito (CPI), o vereador poder\u00e1 perder o mandato. Nesta quarta, o delegado Rodrigo Manh\u00e3es, respons\u00e1vel pelo pedido de pris\u00e3o e pelo indiciamento de outras cinco pessoas, al\u00e9m de Saulo, entrega \u00e0 C\u00e2mara Municipal o inqu\u00e9rito que tramita na Justi\u00e7a.<\/p>\n<p><img decoding=\"async\" src=\"http:\/\/aconteceunovale.com.br\/portal\/wp-content\/uploads\/2014\/09\/ap_minha_casa_minha_vida_ipa.jpg\" alt=\"\" \/><em>Indiciados foram contemplados com apartamentos do programa &#8211; Foto: Leonardo Morais\/Hoje em Dia<\/em><br \/>\n<\/br><\/p>\n<p>Ainda nesta semana, o Minist\u00e9rio P\u00fablico Estadual dever\u00e1 se pronunciar sobre a deten\u00e7\u00e3o dos suspeitos. A Justi\u00e7a de Ipatinga j\u00e1 abriu a possibilidade para que a Promotoria se manifeste sobre o pedido de pris\u00e3o feito pela Pol\u00edcia Civil. No documento, o delegado alega que, mesma ap\u00f3s medida judicial de busca e apreens\u00e3o na Associa\u00e7\u00e3o Habitacional de Ipatinga, utilizada por Saulo, a cobran\u00e7a do \u201cmensal\u00e3o\u201d continuou. Policiais civis compareceram, disfar\u00e7ados, em reuni\u00f5es onde a cobran\u00e7a \u00e9 feita e comprovaram a continuidade da pr\u00e1tica.<\/p>\n<h4>Mandato<\/h4>\n<p>O presidente da C\u00e2mara de Ipatinga, Werley Glic\u00e9rio de Ara\u00fajo, ou Ley do Tr\u00e2nsito (PSD), informou, por meio da assessoria de imprensa, que s\u00f3 ir\u00e1 se manifestar ap\u00f3s ter ci\u00eancia do inqu\u00e9rito.<\/p>\n<p>O documento revela que Saulo, sua chefe de gabinete \u2013 que tamb\u00e9m \u00e9 presidente do PT estadual-, Uz\u00e2nia Aparecida Gomes, e outras quatro pessoas, s\u00e3o acusados de cobrar taxa de poss\u00edveis benefici\u00e1rios do Minha Casa, Minha Vida. De acordo com a pol\u00edcia, eles promoviam reuni\u00f5es mensais, em diversos bairros de Ipatinga, para formar lista de pessoas que seriam contempladas com uma unidade habitacional. Para figurar na lista, os interessados tinham de pagar mensalidades que variavam entre R$ 3 e R$ 10. Testemunhas disseram que, quanto maior a frequ\u00eancia dos pagamentos e maior o valor, mais chances teriam de ser contempladas.<\/p>\n<p>Em depoimento, elas tamb\u00e9m acusaram Saulo e sua equipe de as obrigarem a trabalhar em campanhas eleitorais do parlamentar, gratuitamente. Nem mesmo pessoas desempregadas eram poupadas dos pagamentos.<\/p>\n<p>Todos os indiciados, segundo a Pol\u00edcia, foram contemplados com apartamentos do Minha Casa, Minha Vida. \u201cA substanciosa investiga\u00e7\u00e3o demonstrou que o investigado, Saulo Manoel da Silveira, montou verdadeira organiza\u00e7\u00e3o criminosa e se utilizou e utiliza da Associa\u00e7\u00e3o Habitacional de Ipatinga, da qual foi membro fundador, para, al\u00e9m de captar, indevidamente, votos em \u00e9poca de campanha eleitoral, angariar recursos indevidos, constrangendo e exigindo de pessoas que efetivamente cumprem os requisitos para recebimento de im\u00f3veis do Minha Casa, Minha Vida\u201d, afirmou o delegado ao pedir a pris\u00e3o dos envolvidos.<\/p>\n<p>Saulo n\u00e3o foi encontrado, nessa ter\u00e7a-feira (02), para comentar as den\u00fancias. Uz\u00e2nia \u00e9 procurada desde a \u00faltima sexta-feira no gabinete, mas a informa\u00e7\u00e3o ali \u00e9 a de que sempre \u201cdeu uma saidinha\u201d.<\/p>\n<h4>Programa para pessoa de baixa renda<\/h4>\n<p>O programa federal Minha Casa, Minha Vida \u00e9 destinado a financiar unidade habitacional a pessoas de baixa renda. A modalidade suspeita de fraude em Ipatinga, no Vale do A\u00e7o, \u00e9 a Entidades. Um dos pr\u00e9-requisitos para figurar na lista de benefici\u00e1rios \u00e9 ter renda familiar bruta de at\u00e9 R$ 1,6 mil. N\u00e3o \u00e9 permitido qualquer tipo de cobran\u00e7a de taxa para que interessados se inscrevam, j\u00e1 que se trata de dinheiro p\u00fablico. Em Ipatinga, seis pessoas s\u00e3o suspeitas de cobrarem dinheiro para realizar as inscri\u00e7\u00f5es.<\/p>\n<p><strong>(Hoje em Dia)<\/strong><\/p>\n","protected":false},"excerpt":{"rendered":"<p>A C\u00e2mara Municipal de Ipatinga decide nesta quarta-feira (03) se investigar\u00e1 o vereador Saulo Manoel da Silveira (PT), que teve a pris\u00e3o pedida pela Pol\u00edcia Civil. Ele \u00e9 acusado de fraudar o programa federal Minha Casa, Minha Vida, cobrando um \u201cmensal\u00e3o\u201d de poss\u00edveis benefici\u00e1rios. Se o Legislativo optar pela instala\u00e7\u00e3o de uma Comiss\u00e3o Parlamentar de [&hellip;]<\/p>\n","protected":false},"author":1,"featured_media":39127,"comment_status":"open","ping_status":"closed","sticky":false,"template":"","format":"standard","meta":{"amp_status":"","footnotes":""},"categories":[121],"tags":[15260,1018,15259,201,14902],"class_list":["post-39125","post","type-post","status-publish","format-standard","has-post-thumbnail","hentry","category-leste","tag-camara-de-ipatinga-decidira-nesta-quarta-se-vereador-sera-investigado-por-fraude-em-programa-federal","tag-destaque","tag-fraude-no-programa-minha-casa-minha-vida-em-ipatinga","tag-ipatinga","tag-saulo-manoel-da-silveira"],"_links":{"self":[{"href":"https:\/\/aconteceunovale.com.br\/portal\/index.php?rest_route=\/wp\/v2\/posts\/39125","targetHints":{"allow":["GET"]}}],"collection":[{"href":"https:\/\/aconteceunovale.com.br\/portal\/index.php?rest_route=\/wp\/v2\/posts"}],"about":[{"href":"https:\/\/aconteceunovale.com.br\/portal\/index.php?rest_route=\/wp\/v2\/types\/post"}],"author":[{"embeddable":true,"href":"https:\/\/aconteceunovale.com.br\/portal\/index.php?rest_route=\/wp\/v2\/users\/1"}],"replies":[{"embeddable":true,"href":"https:\/\/aconteceunovale.com.br\/portal\/index.php?rest_route=%2Fwp%2Fv2%2Fcomments&post=39125"}],"version-history":[{"count":0,"href":"https:\/\/aconteceunovale.com.br\/portal\/index.php?rest_route=\/wp\/v2\/posts\/39125\/revisions"}],"wp:featuredmedia":[{"embeddable":true,"href":"https:\/\/aconteceunovale.com.br\/portal\/index.php?rest_route=\/wp\/v2\/media\/39127"}],"wp:attachment":[{"href":"https:\/\/aconteceunovale.com.br\/portal\/index.php?rest_route=%2Fwp%2Fv2%2Fmedia&parent=39125"}],"wp:term":[{"taxonomy":"category","embeddable":true,"href":"https:\/\/aconteceunovale.com.br\/portal\/index.php?rest_route=%2Fwp%2Fv2%2Fcategories&post=39125"},{"taxonomy":"post_tag","embeddable":true,"href":"https:\/\/aconteceunovale.com.br\/portal\/index.php?rest_route=%2Fwp%2Fv2%2Ftags&post=39125"}],"curies":[{"name":"wp","href":"https:\/\/api.w.org\/{rel}","templated":true}]}}