{"id":39121,"date":"2014-09-03T10:54:25","date_gmt":"2014-09-03T13:54:25","guid":{"rendered":"http:\/\/aconteceunovale.com.br\/portal\/?p=39121"},"modified":"2014-09-03T10:58:14","modified_gmt":"2014-09-03T13:58:14","slug":"onibus-tomba-e-mata-crianca-de-um-ano-e-meio-na-br-265-em-minas-gerais","status":"publish","type":"post","link":"https:\/\/aconteceunovale.com.br\/portal\/?p=39121","title":{"rendered":"\u00d4nibus tomba e mata crian\u00e7a de um ano e meio na BR-265, em Minas Gerais"},"content":{"rendered":"<h4><em><strong>V\u00e1rias pessoas foram socorridas com ferimentos. O tombamento ocorreu na altura do quil\u00f4metro 267 da BR-265<\/strong><\/em><\/h4>\n<p>Uma crian\u00e7a de um ano e meio morreu na manh\u00e3 desta quarta-feira (3) em S\u00e3o Jo\u00e3o Del-Rey, na Regi\u00e3o Central de Minas Gerais. De acordo com o Corpo de Bombeiros, a menina estava em um \u00f4nibus da Via\u00e7\u00e3o Gard\u00eania que tombou na BR-265, altura do km 267. Chovia no momento do acidente. <\/p>\n<p>Segundo os militares, a crian\u00e7a estava no colo de um adulto, ainda n\u00e3o identificado. V\u00e1rias pessoas foram socorridas com ferimentos por ambul\u00e2ncias dos bombeiros, Servi\u00e7o de Atendimento M\u00f3vel de Urg\u00eancia (Samu) e carros particulares. <\/p>\n<p>O acidente aconteceu por volta de 6h15. O coletivo, que fazia o trajeto S\u00e3o Paulo\/Barbacena, transportava 22 passageiros, al\u00e9m do motorista. A crian\u00e7a que morreu foi arremessada para fora do \u00f4nibus, ficando debaixo do veiculo no tombamento. <\/p>\n<p>Cinco pessoas ficaram presas \u00e0s ferragens e foram resgatadas pelos bombeiros. Todos os feridos foram encaminhados para a Santa Casa de Miseric\u00f3rdia de Barbacena, Hospital Nossa Senhora das Merc\u00eas e UPA de Barbacena.<\/p>\n<p><img decoding=\"async\" src=\"http:\/\/aconteceunovale.com.br\/portal\/wp-content\/uploads\/2014\/09\/acidente_gardenia.jpg\" alt=\"\" \/><em>O coletivo fazia o trajeto S\u00e3o Paulo\/Barbacena e transportava 22 passageiros &#8211; Foto: Barroso em Dia<\/em><br \/>\n<\/br><\/p>\n<p><strong>(Estado de Minas)<\/strong><\/p>\n","protected":false},"excerpt":{"rendered":"<p>V\u00e1rias pessoas foram socorridas com ferimentos. O tombamento ocorreu na altura do quil\u00f4metro 267 da BR-265 Uma crian\u00e7a de um ano e meio morreu na manh\u00e3 desta quarta-feira (3) em S\u00e3o Jo\u00e3o Del-Rey, na Regi\u00e3o Central de Minas Gerais. De acordo com o Corpo de Bombeiros, a menina estava em um \u00f4nibus da Via\u00e7\u00e3o Gard\u00eania [&hellip;]<\/p>\n","protected":false},"author":1,"featured_media":39122,"comment_status":"open","ping_status":"closed","sticky":false,"template":"","format":"standard","meta":{"amp_status":"","footnotes":""},"categories":[123],"tags":[15254,15255,15257,193,15256,15258,15253,2382],"class_list":["post-39121","post","type-post","status-publish","format-standard","has-post-thumbnail","hentry","category-gerais","tag-acidente-com-onibus-da-gardenia-em-sao-joao-del-rey","tag-acidente-com-onibus-da-gardenia-que-ia-de-sao-paulo-para-barbacena","tag-acidente-com-onibus-da-viacao-gardenia","tag-barbacena","tag-o-coletivo-fazia-o-trajeto-sao-paulobarbacena-e-transportava-22-passageiros","tag-onibus-tomba-e-mata-crianca-de-um-ano-e-meio-na-br-265-em-minas-gerais","tag-sao-joao-del-rey","tag-sao-paulo"],"_links":{"self":[{"href":"https:\/\/aconteceunovale.com.br\/portal\/index.php?rest_route=\/wp\/v2\/posts\/39121","targetHints":{"allow":["GET"]}}],"collection":[{"href":"https:\/\/aconteceunovale.com.br\/portal\/index.php?rest_route=\/wp\/v2\/posts"}],"about":[{"href":"https:\/\/aconteceunovale.com.br\/portal\/index.php?rest_route=\/wp\/v2\/types\/post"}],"author":[{"embeddable":true,"href":"https:\/\/aconteceunovale.com.br\/portal\/index.php?rest_route=\/wp\/v2\/users\/1"}],"replies":[{"embeddable":true,"href":"https:\/\/aconteceunovale.com.br\/portal\/index.php?rest_route=%2Fwp%2Fv2%2Fcomments&post=39121"}],"version-history":[{"count":0,"href":"https:\/\/aconteceunovale.com.br\/portal\/index.php?rest_route=\/wp\/v2\/posts\/39121\/revisions"}],"wp:featuredmedia":[{"embeddable":true,"href":"https:\/\/aconteceunovale.com.br\/portal\/index.php?rest_route=\/wp\/v2\/media\/39122"}],"wp:attachment":[{"href":"https:\/\/aconteceunovale.com.br\/portal\/index.php?rest_route=%2Fwp%2Fv2%2Fmedia&parent=39121"}],"wp:term":[{"taxonomy":"category","embeddable":true,"href":"https:\/\/aconteceunovale.com.br\/portal\/index.php?rest_route=%2Fwp%2Fv2%2Fcategories&post=39121"},{"taxonomy":"post_tag","embeddable":true,"href":"https:\/\/aconteceunovale.com.br\/portal\/index.php?rest_route=%2Fwp%2Fv2%2Ftags&post=39121"}],"curies":[{"name":"wp","href":"https:\/\/api.w.org\/{rel}","templated":true}]}}